{"id":632782,"date":"2025-12-31T19:39:11","date_gmt":"2025-12-31T19:39:11","guid":{"rendered":"https:\/\/www.europesays.com\/fr\/632782\/"},"modified":"2025-12-31T19:39:11","modified_gmt":"2025-12-31T19:39:11","slug":"le-village-de-valfleury-sous-le-choc","status":"publish","type":"post","link":"https:\/\/www.europesays.com\/fr\/632782\/","title":{"rendered":"le village de Valfleury sous le choc"},"content":{"rendered":"<p>Dans la nuit du lundi\u00a029 au 30\u00a0d\u00e9cembre, une m\u00e8re de famille perdait la vie dans un accident de la route, sur la M7 \u00e0 Lyon. \u00c2g\u00e9e de 48 ans, elle reprenait la route pour rentrer \u00e0 Valfleury dans la Loire, apr\u00e8s avoir f\u00eat\u00e9 l\u2019anniversaire de son mari. Le couple a \u00e9t\u00e9 violemment percut\u00e9, par l\u2019arri\u00e8re, par un v\u00e9hicule qui serait arriv\u00e9 \u00e0 vive \u00e0 allure, dans une zone limit\u00e9e \u00e0 50\u00a0km\/h.<\/p>\n<p>Trois autres personnes ont \u00e9t\u00e9 bless\u00e9es dans&#8230;<\/p>\n","protected":false},"excerpt":{"rendered":"Dans la nuit du lundi\u00a029 au 30\u00a0d\u00e9cembre, une m\u00e8re de famille perdait la vie dans un accident de&hellip;\n","protected":false},"author":2,"featured_media":632783,"comment_status":"","ping_status":"","sticky":false,"template":"","format":"standard","meta":{"footnotes":""},"categories":[1889],"tags":[119,1111,11,2430,7539,1777,674,274,107,1011,27,3367,2428,12,25,2429,24224,74112],"class_list":{"0":"post-632782","1":"post","2":"type-post","3":"status-publish","4":"format-standard","5":"has-post-thumbnail","7":"category-lyon","8":"tag-accident","9":"tag-actu","10":"tag-actualites","11":"tag-auvergne-rhone-alpes","12":"tag-edition-loire-sud","13":"tag-eu","14":"tag-europe","15":"tag-faits-divers-justice","16":"tag-fil-info","17":"tag-fr","18":"tag-france","19":"tag-loire","20":"tag-lyon","21":"tag-news","22":"tag-republique-francaise","23":"tag-rhone","24":"tag-saint-chamond-bassin","25":"tag-valfleury"},"share_on_mastodon":{"url":"https:\/\/pubeurope.com\/@fr\/115815878638592020","error":""},"_links":{"self":[{"href":"https:\/\/www.europesays.com\/fr\/wp-json\/wp\/v2\/posts\/632782","targetHints":{"allow":["GET"]}}],"collection":[{"href":"https:\/\/www.europesays.com\/fr\/wp-json\/wp\/v2\/posts"}],"about":[{"href":"https:\/\/www.europesays.com\/fr\/wp-json\/wp\/v2\/types\/post"}],"author":[{"embeddable":true,"href":"https:\/\/www.europesays.com\/fr\/wp-json\/wp\/v2\/users\/2"}],"replies":[{"embeddable":true,"href":"https:\/\/www.europesays.com\/fr\/wp-json\/wp\/v2\/comments?post=632782"}],"version-history":[{"count":0,"href":"https:\/\/www.europesays.com\/fr\/wp-json\/wp\/v2\/posts\/632782\/revisions"}],"wp:featuredmedia":[{"embeddable":true,"href":"https:\/\/www.europesays.com\/fr\/wp-json\/wp\/v2\/media\/632783"}],"wp:attachment":[{"href":"https:\/\/www.europesays.com\/fr\/wp-json\/wp\/v2\/media?parent=632782"}],"wp:term":[{"taxonomy":"category","embeddable":true,"href":"https:\/\/www.europesays.com\/fr\/wp-json\/wp\/v2\/categories?post=632782"},{"taxonomy":"post_tag","embeddable":true,"href":"https:\/\/www.europesays.com\/fr\/wp-json\/wp\/v2\/tags?post=632782"}],"curies":[{"name":"wp","href":"https:\/\/api.w.org\/{rel}","templated":true}]}}