{"id":632784,"date":"2025-12-31T19:41:12","date_gmt":"2025-12-31T19:41:12","guid":{"rendered":"https:\/\/www.europesays.com\/fr\/632784\/"},"modified":"2025-12-31T19:41:12","modified_gmt":"2025-12-31T19:41:12","slug":"zone-a-faibles-emissions-du-grand-paris-les-sanctions-ne-tomberont-pas-encore-cette-annee","status":"publish","type":"post","link":"https:\/\/www.europesays.com\/fr\/632784\/","title":{"rendered":"Zone \u00e0 Faibles Emissions du Grand Paris : Les sanctions ne tomberont pas encore cette ann\u00e9e"},"content":{"rendered":"<p>La Zone \u00e0 Faibles \u00c9missions (ZFE) sera encore indolore cette ann\u00e9e dans le Grand Paris. C\u2019est ce qu\u2019a annonc\u00e9 la M\u00e9tropole du Grand Paris (MGP) qui a la responsabilit\u00e9 de la mise en \u0153uvre de ce dispositif qui interdit progressivement la circulation des v\u00e9hicules les plus polluants dans un p\u00e9rim\u00e8tre d\u00e9limit\u00e9 par l\u2019A86 depuis 2019 (et depuis 2017 \u00e0 Paris). Une interdiction qui s\u2019applique th\u00e9oriquement aux v\u00e9hicules class\u00e9s v\u00e9hicules class\u00e9s Crit\u2019Air 3 (v\u00e9hicules essence immatricul\u00e9s avant 2006 et v\u00e9hicules diesel immatricul\u00e9s avant 2011) et plus (Crit\u2019Air 4 et 5). Mais th\u00e9oriquement seulement puisque, cette ann\u00e9e encore, aucune amende ne viendra sanctionner les propri\u00e9taires de ces v\u00e9hicules.<\/p>\n<p><strong>\u00ab Permettre un temps d\u2019adaptation \u00bb<\/strong><\/p>\n<p>Au titre du pouvoir de police qui lui est confi\u00e9 (par l\u2019article 119 de la Loi Climat et R\u00e9silience du 19 juin 2021), Patrick Ollier, le pr\u00e9sident (LR) de la MGP, a d\u00e9cid\u00e9 de prolonger d\u2019une ann\u00e9e (du 1er janvier au 31 d\u00e9cembre 2026) les dispositifs d\u2019accompagnement de l\u2019arr\u00eat\u00e9 ZFE de d\u00e9cembre 2024 qui instaurait une p\u00e9riode \u00ab p\u00e9dagogique \u00bb d\u2019une ann\u00e9e durant laquelle aucune sanction n\u2019\u00e9tait appliqu\u00e9e. Autres dispositifs renouvel\u00e9s en 2026 : le \u00ab Pass ZFE 24H \u00bb permettant aux automobilistes de circuler 24 journ\u00e9es pleines par an sur inscription pr\u00e9alable, et les 22 d\u00e9rogations permettant aux professionnels et acteurs \u00e9conomiques de circuler dans la m\u00e9tropole tout en continuant leur activit\u00e9 (pendant un \u00e0 trois ans).<\/p>\n<p>\u00ab La M\u00e9tropole du Grand Paris reconduit en 2026 une mise en \u0153uvre adapt\u00e9e de la ZFE \u00bb, d\u00e9clare Patrick Ollier. Car \u00ab les outils que nous renouvelons offrent des solutions concr\u00e8tes aux automobilistes, particuliers comme professionnels, pour permettre un temps d\u2019adaptation et d\u2019appropriation de la mesure, afin de garantir une ZFE responsable et raisonnable \u00bb, rappelle l\u2019\u00e9lu pour qui \u00ab la sant\u00e9 publique des habitants reste notre priorit\u00e9 \u00bb, la ZFE ayant vocation \u00e0 r\u00e9duire la pollution de l\u2019air qui causerait plus de 5 000 d\u00e9c\u00e8s pr\u00e9matur\u00e9s chaque ann\u00e9e dans la m\u00e9tropole.<\/p>\n<p><strong>ZFE en sursis<\/strong><\/p>\n<p>Le pr\u00e9sident de la M\u00e9tropole du Grand Paris dit aussi rester \u00ab tr\u00e8s attentif \u00e0 l\u2019\u00e9volution du cadre l\u00e9gislatif et r\u00e9glementaire national \u00bb, <a href=\"https:\/\/www.echoidf.fr\/les-deputes-ont-vote-la-suppression-des-zones-a-faibles-emissions\/\" target=\"_blank\" rel=\"noopener\">les d\u00e9put\u00e9s ayant vot\u00e9, le 28 mai dernier, un amendement au projet de loi de \u00ab Simplification de la vie \u00e9conomique \u00bb pr\u00e9voyant la suppression des ZFE<\/a> (suppression qui reste suspendue au vote de l\u2019ensemble du projet de loi). Car le dispositif suscite des critiques, certains reprochant aux Zones \u00e0 Faibles \u00c9missions d\u2019exclure les automobilistes n\u2019ayant pas les moyens d\u2019acqu\u00e9rir un v\u00e9hicule \u00ab propre \u00bb. Sur ce point, la MGP indique qu\u2019elle va poursuivre ses aides visant \u00e0 permettre aux automobilistes de remplacer leurs v\u00e9hicules anciens par des v\u00e9hicules moins polluants. \u00ab \u00c0 ce jour, le dispositif \u00ab M\u00e9tropole Roule Propre \u00bb a permis d\u2019instruire 9 922 dossiers et d\u2019attribuer pr\u00e8s de 39,78 millions d\u2019euros \u00bb, souligne la M\u00e9tropole du Grand Paris.<\/p>\n","protected":false},"excerpt":{"rendered":"La Zone \u00e0 Faibles \u00c9missions (ZFE) sera encore indolore cette ann\u00e9e dans le Grand Paris. C\u2019est ce qu\u2019a&hellip;\n","protected":false},"author":2,"featured_media":632785,"comment_status":"","ping_status":"","sticky":false,"template":"","format":"standard","meta":{"footnotes":""},"categories":[1592],"tags":[1111,11,7622,436,1777,674,1011,27,6306,662,48648,12,626,5170,25,7185,8755,3888,74113,3533,74114],"class_list":{"0":"post-632784","1":"post","2":"type-post","3":"status-publish","4":"format-standard","5":"has-post-thumbnail","7":"category-ile-de-france","8":"tag-actu","9":"tag-actualites","10":"tag-amendes","11":"tag-environnement","12":"tag-eu","13":"tag-europe","14":"tag-fr","15":"tag-france","16":"tag-grand-paris","17":"tag-ile-de-france","18":"tag-mu00e9tropole-du-grand-paris","19":"tag-news","20":"tag-paris","21":"tag-pollution-de-lair","22":"tag-republique-francaise","23":"tag-sanctions","24":"tag-santu00e9","25":"tag-voitures","26":"tag-vu00e9hicules","27":"tag-zfe","28":"tag-zone-u00e0-faibles-emissions"},"share_on_mastodon":{"url":"https:\/\/pubeurope.com\/@fr\/115815886710260053","error":""},"_links":{"self":[{"href":"https:\/\/www.europesays.com\/fr\/wp-json\/wp\/v2\/posts\/632784","targetHints":{"allow":["GET"]}}],"collection":[{"href":"https:\/\/www.europesays.com\/fr\/wp-json\/wp\/v2\/posts"}],"about":[{"href":"https:\/\/www.europesays.com\/fr\/wp-json\/wp\/v2\/types\/post"}],"author":[{"embeddable":true,"href":"https:\/\/www.europesays.com\/fr\/wp-json\/wp\/v2\/users\/2"}],"replies":[{"embeddable":true,"href":"https:\/\/www.europesays.com\/fr\/wp-json\/wp\/v2\/comments?post=632784"}],"version-history":[{"count":0,"href":"https:\/\/www.europesays.com\/fr\/wp-json\/wp\/v2\/posts\/632784\/revisions"}],"wp:featuredmedia":[{"embeddable":true,"href":"https:\/\/www.europesays.com\/fr\/wp-json\/wp\/v2\/media\/632785"}],"wp:attachment":[{"href":"https:\/\/www.europesays.com\/fr\/wp-json\/wp\/v2\/media?parent=632784"}],"wp:term":[{"taxonomy":"category","embeddable":true,"href":"https:\/\/www.europesays.com\/fr\/wp-json\/wp\/v2\/categories?post=632784"},{"taxonomy":"post_tag","embeddable":true,"href":"https:\/\/www.europesays.com\/fr\/wp-json\/wp\/v2\/tags?post=632784"}],"curies":[{"name":"wp","href":"https:\/\/api.w.org\/{rel}","templated":true}]}}