{"id":632789,"date":"2025-12-31T19:44:11","date_gmt":"2025-12-31T19:44:11","guid":{"rendered":"https:\/\/www.europesays.com\/fr\/632789\/"},"modified":"2025-12-31T19:44:11","modified_gmt":"2025-12-31T19:44:11","slug":"grand-froid-a-paris-benevoles-et-associations-en-premiere-ligne-pour-aider-les-sans-abri","status":"publish","type":"post","link":"https:\/\/www.europesays.com\/fr\/632789\/","title":{"rendered":"Grand froid \u00e0 Paris : b\u00e9n\u00e9voles et associations en premi\u00e8re ligne pour aider les sans-abri"},"content":{"rendered":"\n<p>Nakunzi Fumiasuca, 36 ans, vivait sous une tente dans le nord-est de Paris. \u201cJ\u2019ai appel\u00e9 le 115 \u00e0 6H car j\u2019avais froid. On m\u2019a rappel\u00e9 \u00e0 16 heures pour me dire de venir \u00e0 la Mie de Pain. Ici je dors tranquillement, sans peur de l\u2019ins\u00e9curit\u00e9, et j\u2019ai pu voir un m\u00e9decin\u201d, raconte-t-il.<\/p>\n<p>L\u2019association g\u00e8re le plus gros centre d\u2019h\u00e9bergement d\u2019urgence de Paris, avec 379 lits sur sept \u00e9tages. Elle a pouss\u00e9 les murs pour ajouter 16 lits dans le cadre du plan grand froid activ\u00e9 dimanche \u00e0 Paris, auxquels s\u2019ajoutent dix autres dans un centre pour femmes.<\/p>\n<p>Dans une chambre divis\u00e9e en boxes, des lits superpos\u00e9s ont remplac\u00e9 des lits simples pour faire dormir 8 personnes.<\/p>\n<p>Les nouveaux venus se glissent dans la longue file des 600 personnes qui viennent prendre un repas \u00e0 18 heures. Ce soir-l\u00e0, 12 b\u00e9n\u00e9voles servent le repas, contre huit habituellement.<\/p>\n<p>\u201cCertains b\u00e9n\u00e9voles r\u00e9guliers sont absents, comme des grands-parents retrait\u00e9s qui se consacrent \u00e0 leur famille, mais d\u2019autres, qui veulent faire une action solidaire pendant les f\u00eates, compensent: un homme s\u00e9par\u00e9 vient une ann\u00e9e sur deux quand il n\u2019a pas ses enfants, des parents avec leurs ados\u2026\u201d, explique Heuria Mir, de la Mie de Pain.<\/p>\n<p>Contr\u00f4leuse de gestion de 45 ans et m\u00e8re de deux enfants, Julia vient de changer de travail et n\u2019avait pas de cong\u00e9s: \u201cJe me suis aper\u00e7ue que j\u2019allais \u00eatre seule pendant les vacances et je me suis propos\u00e9e pour No\u00ebl\u201d.<\/p>\n<p>William Warin, cuisinier de 28 ans, est venu avec un ami. \u201cPlut\u00f4t que boire un verre, on fait quelque chose ensemble\u201d, explique-t-il.<\/p>\n<p>Renforcer les maraudes<\/p>\n<p>Le Secours catholique constate aussi une \u00e9volution du b\u00e9n\u00e9volat pendant les vacances. Cent b\u00e9n\u00e9voles ont pass\u00e9 le r\u00e9veillon de No\u00ebl sur une p\u00e9niche avec 600 personnes pr\u00e9caires.<\/p>\n<p>\u201cNous adaptons nos missions pour leur permettre de s\u2019engager. Nous avons de plus en plus de jeunes pris par leur travail, qui donnent un coup de main ponctuel\u201d, explique Didier Duriez, pr\u00e9sident du Secours catholique, soulignant qu\u2019\u00e0 \u201cchaque grande crise, des volontaires r\u00e9pondent pr\u00e9sents\u201d.<\/p>\n<p>Face au froid, l\u2019association a pu gr\u00e2ce \u00e0 eux renforcer les maraudes, tandis que la capacit\u00e9 d\u2019accueil de jour \u00e9tait doubl\u00e9e et les horaires d\u2019ouverture \u00e9tendus en soir\u00e9e.<\/p>\n<p>\u201cD\u00e8s que les temp\u00e9ratures ont chut\u00e9, nous nous sommes mis en ordre de bataille\u201d, explique Claude Girardi, vice-pr\u00e9sident de la Croix Rouge fran\u00e7aise.<\/p>\n<p>Les personnes log\u00e9es dans ses centres d\u2019h\u00e9bergement d\u2019urgence peuvent exceptionnellement y rester en journ\u00e9e alors que d\u2019habitude elles les quittent le matin. \u201cCertains accueils de jour restent ouverts en soir\u00e9e et se transforment en centres de nuit\u201d, explique-t-il.<\/p>\n<p>Ces accueils d\u2019urgence peuvent \u00eatre une porte de sortie de la rue. Ainsi Taha Nouri, 32 ans, arriv\u00e9 de Libye en 2021, vit dehors depuis. Rep\u00e9r\u00e9 lundi par une maraude, il a trouv\u00e9 un lit \u00e0 la Mie de Pain, jusqu\u2019au 5 janvier. \u201cJ\u2019ai pu prendre une douche, bien manger, voir un m\u00e9decin, obtenir des m\u00e9dicaments\u201d, explique ce r\u00e9fugi\u00e9.<\/p>\n<p>\u201cIl peut sortir d\u00e9finitivement de la rue si on l\u2019accompagne vers un h\u00e9bergement p\u00e9renne et un emploi\u201d, assure Tahar Akarkar, directeur adjoint du Refuge de la Mie de Pain. L\u2019association propose des consultations avec des m\u00e9decins retrait\u00e9s b\u00e9n\u00e9voles, des travailleurs sociaux et des dispositifs d\u2019insertion professionnelle.<\/p>\n<p>\u201cSi nous arrivons \u00e0 sortir de la rue, ne serait-ce que deux personnes adress\u00e9es par le plan grand Froid, ce sera une r\u00e9ussite\u201d, estime-t-il.<\/p>\n<p>Lire aussi :<\/p><\/p>\n","protected":false},"excerpt":{"rendered":"Nakunzi Fumiasuca, 36 ans, vivait sous une tente dans le nord-est de Paris. \u201cJ\u2019ai appel\u00e9 le 115 \u00e0&hellip;\n","protected":false},"author":2,"featured_media":632790,"comment_status":"","ping_status":"","sticky":false,"template":"","format":"standard","meta":{"footnotes":""},"categories":[1888],"tags":[11,4733,10263,55919,1777,674,1011,27,3909,662,46432,2673,12,626,73314,25,54442,656],"class_list":{"0":"post-632789","1":"post","2":"type-post","3":"status-publish","4":"format-standard","5":"has-post-thumbnail","7":"category-paris","8":"tag-actualites","9":"tag-associations","10":"tag-benevolat","11":"tag-centre-dhebergement-durgence","12":"tag-eu","13":"tag-europe","14":"tag-fr","15":"tag-france","16":"tag-hebergement-durgence","17":"tag-ile-de-france","18":"tag-maraudes","19":"tag-medecins","20":"tag-news","21":"tag-paris","22":"tag-plan-grand-froid","23":"tag-republique-francaise","24":"tag-secours-catholique","25":"tag-securite"},"share_on_mastodon":{"url":"https:\/\/pubeurope.com\/@fr\/115815898407645324","error":""},"_links":{"self":[{"href":"https:\/\/www.europesays.com\/fr\/wp-json\/wp\/v2\/posts\/632789","targetHints":{"allow":["GET"]}}],"collection":[{"href":"https:\/\/www.europesays.com\/fr\/wp-json\/wp\/v2\/posts"}],"about":[{"href":"https:\/\/www.europesays.com\/fr\/wp-json\/wp\/v2\/types\/post"}],"author":[{"embeddable":true,"href":"https:\/\/www.europesays.com\/fr\/wp-json\/wp\/v2\/users\/2"}],"replies":[{"embeddable":true,"href":"https:\/\/www.europesays.com\/fr\/wp-json\/wp\/v2\/comments?post=632789"}],"version-history":[{"count":0,"href":"https:\/\/www.europesays.com\/fr\/wp-json\/wp\/v2\/posts\/632789\/revisions"}],"wp:featuredmedia":[{"embeddable":true,"href":"https:\/\/www.europesays.com\/fr\/wp-json\/wp\/v2\/media\/632790"}],"wp:attachment":[{"href":"https:\/\/www.europesays.com\/fr\/wp-json\/wp\/v2\/media?parent=632789"}],"wp:term":[{"taxonomy":"category","embeddable":true,"href":"https:\/\/www.europesays.com\/fr\/wp-json\/wp\/v2\/categories?post=632789"},{"taxonomy":"post_tag","embeddable":true,"href":"https:\/\/www.europesays.com\/fr\/wp-json\/wp\/v2\/tags?post=632789"}],"curies":[{"name":"wp","href":"https:\/\/api.w.org\/{rel}","templated":true}]}}