{"id":632793,"date":"2025-12-31T19:46:12","date_gmt":"2025-12-31T19:46:12","guid":{"rendered":"https:\/\/www.europesays.com\/fr\/632793\/"},"modified":"2025-12-31T19:46:12","modified_gmt":"2025-12-31T19:46:12","slug":"poutine-croit-en-la-victoire-de-la-russie-lue-laccuse-de-faire-capoter-les-negociations","status":"publish","type":"post","link":"https:\/\/www.europesays.com\/fr\/632793\/","title":{"rendered":"Poutine \u00ab\u00a0croit\u00a0\u00bb en la victoire de la Russie, l\u2019UE l\u2019accuse de faire capoter les n\u00e9gociations"},"content":{"rendered":"<p>Vous avez rat\u00e9 les derniers \u00e9v\u00e9nements sur la <a href=\"https:\/\/www.20minutes.fr\/monde\/ukraine\/\" class=\"c-link c-link--is-underlined\" target=\"_blank\" rel=\"noopener\">guerre en Ukraine<\/a>\u00a0? 20 Minutes fait le point pour vous tous les soirs. Voici l\u2019essentiel de ce mercredi 31\u00a0d\u00e9cembre, au 1.407e jour du conflit.<\/p>\n<p>Le fait du jour<\/p>\n<p>On peut dire que les v\u0153ux du <a href=\"https:\/\/www.20minutes.fr\/dossier\/nouvel-an\" class=\"c-link c-link--is-underlined\" target=\"_blank\" rel=\"noopener\">Nouvel an<\/a> de <a href=\"https:\/\/www.20minutes.fr\/monde\/vladimir_poutine\/\" class=\"c-link c-link--is-underlined\" target=\"_blank\" rel=\"noopener\">Vladimir Poutine<\/a> sont francs. Le pr\u00e9sident russe a d\u00e9clar\u00e9 ce mercredi, lors de sa traditionnelle allocution t\u00e9l\u00e9vis\u00e9e du 31\u00a0d\u00e9cembre, croire en une \u00ab\u00a0victoire\u00a0\u00bb de la <a href=\"https:\/\/www.20minutes.fr\/monde\/russie\/\" class=\"c-link c-link--is-underlined\" target=\"_blank\" rel=\"noopener\">Russie <\/a>contre l\u2019Ukraine. \u00ab\u00a0Je crois en vous et en notre victoire\u00a0!\u00a0\u00bb a-t-il notamment lanc\u00e9, s\u2019adressant aux soldats russes participant \u00e0 \u00ab\u00a0l\u2019op\u00e9ration militaire sp\u00e9ciale\u00a0\u00bb en Ukraine lanc\u00e9e en f\u00e9vrier\u00a02022. Il a assur\u00e9 que ses troupes combattaient \u00ab\u00a0pour leur terre natale, la v\u00e9rit\u00e9 et la justice\u00a0\u00bb.<\/p>\n<p>Cette allocution marquait symboliquement les vingt-six ans de son arriv\u00e9e au pouvoir\u00a0: le 31\u00a0d\u00e9cembre 1999, son pr\u00e9d\u00e9cesseur, Boris Elstine, avait annonc\u00e9 sa d\u00e9mission et la nomination de Vladimir Poutine comme pr\u00e9sident par int\u00e9rim.<\/p>\n<p>La d\u00e9claration du jour<\/p>\n<blockquote class=\"mx-m@xs mx-xxl@md color-ultramarine c-citation\">\n<p class=\"font-weight-regular@xs text-italic font-source-serif-pro text-l@xs c-citation__content\">\u00ab\u00a0Moscou cherche \u00e0 faire d\u00e9railler les r\u00e9els progr\u00e8s vers la paix de l&rsquo;Ukraine et ses partenaires occidentaux.\u00a0\u00bb<\/p>\n<\/blockquote>\n<p>Les propos de Kaja Kallas, la cheffe de la diplomatie europ\u00e9enne, sont forts. Ils font \u00e9cho aux accusations d\u2019une attaque ukrainienne visant une r\u00e9sidence du pr\u00e9sident Vladimir Poutine. \u00ab\u00a0L\u2019affirmation de la Russie selon laquelle l\u2019Ukraine aurait r\u00e9cemment pris pour cible des sites gouvernementaux cl\u00e9s en Russie a pour but de faire diversion\u00a0\u00bb, a-t-elle averti, \u00e9voquant une tentative de faire \u00ab\u00a0d\u00e9railler\u00a0\u00bb les n\u00e9gociations en cours pour la paix.<\/p>\n<p>L\u2019arm\u00e9e russe a r\u00e9it\u00e9r\u00e9 ce mercredi ses accusations affirmant que l\u2019Ukraine avait attaqu\u00e9 avec des drones une r\u00e9sidence du pr\u00e9sident Vladimir Poutine dans la nuit de dimanche \u00e0 lundi, publiant une vid\u00e9o montrant un appareil qui aurait \u00e9t\u00e9 abattu lors de cette attaque. L\u2019Ukraine a d\u00e9menti de tels actes, <a href=\"https:\/\/www.20minutes.fr\/monde\/ukraine\/4193728-20251230-guerre-ukraine-apres-attaque-presumee-contre-residence-poutine-kiev-attend-preuves\" class=\"c-link c-link--is-underlined\" target=\"_blank\" rel=\"noopener\">pointant une absence de preuve<\/a> et soutenant que Moscou cherchait par ce biais \u00e0 justifier un blocage des n\u00e9gociations pour trouver une issue au conflit d\u00e9clench\u00e9 par l\u2019offensive russe en\u00a02022.<\/p>\n<\/p>\n<p>Le chiffre du jour<\/p>\n<p>Six. C\u2019est le nombre de bless\u00e9s dans des frappes russes cette nuit sur <a href=\"https:\/\/www.20minutes.fr\/dossier\/odessa\" class=\"c-link c-link--is-underlined\" target=\"_blank\" rel=\"noopener\">Odessa<\/a>, ville du sud du pays, d\u2019apr\u00e8s les chiffres des autorit\u00e9s ukrainiennes. Trois enfants, \u00e2g\u00e9s de 7 mois, 8 ans et 14 ans, figurent parmi les bless\u00e9s, a pr\u00e9cis\u00e9 Sergui\u00ef Lyssak, chef de l\u2019administration militaire de la ville, sur les r\u00e9seaux sociaux, et un homme de 42 ans se trouve dans un \u00ab\u00a0\u00e9tat grave\u00a0\u00bb.<\/p>\n<p><a href=\"https:\/\/www.20minutes.fr\/monde\/ukraine\/\" class=\"c-link c-btn c-btn--primary\" target=\"_blank\" rel=\"noopener\">Les derni\u00e8res infos sur la guerre en Ukraine<\/a><\/p>\n<p>Un peu plus t\u00f4t, le gouverneur r\u00e9gional, Oleg Kiper, a affirm\u00e9 que \u00ab\u00a0des drones avaient attaqu\u00e9 des infrastructures r\u00e9sidentielles, logistiques et \u00e9nerg\u00e9tiques dans notre r\u00e9gion\u00a0\u00bb, endommageant des immeubles r\u00e9sidentiels et provoquant des incendies et des coupures d\u2019eau et de chauffage dans certaines parties d\u2019Odessa. Principale ville portuaire de la mer Noire, Odessa subit depuis des semaines une intensification des attaques russes visant les infrastructures \u00e9nerg\u00e9tiques, industrielles et portuaires.<\/p>\n","protected":false},"excerpt":{"rendered":"Vous avez rat\u00e9 les derniers \u00e9v\u00e9nements sur la guerre en Ukraine\u00a0? 20 Minutes fait le point pour vous&hellip;\n","protected":false},"author":2,"featured_media":632794,"comment_status":"","ping_status":"","sticky":false,"template":"","format":"standard","meta":{"footnotes":""},"categories":[1591],"tags":[47,11,1887,33159,131,74,1916,27325,12,39117,23851,1885,1886,132,555,135,134],"class_list":{"0":"post-632793","1":"post","2":"type-post","3":"status-publish","4":"format-standard","5":"has-post-thumbnail","7":"category-russie","8":"tag-actualite","9":"tag-actualites","10":"tag-federation-de-russie","11":"tag-frappes-aeriennes","12":"tag-guerre-en-ukraine","13":"tag-monde","14":"tag-moscou","15":"tag-negociations-de-paix","16":"tag-news","17":"tag-nouvel-an","18":"tag-odessa","19":"tag-russia","20":"tag-russian-federation","21":"tag-russie","22":"tag-union-europeenne-ue","23":"tag-vladimir-poutine","24":"tag-volodymyr-zelensky"},"share_on_mastodon":{"url":"https:\/\/pubeurope.com\/@fr\/115815906234799203","error":""},"_links":{"self":[{"href":"https:\/\/www.europesays.com\/fr\/wp-json\/wp\/v2\/posts\/632793","targetHints":{"allow":["GET"]}}],"collection":[{"href":"https:\/\/www.europesays.com\/fr\/wp-json\/wp\/v2\/posts"}],"about":[{"href":"https:\/\/www.europesays.com\/fr\/wp-json\/wp\/v2\/types\/post"}],"author":[{"embeddable":true,"href":"https:\/\/www.europesays.com\/fr\/wp-json\/wp\/v2\/users\/2"}],"replies":[{"embeddable":true,"href":"https:\/\/www.europesays.com\/fr\/wp-json\/wp\/v2\/comments?post=632793"}],"version-history":[{"count":0,"href":"https:\/\/www.europesays.com\/fr\/wp-json\/wp\/v2\/posts\/632793\/revisions"}],"wp:featuredmedia":[{"embeddable":true,"href":"https:\/\/www.europesays.com\/fr\/wp-json\/wp\/v2\/media\/632794"}],"wp:attachment":[{"href":"https:\/\/www.europesays.com\/fr\/wp-json\/wp\/v2\/media?parent=632793"}],"wp:term":[{"taxonomy":"category","embeddable":true,"href":"https:\/\/www.europesays.com\/fr\/wp-json\/wp\/v2\/categories?post=632793"},{"taxonomy":"post_tag","embeddable":true,"href":"https:\/\/www.europesays.com\/fr\/wp-json\/wp\/v2\/tags?post=632793"}],"curies":[{"name":"wp","href":"https:\/\/api.w.org\/{rel}","templated":true}]}}