{"id":63280,"date":"2025-04-30T02:31:09","date_gmt":"2025-04-30T02:31:09","guid":{"rendered":"https:\/\/www.europesays.com\/fr\/63280\/"},"modified":"2025-04-30T02:31:09","modified_gmt":"2025-04-30T02:31:09","slug":"on-a-un-peu-les-boules-reconnait-cavaliere-apres-paris-fenerbahce","status":"publish","type":"post","link":"https:\/\/www.europesays.com\/fr\/63280\/","title":{"rendered":"\u00abOn a un peu les boules\u00bb, reconna\u00eet Cavali\u00e8re apr\u00e8s Paris-Fenerbahce"},"content":{"rendered":"<p>L\u2019int\u00e9rieur L\u00e9opold Cavali\u00e8re n\u2019a pas cach\u00e9 sa \u00abfrustration\u00bb apr\u00e8s l\u2019\u00e9limination de Paris par Fenerbahce en quarts de finale de l\u2019Euroligue mardi.<\/p>\n<p class=\"fig-paragraph\">L\u00e9opold Cavali\u00e8re, ailier-fort du Paris Basketball apr\u00e8s\u00a0<a href=\"http:\/\/www.lefigaro.fr\/sports\/basket\/basket-le-reve-prend-fin-pour-paris-balaye-par-fenerbahce-et-elimine-de-l-euroligue-20250429\" data-fig-type=\"NewsFlash\" data-gtm-custom-categorie=\"navigation\" data-gtm-custom-action=\"crossclick\" data-gtm-custom-label=\"Contextuel\" data-gtm-event=\"customEventSPE\" data-fig-domain=\"LEFIGARO\" target=\"_blank\" rel=\"noopener\">la d\u00e9faite contre Fenerbahce mardi (88-98)<\/a>\u00a0et l\u2019\u00e9limination en quarts de finale d\u2019Euroligue\u00a0: \u00abIl y a tellement de frustration l\u00e0 tout de suite. C\u2019est compliqu\u00e9 de voir le bon c\u00f4t\u00e9, de se dire que c\u2019est une belle saison, une belle s\u00e9rie malgr\u00e9 les trois d\u00e9faites. On le verra peut-\u00eatre un peu mieux demain, ou apr\u00e8s la saison avec du recul. L\u00e0, c\u2019est le c\u00f4t\u00e9 comp\u00e9titeur qui prend le dessus. On a forc\u00e9ment un peu les boules. On s\u2019est senti au contact toute la s\u00e9rie.<\/p>\n<p>Paris de nouveau invit\u00e9 en Euroligue la saison prochaine\u00a0? Tant que ce n\u2019est pas officiel, je consid\u00e8re que ce n\u2019est pas fait. Mais on a montr\u00e9 qu\u2019on pouvait jouer, qu\u2019on pouvait \u00eatre un produit int\u00e9ressant pour l\u2019Euroligue, au-del\u00e0 du basket. Je pense qu\u2019ils ont tout int\u00e9r\u00eat \u00e0 nous conserver. Maintenant, c\u2019est une ligue ferm\u00e9e, ce sont des d\u00e9cisions prises derri\u00e8re des portes closes. Si on revient dans cette comp\u00e9tition, on aura \u00e0 c\u0153ur de faire au moins aussi bien, ce qui ne sera pas chose facile.\u00bb<\/p>\n","protected":false},"excerpt":{"rendered":"L\u2019int\u00e9rieur L\u00e9opold Cavali\u00e8re n\u2019a pas cach\u00e9 sa \u00abfrustration\u00bb apr\u00e8s l\u2019\u00e9limination de Paris par Fenerbahce en quarts de finale&hellip;\n","protected":false},"author":2,"featured_media":63281,"comment_status":"","ping_status":"","sticky":false,"template":"","format":"standard","meta":{"footnotes":""},"categories":[1888],"tags":[1111,1928,11,1927,2190,1465,1464,2180,2192,814,64,1777,450,2183,674,1011,27,2191,2193,820,2181,2182,12,1926,626,2179,1925,2189,2186,2184,2185,25,1980,2188,2187],"class_list":{"0":"post-63280","1":"post","2":"type-post","3":"status-publish","4":"format-standard","5":"has-post-thumbnail","7":"category-paris","8":"tag-actu","9":"tag-actu-paris","10":"tag-actualites","11":"tag-actualites-paris","12":"tag-asvel","13":"tag-basket","14":"tag-basketball","15":"tag-championnats-deurope","16":"tag-cholet","17":"tag-direct","18":"tag-equipe-de-france","19":"tag-eu","20":"tag-euro","21":"tag-euroligue","22":"tag-europe","23":"tag-fr","24":"tag-france","25":"tag-le-mans","26":"tag-limoges","27":"tag-live","28":"tag-mondial","29":"tag-nba","30":"tag-news","31":"tag-news-paris","32":"tag-paris","33":"tag-paris-basketball","34":"tag-paris-news","35":"tag-photos","36":"tag-play-offs","37":"tag-pro-a","38":"tag-pro-b","39":"tag-republique-francaise","40":"tag-resultats","41":"tag-statistiques","42":"tag-stats"},"share_on_mastodon":{"url":"https:\/\/pubeurope.com\/@fr\/114424570430234885","error":""},"_links":{"self":[{"href":"https:\/\/www.europesays.com\/fr\/wp-json\/wp\/v2\/posts\/63280","targetHints":{"allow":["GET"]}}],"collection":[{"href":"https:\/\/www.europesays.com\/fr\/wp-json\/wp\/v2\/posts"}],"about":[{"href":"https:\/\/www.europesays.com\/fr\/wp-json\/wp\/v2\/types\/post"}],"author":[{"embeddable":true,"href":"https:\/\/www.europesays.com\/fr\/wp-json\/wp\/v2\/users\/2"}],"replies":[{"embeddable":true,"href":"https:\/\/www.europesays.com\/fr\/wp-json\/wp\/v2\/comments?post=63280"}],"version-history":[{"count":0,"href":"https:\/\/www.europesays.com\/fr\/wp-json\/wp\/v2\/posts\/63280\/revisions"}],"wp:featuredmedia":[{"embeddable":true,"href":"https:\/\/www.europesays.com\/fr\/wp-json\/wp\/v2\/media\/63281"}],"wp:attachment":[{"href":"https:\/\/www.europesays.com\/fr\/wp-json\/wp\/v2\/media?parent=63280"}],"wp:term":[{"taxonomy":"category","embeddable":true,"href":"https:\/\/www.europesays.com\/fr\/wp-json\/wp\/v2\/categories?post=63280"},{"taxonomy":"post_tag","embeddable":true,"href":"https:\/\/www.europesays.com\/fr\/wp-json\/wp\/v2\/tags?post=63280"}],"curies":[{"name":"wp","href":"https:\/\/api.w.org\/{rel}","templated":true}]}}