{"id":632814,"date":"2025-12-31T19:59:28","date_gmt":"2025-12-31T19:59:28","guid":{"rendered":"https:\/\/www.europesays.com\/fr\/632814\/"},"modified":"2025-12-31T19:59:28","modified_gmt":"2025-12-31T19:59:28","slug":"un-nouveau-batiment-pour-accueillir-les-joueurs-et-les-competitions","status":"publish","type":"post","link":"https:\/\/www.europesays.com\/fr\/632814\/","title":{"rendered":"un nouveau b\u00e2timent pour accueillir les joueurs et les comp\u00e9titions"},"content":{"rendered":"<p class=\"heading\">&#8230;pour lire la suite, rejoignez notre communaut\u00e9 d&rsquo;abonn\u00e9s<\/p>\n<p class=\"subtitle\">et acc\u00e9dez \u00e0 l&rsquo;int\u00e9gralit\u00e9 de nos articles sur le site et l&rsquo;application mobile<\/p>\n<p class=\"price-detail\">&#13;<br \/>\n\t\t\t\t\t\t\t\t\t\t\t\t\u00e0 partir de 1 \u20ac  le 1er mois, sans engagement de dur\u00e9e&#13;\n\t\t\t\t\t\t\t\t\t\t\t<\/p>\n<p class=\"listSKU\" style=\"display:none\">{&lsquo;skus&rsquo;: [&lsquo;jslswgpremium16&rsquo;]}<\/p>\n<p class=\"google-sub-infos\">Google : 1\u20ac le 1er mois puis 12,99\u20ac<\/p>\n","protected":false},"excerpt":{"rendered":"&#8230;pour lire la suite, rejoignez notre communaut\u00e9 d&rsquo;abonn\u00e9s et acc\u00e9dez \u00e0 l&rsquo;int\u00e9gralit\u00e9 de nos articles sur le site&hellip;\n","protected":false},"author":2,"featured_media":632815,"comment_status":"","ping_status":"","sticky":false,"template":"","format":"standard","meta":{"footnotes":""},"categories":[1415],"tags":[1984,42382,6238,107,1011,27,316,74133,60,1467],"class_list":{"0":"post-632814","1":"post","2":"type-post","3":"status-publish","4":"format-standard","5":"has-post-thumbnail","7":"category-tennis","8":"tag-conseil-municipal","9":"tag-cuisery-bassin","10":"tag-edition-bresse","11":"tag-fil-info","12":"tag-fr","13":"tag-france","14":"tag-politique","15":"tag-simandre","16":"tag-sports","17":"tag-tennis"},"share_on_mastodon":{"url":"https:\/\/pubeurope.com\/@fr\/115815957293502643","error":""},"_links":{"self":[{"href":"https:\/\/www.europesays.com\/fr\/wp-json\/wp\/v2\/posts\/632814","targetHints":{"allow":["GET"]}}],"collection":[{"href":"https:\/\/www.europesays.com\/fr\/wp-json\/wp\/v2\/posts"}],"about":[{"href":"https:\/\/www.europesays.com\/fr\/wp-json\/wp\/v2\/types\/post"}],"author":[{"embeddable":true,"href":"https:\/\/www.europesays.com\/fr\/wp-json\/wp\/v2\/users\/2"}],"replies":[{"embeddable":true,"href":"https:\/\/www.europesays.com\/fr\/wp-json\/wp\/v2\/comments?post=632814"}],"version-history":[{"count":0,"href":"https:\/\/www.europesays.com\/fr\/wp-json\/wp\/v2\/posts\/632814\/revisions"}],"wp:featuredmedia":[{"embeddable":true,"href":"https:\/\/www.europesays.com\/fr\/wp-json\/wp\/v2\/media\/632815"}],"wp:attachment":[{"href":"https:\/\/www.europesays.com\/fr\/wp-json\/wp\/v2\/media?parent=632814"}],"wp:term":[{"taxonomy":"category","embeddable":true,"href":"https:\/\/www.europesays.com\/fr\/wp-json\/wp\/v2\/categories?post=632814"},{"taxonomy":"post_tag","embeddable":true,"href":"https:\/\/www.europesays.com\/fr\/wp-json\/wp\/v2\/tags?post=632814"}],"curies":[{"name":"wp","href":"https:\/\/api.w.org\/{rel}","templated":true}]}}