{"id":632820,"date":"2025-12-31T20:05:11","date_gmt":"2025-12-31T20:05:11","guid":{"rendered":"https:\/\/www.europesays.com\/fr\/632820\/"},"modified":"2025-12-31T20:05:11","modified_gmt":"2025-12-31T20:05:11","slug":"disparition-develyne-leclercq-animatrice-de-tournez-manege-a-74-ans-actualites","status":"publish","type":"post","link":"https:\/\/www.europesays.com\/fr\/632820\/","title":{"rendered":"Disparition d&rsquo;\u00c9velyne Leclercq, animatrice de \u00ab\u00a0Tournez man\u00e8ge!\u00a0\u00bb, \u00e0 74 ans : Actualit\u00e9s"},"content":{"rendered":"<p class=\"lead \">Elle \u00e9tait un pilier de l&rsquo;\u00e9mission \u00ab\u00a0Tournez man\u00e8ge!\u00a0\u00bb, jeu matrimonial embl\u00e9matique des ann\u00e9es 1980-1990 sur TF1: \u00c9velyne Leclercq est d\u00e9c\u00e9d\u00e9e mardi \u00e0 74 ans.<\/p>\n<p class=\"lead \">Elle est morte \u00e0 Grasse (Alpes-Maritimes), \u00ab\u00a0entour\u00e9e de sa famille, des suites d\u2019une tr\u00e8s longue maladie\u00a0\u00bb et avait \u00ab\u00a0affront\u00e9 l\u2019\u00e9preuve avec un courage hors du commun, port\u00e9e jusqu\u2019au bout par l\u2019amour des siens\u00a0\u00bb, a indiqu\u00e9 sa fille C\u00e9line Olive dans un communiqu\u00e9 mercredi \u00e0 l&rsquo;AFP.<\/p>\n<p class=\"lead \">\u00ab\u00a0Evelyne Leclercq enchanta le quotidien de g\u00e9n\u00e9rations de t\u00e9l\u00e9spectateurs. Sa disparition est celle d\u2019une figure de la +Une+, animatrice de quelques-unes des \u00e9missions embl\u00e9matiques des ann\u00e9es 1980 et 1990, qui avait conquis une place dans le c\u0153ur de toutes les familles de France\u00a0\u00bb, lui a rendu hommage dans un communiqu\u00e9 le pr\u00e9sident Emmanuel Macron.<\/p>\n<p class=\"lead \">Le groupe TF1 a salu\u00e9 une \u00ab\u00a0grande dame de la t\u00e9l\u00e9vision fran\u00e7aise\u00a0\u00bb, saluant \u00ab\u00a0sa bienveillance, son humour et son professionnalisme\u00a0\u00bb et encore \u00ab\u00a0sa proximit\u00e9 avec le public\u00a0\u00bb.<\/p>\n<p class=\"lead \">Dans un communiqu\u00e9, Rachida Dati, ministre de la Culture, a estim\u00e9 que la t\u00e9l\u00e9vision fran\u00e7aise perdait \u00ab\u00a0l&rsquo;un de ses visages les plus populaires et attachants\u00a0\u00bb, qui \u00ab\u00a0avait r\u00e9ussi \u00e0 imposer, par sa chaleur et son naturel, une proximit\u00e9 imm\u00e9diate avec les t\u00e9l\u00e9spectateurs\u00a0\u00bb.<\/p>\n<p class=\"lead \">\u00c9velyne Leclercq avait d\u00e9marr\u00e9 comme speakerine pour l&rsquo;ORTF Nice en 1969 \u00e0 17 ans et demi. \u00ab\u00a0On a d\u00fb demander \u00e0 mon papa l&rsquo;autorisation. \u00c7a a \u00e9t\u00e9 le plus gros trac de ma vie\u00a0\u00bb, en direct et sans prompteur, se souvenait-elle.<\/p>\n<p class=\"lead \">Puis elle avait rejoint, comme speakerine \u00e9galement, la premi\u00e8re cha\u00eene d\u00e8s la cr\u00e9ation de TF1 le 6 janvier 1975. En 1976 et 1977, elle avait pr\u00e9sent\u00e9 les qualifications nationales pour le concours de l\u2019Eurovision.<\/p>\n<p class=\"lead \">Mais c&rsquo;est avec \u00ab\u00a0Tournez man\u00e8ge!\u00a0\u00bb qu&rsquo;elle est devenue \u00ab\u00a0animatrice parmi les plus populaires de sa g\u00e9n\u00e9ration\u00a0\u00bb, a soulign\u00e9 TF1. <\/p>\n<p class=\"lead \">Pr\u00e9sent\u00e9e par \u00c9velyne Leclercq avec Fabienne Egal et Simone Garnier, l&rsquo;\u00e9mission \u00e9tait un jeu de rencontres, diffus\u00e9 le midi de 1985 \u00e0 1993. Des hommes et des femmes \u00e9taient assis dans un man\u00e8ge, s\u00e9par\u00e9s par une cloison. Ils se questionnaient sans se voir et ne se d\u00e9couvraient qu&rsquo;\u00e0 la fin.<\/p>\n<p class=\"lead \">Le pianiste Charly Oleg, d\u00e9c\u00e9d\u00e9 en septembre, \u00ab\u00a0avait la s\u00e9quence musicale, Fabienne les c\u00e9libataires, Simone les couples, moi je faisais le lien tout du long, c\u2019\u00e9tait \u00e9norme mais on se marrait. C\u2019est une \u00e9mission qui a plu parce qu\u2019on \u00e9tait vraiment des amis\u00a0\u00bb, se rem\u00e9morait-elle dans Le Parisien.<\/p>\n<p class=\"lead \">\u00ab\u00a0C\u2019\u00e9tait ma grande s\u0153ur cathodique\u00a0\u00bb, a r\u00e9agi Fabienne Egal dans une interview au Parisien. \u00ab\u00a0On s\u2019aimait beaucoup. On \u00e9tait tellement li\u00e9es\u00a0\u00bb, a-t-elle ajout\u00e9, racontant qu&rsquo;elles ne se sont pas perdues de vue depuis leur rencontre en 1976. \u00ab\u00a0On se textotait tous les jours\u00a0\u00bb.  <\/p>\n<p class=\"lead \">\u00ab\u00a0C&rsquo;\u00e9tait l&rsquo;\u00e2ge d&rsquo;or de la t\u00e9l\u00e9vision fran\u00e7aise, cette \u00e9mission a fait le bonheur des Fran\u00e7ais\u00a0\u00bb, a comment\u00e9 pour sa part sur RTL l&rsquo;ancienne animatrice et pr\u00e9sentatrice Denise Fabre, qui l&rsquo;avait bien connue dans les ann\u00e9es 1970.<\/p>\n<p class=\"lead \">\u00c9velyne Leclercq avait coanim\u00e9 \u00ab\u00a0Intervilles\u00a0\u00bb sur TF1 et participait r\u00e9guli\u00e8rement aux \u00ab\u00a0Grosses T\u00eates\u00a0\u00bb sur RTL. Elle avait en outre sorti plusieurs disques comme \u00ab\u00a0Chansons d&rsquo;amour\u00a0\u00bb avec Charly Oleg.<\/p>\n<p class=\"lead \">Elle d\u00e9dica\u00e7ait encore des photos ces derni\u00e8res ann\u00e9es. \u00ab\u00a0J&rsquo;aime bien les gens. Rencontrer les gens dans toute la France, \u00e7a me touche. Je fais un peu partie de leur famille. On a vieilli ensemble\u00a0\u00bb, d\u00e9clarait-elle \u00e0 son ancien groupe TF1.<\/p>\n<p class=\"lead \">Apr\u00e8s l&rsquo;arr\u00eat de \u00ab\u00a0Tournez man\u00e8ge!\u00a0\u00bb, elle avait jou\u00e9 dans des com\u00e9dies et vaudevilles. \u00ab\u00a0J&rsquo;ai \u00e9t\u00e9 tr\u00e8s g\u00e2t\u00e9e comme speakerine, avec plus de 10 millions de t\u00e9l\u00e9spectateurs, ainsi qu&rsquo;avec les six millions de fid\u00e8les qui suivaient l&rsquo;\u00e9mission +Tournez man\u00e8ge!+. Mais le th\u00e9\u00e2tre me procure un bonheur sans fin. Il me donne une reconnaissance imm\u00e9diate, je dois s\u00e9duire jusqu&rsquo;\u00e0 1.000 personnes en direct\u00a0\u00bb, confiait-elle. <\/p>\n<p class=\"lead \">\u00c9velyne Leclercq avait renou\u00e9 avec la t\u00e9l\u00e9 il y a une quinzaine d&rsquo;ann\u00e9es pour un programme de jeu en ligne sur la cha\u00eene Cash TV, puis l&rsquo;\u00e9mission ID Voyance sur IDF1. Elle avait aussi lanc\u00e9 un site de rencontres sur internet.<\/p>\n<p class=\"lead \">Elle restera comme le visage de \u00ab\u00a0Tournez man\u00e8ge!\u00a0\u00bb, dont elle vantait \u00ab\u00a0l&rsquo;authenticit\u00e9\u00a0\u00bb, sans \u00ab\u00a0trucage\u00a0\u00bb ou \u00ab\u00a0censure\u00a0\u00bb. <\/p>\n<p class=\"lead \">\u00ab\u00a0L&rsquo;\u00e9mission a dur\u00e9 huit ans, presque 365 jours sur 365. Elle a accueilli environ 17.000 candidats. Lorsqu&rsquo;elle s&rsquo;est arr\u00eat\u00e9e, nous avons compt\u00e9 42 mariages et 39 b\u00e9b\u00e9s\u00a0\u00bb, avait-elle relev\u00e9 aupr\u00e8s du Monde, admettant \u00ab\u00a0qu&rsquo;en mati\u00e8re de statistiques, le succ\u00e8s a \u00e9t\u00e9 assez faible\u00a0\u00bb.<\/p>\n<p class=\"lead \">\u00ab\u00a0Tournez man\u00e8ge!\u00a0\u00bb avait \u00e9t\u00e9 parodi\u00e9 par d&rsquo;autres poids lourds cathodiques, le trio comique Les Inconnus, qui en avaient fait un sketch intitul\u00e9 \u00ab\u00a0Tournez m\u00e9nages\u00a0\u00bb en 1990.<\/p>\n<p class=\"small font-weight-bold text-gray3 \"> publi\u00e9 le 31 d\u00e9cembre \u00e0 18h59, AFP<\/p>\n<p>                             Partager<\/p>\n","protected":false},"excerpt":{"rendered":"Elle \u00e9tait un pilier de l&rsquo;\u00e9mission \u00ab\u00a0Tournez man\u00e8ge!\u00a0\u00bb, jeu matrimonial embl\u00e9matique des ann\u00e9es 1980-1990 sur TF1: \u00c9velyne Leclercq&hellip;\n","protected":false},"author":2,"featured_media":632821,"comment_status":"","ping_status":"","sticky":false,"template":"","format":"standard","meta":{"footnotes":""},"categories":[1359],"tags":[1971,58,59,1011,27,9555,973,9556],"class_list":{"0":"post-632820","1":"post","2":"type-post","3":"status-publish","4":"format-standard","5":"has-post-thumbnail","7":"category-people","8":"tag-clbrits","9":"tag-divertissement","10":"tag-entertainment","11":"tag-fr","12":"tag-france","13":"tag-mdias","14":"tag-people","15":"tag-tlvision"},"share_on_mastodon":{"url":"https:\/\/pubeurope.com\/@fr\/115815980945308941","error":""},"_links":{"self":[{"href":"https:\/\/www.europesays.com\/fr\/wp-json\/wp\/v2\/posts\/632820","targetHints":{"allow":["GET"]}}],"collection":[{"href":"https:\/\/www.europesays.com\/fr\/wp-json\/wp\/v2\/posts"}],"about":[{"href":"https:\/\/www.europesays.com\/fr\/wp-json\/wp\/v2\/types\/post"}],"author":[{"embeddable":true,"href":"https:\/\/www.europesays.com\/fr\/wp-json\/wp\/v2\/users\/2"}],"replies":[{"embeddable":true,"href":"https:\/\/www.europesays.com\/fr\/wp-json\/wp\/v2\/comments?post=632820"}],"version-history":[{"count":0,"href":"https:\/\/www.europesays.com\/fr\/wp-json\/wp\/v2\/posts\/632820\/revisions"}],"wp:featuredmedia":[{"embeddable":true,"href":"https:\/\/www.europesays.com\/fr\/wp-json\/wp\/v2\/media\/632821"}],"wp:attachment":[{"href":"https:\/\/www.europesays.com\/fr\/wp-json\/wp\/v2\/media?parent=632820"}],"wp:term":[{"taxonomy":"category","embeddable":true,"href":"https:\/\/www.europesays.com\/fr\/wp-json\/wp\/v2\/categories?post=632820"},{"taxonomy":"post_tag","embeddable":true,"href":"https:\/\/www.europesays.com\/fr\/wp-json\/wp\/v2\/tags?post=632820"}],"curies":[{"name":"wp","href":"https:\/\/api.w.org\/{rel}","templated":true}]}}