{"id":632824,"date":"2025-12-31T20:08:13","date_gmt":"2025-12-31T20:08:13","guid":{"rendered":"https:\/\/www.europesays.com\/fr\/632824\/"},"modified":"2025-12-31T20:08:13","modified_gmt":"2025-12-31T20:08:13","slug":"cnews-cest-bientot-fini-apres-larret-de-c8-la-chaine-dinformation-sanctionnee-a-cause-cette-sequence-infamante","status":"publish","type":"post","link":"https:\/\/www.europesays.com\/fr\/632824\/","title":{"rendered":"CNews c\u2019est bient\u00f4t fini ? Apr\u00e8s l\u2019arr\u00eat de C8, la cha\u00eene d\u2019information sanctionn\u00e9e \u00e0 cause cette s\u00e9quence \u00ab\u00a0infamante\u00a0\u00bb"},"content":{"rendered":"<p>Alors que C8 a perdu son autorisation d&rsquo;\u00e9mettre en 2024,<br \/>\n<a href=\"https:\/\/www.mariefrance.fr\/tele\/trop-kebabs-france-reportage-complement-denquete-couple-retraites-fan-cnews-choque-racisme-decomplexe-1223032.html\" target=\"_blank\" rel=\"noopener\">CNews<\/a> pourrait conna\u00eetre le m\u00eame<br \/>\nsort. D\u00e9j\u00e0 sanctionn\u00e9e \u00e0 plusieurs reprises, la cha\u00eene vient une<br \/>\nnouvelle fois de recevoir une <strong>mise en demeure par le<br \/>\ngendarme de l&rsquo;audiovisuel<\/strong>, l&rsquo;Arcom. Une situation qui<br \/>\npourrait bien sceller le sort de CNews qui continue malgr\u00e9 tout de<br \/>\nbattre des records d&rsquo;audience.<\/p>\n<p>D\u2019apr\u00e8s les donn\u00e9es de M\u00e9diam\u00e9trie, publi\u00e9es lundi, en 2025,<br \/>\n<strong>CNews s\u2019est hiss\u00e9e en t\u00eate des cha\u00eenes<br \/>\nd\u2019information<\/strong> en France, atteignant 3,4 % de part<br \/>\nd\u2019audience, devant BFMTV \u00e0 2,8 %. Il s\u2019agit d\u2019une premi\u00e8re : la<br \/>\ncha\u00eene, appartenant \u00e0 l\u2019homme d\u2019affaires Vincent Bollor\u00e9, devient<br \/>\nseule leader des audiences sur une ann\u00e9e enti\u00e8re. Les scandales \u00e0<br \/>\nr\u00e9p\u00e9tition ne semblent donc pas \u00e9loigner le public.<\/p>\n<p>CNews avertie par l&rsquo;Arcom<\/p>\n<p>CNews cl\u00f4t donc l\u2019ann\u00e9e 2025 avec des audiences en hausse, mais<br \/>\n\u00e9galement avec deux avertissements. <strong>L\u2019Arcom<\/strong>,<br \/>\nautorit\u00e9 de r\u00e9gulation de l\u2019audiovisuel, <strong>a adress\u00e9 une mise<br \/>\nen demeure \u00e0 la cha\u00eene<\/strong> \u2014 pourtant premi\u00e8re cha\u00eene<br \/>\nd\u2019information en 2025 \u2014 en raison de propos diffus\u00e9s \u00e0 l\u2019antenne<br \/>\nsur l\u2019immigration et l\u2019islam lors de deux s\u00e9quences jug\u00e9es<br \/>\nsusceptibles d\u2019inciter \u00e0 la \u00ab\u00a0discrimination\u00a0\u00bb, selon une<br \/>\nd\u00e9cision publi\u00e9e mardi 30 d\u00e9cembre au Journal officiel.<\/p>\n<p>La premi\u00e8re concerne une s\u00e9quence diffus\u00e9e le 29 janvier dans<br \/>\nl&rsquo;\u00e9mission La grande interview.\u00a0La maire de<br \/>\nRomans-sur-Is\u00e8re (Dr\u00f4me), Marie-H\u00e9l\u00e8ne Thoraval, avait affirm\u00e9 que<br \/>\nles attaques au couteau rel\u00e8veraient \u00ab\u00a0d\u2019un caract\u00e8re<br \/>\nculturel\u00a0\u00bb, leurs auteurs n\u2019\u00e9tant pas \u00ab\u00a0Fran\u00e7ais de<br \/>\nsouche\u00a0\u00bb et ayant <strong>\u00ab\u00a0des origines qui sont plus li\u00e9es<br \/>\navec (\u2026) l\u2019islam\u00a0\u00bb<\/strong>. Dans une d\u00e9cision rendue le 17<br \/>\nd\u00e9cembre, l\u2019Arcom a jug\u00e9 qu\u2019\u00a0\u00bbune telle stigmatisation\u00a0\u00bb,<br \/>\nqui n&rsquo;avait pas suscit\u00e9 de r\u00e9action de la part de l\u2019animatrice<br \/>\nSonia Mabrouk, \u00e9tait <strong>\u00ab\u00a0de nature \u00e0 encourager des<br \/>\ncomportements discriminatoires\u00a0\u00bb<\/strong>.<\/p>\n<p><img loading=\"lazy\" decoding=\"async\" aria-describedby=\"caption-attachment-1232614\" itemprop=\"thumbnailUrl\" class=\"wp-image-1232614 img-responsive size-full\" src=\"https:\/\/www.europesays.com\/fr\/wp-content\/uploads\/2025\/12\/1-116.jpg\" alt=\"Marie-H\u00e9l\u00e8ne Thoraval\" width=\"1280\" height=\"720\"\/><br \/>\n\u00a9<br \/>\nCNews<\/p>\n<p id=\"caption-attachment-1232614\" class=\"wp-caption-text\">L&rsquo;Arcom<br \/>\nsanctionne CNews pour les propos tenus par Marie-H\u00e9l\u00e8ne<br \/>\nThoraval.<\/p>\n<p>L&rsquo;Arcom sanctionne CNews une deuxi\u00e8me fois<\/p>\n<p>CNews a fait l&rsquo;objet d&rsquo;un deuxi\u00e8me avertissement, pour une<br \/>\ns\u00e9quence que la cha\u00eene a diffus\u00e9 le 20 mars cette fois. Lors de<br \/>\nl\u2019\u00e9mission Morandini Live, le journaliste du m\u00e9dia<br \/>\nd\u2019extr\u00eame droite Fronti\u00e8res, Jordan Florentin, a d\u00e9crit<br \/>\n<strong>les personnes immigr\u00e9es<\/strong> comme des<br \/>\n\u00ab\u00a0masses\u00a0\u00bb qui <strong>\u00ab\u00a0ne peuvent pas forc\u00e9ment<br \/>\ns\u2019acclimater avec nos valeurs<\/strong>, nos m\u0153urs et notre<br \/>\nculture\u00a0\u00bb, estimant que leur arriv\u00e9e en France entra\u00eenerait un<br \/>\n\u00ab\u00a0grand remplacement\u00a0\u00bb.<\/p>\n<p>Dans son analyse, l\u2019Arcom a consid\u00e9r\u00e9 que \u00ab\u00a0ces propos<br \/>\nv\u00e9hiculent <strong>de nombreux st\u00e9r\u00e9otypes particuli\u00e8rement<br \/>\ninfamants \u00e0 l\u2019\u00e9gard des personnes immigr\u00e9es<\/strong> dans leur<br \/>\nensemble, de nature \u00e0 encourager des comportements discriminatoires<br \/>\n\u00e0 leur \u00e9gard en raison de leur nationalit\u00e9 ou de leur<br \/>\norigine\u00a0\u00bb. Le r\u00e9gulateur souligne \u00e9galement que, \u00ab\u00a0si ces<br \/>\npropos ont \u00e9t\u00e9 en partie contredits, cette contradiction n\u2019a pas<br \/>\n\u00e9t\u00e9 suffisante\u00a0\u00bb et que <a href=\"https:\/\/www.mariefrance.fr\/actualite\/jean-marc-morandini-devant-la-justice-le-recit-glacant-des-plaignants-il-me-regardait-comme-un-bonbon-676052.html\" target=\"_blank\" rel=\"noopener\">Jean-Marc Morandini<\/a>, animateur<br \/>\nde l\u2019\u00e9mission, \u00ab\u00a0a pris le parti de la personne les ayant<br \/>\ntenus\u00a0\u00bb.<\/p>\n<p><img loading=\"lazy\" decoding=\"async\" aria-describedby=\"caption-attachment-1232617\" class=\"wp-image-1232617 img-responsive size-full\" src=\"https:\/\/www.europesays.com\/fr\/wp-content\/uploads\/2025\/12\/4-42.jpg\" alt=\"Jean-Marc Morandini\" width=\"1280\" height=\"720\"\/><br \/>\n\u00a9<br \/>\nCNews<\/p>\n<p id=\"caption-attachment-1232617\" class=\"wp-caption-text\">\nJean-Marc Morandini rappel\u00e9 \u00e0 l&rsquo;ordre par l&rsquo;Arcom.<\/p>\n<p>Une mise en demeure avant une fermeture<br \/>\nd\u00e9finitive ?<\/p>\n<p>Le r\u00e9gulateur pr\u00e9cise que <strong>la mise en demeure correspond<br \/>\n\u00e0 un avertissement formel<\/strong> et qu\u2019en cas de nouvel \u00e9cart aux<br \/>\nobligations de diffusion garantissant le respect du principe de<br \/>\nnon-discrimination, elle peut conduire \u00e0 <strong>une sanction<br \/>\nfinanci\u00e8re<\/strong>. Sollicit\u00e9e par l\u2019AFP, la cha\u00eene appartenant au<br \/>\nmilliardaire Vincent Bollor\u00e9 n\u2019a pas souhait\u00e9 r\u00e9agir dans<br \/>\nl\u2019imm\u00e9diat \u00e0 la d\u00e9cision de l\u2019Arcom.<\/p>\n<p><img loading=\"lazy\" decoding=\"async\" aria-describedby=\"caption-attachment-1232615\" class=\"wp-image-1232615 img-responsive size-full\" src=\"https:\/\/www.europesays.com\/fr\/wp-content\/uploads\/2025\/12\/2-113.jpg\" alt=\"Un micro CNews\" width=\"1280\" height=\"720\"\/> \u00a9<br \/>\nShutterstock\/ToninT<\/p>\n<p id=\"caption-attachment-1232615\" class=\"wp-caption-text\">Les<br \/>\nsanctions se multiplient contre CNews.<\/p>\n<p>Pour rappel, depuis 2017, l\u2019Arcom n\u2019a prononc\u00e9 que huit<br \/>\nsanctions financi\u00e8res \u00e0 l\u2019encontre des cha\u00eenes d\u2019information en<br \/>\ncontinu. Elles concernent toutes CNews, dont la plus lourde,<br \/>\ninflig\u00e9e le 17 mars 2021, s\u2019\u00e9l\u00e8ve \u00e0 200 000 euros. <a href=\"https:\/\/www.mariefrance.fr\/tele\/trop-kebabs-france-reportage-complement-denquete-couple-retraites-fan-cnews-choque-racisme-decomplexe-1223032.html\" target=\"_blank\" rel=\"noopener\">La cha\u00eene du groupe Bollor\u00e9<\/a><br \/>\ncumule par ailleurs <strong>49 rappels \u00e0 l\u2019ordre depuis sa<br \/>\ncr\u00e9ation<\/strong>, parmi lesquels figurent onze mises en garde et<br \/>\n<strong>six mises en demeure<\/strong>, selon les communiqu\u00e9s mis en<br \/>\nligne. Une accumulation de sanctions qui pourrait un jour conduire<br \/>\n\u00e0 une interdiction d\u00e9finitive d&rsquo;\u00e9mettre.<\/p>\n","protected":false},"excerpt":{"rendered":"Alors que C8 a perdu son autorisation d&rsquo;\u00e9mettre en 2024, CNews pourrait conna\u00eetre le m\u00eame sort. D\u00e9j\u00e0 sanctionn\u00e9e&hellip;\n","protected":false},"author":2,"featured_media":632825,"comment_status":"","ping_status":"","sticky":false,"template":"","format":"standard","meta":{"footnotes":""},"categories":[1356],"tags":[21303,58,59,1011,27,252,1364],"class_list":{"0":"post-632824","1":"post","2":"type-post","3":"status-publish","4":"format-standard","5":"has-post-thumbnail","7":"category-television","8":"tag-buzz_nonli","9":"tag-divertissement","10":"tag-entertainment","11":"tag-fr","12":"tag-france","13":"tag-television","14":"tag-tv"},"share_on_mastodon":{"url":"https:\/\/pubeurope.com\/@fr\/115815993061302269","error":""},"_links":{"self":[{"href":"https:\/\/www.europesays.com\/fr\/wp-json\/wp\/v2\/posts\/632824","targetHints":{"allow":["GET"]}}],"collection":[{"href":"https:\/\/www.europesays.com\/fr\/wp-json\/wp\/v2\/posts"}],"about":[{"href":"https:\/\/www.europesays.com\/fr\/wp-json\/wp\/v2\/types\/post"}],"author":[{"embeddable":true,"href":"https:\/\/www.europesays.com\/fr\/wp-json\/wp\/v2\/users\/2"}],"replies":[{"embeddable":true,"href":"https:\/\/www.europesays.com\/fr\/wp-json\/wp\/v2\/comments?post=632824"}],"version-history":[{"count":0,"href":"https:\/\/www.europesays.com\/fr\/wp-json\/wp\/v2\/posts\/632824\/revisions"}],"wp:featuredmedia":[{"embeddable":true,"href":"https:\/\/www.europesays.com\/fr\/wp-json\/wp\/v2\/media\/632825"}],"wp:attachment":[{"href":"https:\/\/www.europesays.com\/fr\/wp-json\/wp\/v2\/media?parent=632824"}],"wp:term":[{"taxonomy":"category","embeddable":true,"href":"https:\/\/www.europesays.com\/fr\/wp-json\/wp\/v2\/categories?post=632824"},{"taxonomy":"post_tag","embeddable":true,"href":"https:\/\/www.europesays.com\/fr\/wp-json\/wp\/v2\/tags?post=632824"}],"curies":[{"name":"wp","href":"https:\/\/api.w.org\/{rel}","templated":true}]}}