{"id":632827,"date":"2025-12-31T20:10:10","date_gmt":"2025-12-31T20:10:10","guid":{"rendered":"https:\/\/www.europesays.com\/fr\/632827\/"},"modified":"2025-12-31T20:10:10","modified_gmt":"2025-12-31T20:10:10","slug":"netflix-frappe-fort-avec-ce-long-metrage","status":"publish","type":"post","link":"https:\/\/www.europesays.com\/fr\/632827\/","title":{"rendered":"Netflix frappe fort avec ce long-m\u00e9trage"},"content":{"rendered":"<p itemprop=\"description\">Sorti il y a 20 ans, ce film ne laisse<br \/>\npersonne indiff\u00e9rent. Et sur Netflix, les t\u00e9l\u00e9spectateurs restent<br \/>\nencore sans voix.<\/p>\n<p>Depuis deux d\u00e9cennies, rares sont <strong>les films de<br \/>\nscience-fiction<\/strong> capables de marquer durablement<br \/>\nl\u2019imaginaire collectif. Pourtant, certains titres traversent le<br \/>\ntemps sans perdre de leur force, continuant de fasciner de<br \/>\nnouvelles g\u00e9n\u00e9rations de spectateurs. C\u2019est pr\u00e9cis\u00e9ment le cas de<br \/>\n<strong>Je suis une l\u00e9gende<\/strong>, r\u00e9cemment remis en<br \/>\nlumi\u00e8re sur Netflix, et que beaucoup consid\u00e8rent aujourd\u2019hui comme<br \/>\nl\u2019un des sommets du genre au XXI\u1d49 si\u00e8cle.<\/p>\n<p>Sorti en 2007 sous la direction de Francis Lawrence, le<br \/>\nlong-m\u00e9trage adapte librement le roman culte de Richard Matheson,<br \/>\nr\u00e9f\u00e9rence absolue de la litt\u00e9rature d\u2019anticipation. D\u00e8s ses<br \/>\npremi\u00e8res minutes, le film impose une atmosph\u00e8re saisissante : une<br \/>\nm\u00e9gapole vid\u00e9e de ses habitants, une nature qui reprend ses droits<br \/>\net un silence pesant, presque assourdissant. Une vision<br \/>\npost-apocalyptique qui, \u00e0 l\u2019\u00e9poque d\u00e9j\u00e0, avait frapp\u00e9 les<br \/>\nesprits.<\/p>\n<p>Ce long-m\u00e9trage fait parler de lui pr\u00e8s de 20 ans apr\u00e8s sa<br \/>\nsortie<\/p>\n<p>Au centre de ce monde d\u00e9vast\u00e9, <strong>Will Smith campe Robert<br \/>\nNeville,<\/strong> scientifique de haut niveau devenu, contre toute<br \/>\nattente, l\u2019un des derniers survivants d\u2019une pand\u00e9mie mondiale.<br \/>\nImmunis\u00e9 par une anomalie g\u00e9n\u00e9tique, il erre dans un New York<br \/>\nfant\u00f4me, tentant de maintenir une routine pour ne pas sombrer dans<br \/>\nla folie. Chaque jour, il lance des messages radio dans l\u2019espoir de<br \/>\ncapter une voix humaine.<\/p>\n<p>Chaque nuit, il se terre, conscient que l\u2019obscurit\u00e9 n\u2019est jamais<br \/>\nvraiment vide. Car Neville n\u2019est pas seul. Les victimes du virus<br \/>\nont mut\u00e9 en cr\u00e9atures hostiles, tapies dans l\u2019ombre, observant,<br \/>\napprenant, attendant. Cette tension permanente, entre isolement<br \/>\nabsolu et menace constante, conf\u00e8re au film une dimension presque<br \/>\nhorrifique, sans jamais renoncer \u00e0 sa profondeur \u00e9motionnelle. Le<br \/>\nr\u00e9cit ne se contente pas de d\u00e9peindre une <a href=\"https:\/\/www.bibamagazine.fr\/culture\/livres\/vraiment-excellentagrippee-au-livre-cette-serie-netflix-sinspire-dun-thriller-policier-scandinave-qui-cartonne-depuis-2012-499367.html\" target=\"_blank\" rel=\"noopener\"><br \/>\ncatastrophe mondiale<\/a> : il explore la solitude, la culpabilit\u00e9<br \/>\net la persistance de l\u2019espoir, m\u00eame lorsque tout semble perdu.<\/p>\n<p>Un acteur salu\u00e9 par la critique<\/p>\n<p><a href=\"https:\/\/www.bibamagazine.fr\/culture\/netflix\/note-officiellement-film-annee-netflix-499245.html\" target=\"_blank\" rel=\"noopener\"><br \/>\nLa performance<\/a> de Will Smith, salu\u00e9e \u00e0 sa sortie, impressionne<br \/>\ntoujours autant. Portant le film quasiment seul \u00e0 l\u2019\u00e9cran pendant<br \/>\nune large partie du m\u00e9trage, l\u2019acteur livre une interpr\u00e9tation<br \/>\nintense et nuanc\u00e9e. Pour incarner Neville, il s\u2019\u00e9tait impos\u00e9 une<br \/>\ntransformation physique rigoureuse, renfor\u00e7ant la cr\u00e9dibilit\u00e9 de ce<br \/>\nsurvivant us\u00e9 par des ann\u00e9es de lutte.<\/p>\n<p>Autre figure marquante du film, le chien de Neville, Sam, devenu<br \/>\nl\u2019un des symboles \u00e9motionnels de l\u2019\u0153uvre. Leur relation apporte une<br \/>\nhumanit\u00e9 bouleversante \u00e0 un univers d\u00e9shumanis\u00e9, renfor\u00e7ant<br \/>\nl\u2019attachement du spectateur \u00e0 ce personnage d\u00e9j\u00e0 profond\u00e9ment<br \/>\nsolitaire. <strong>Visuellement, Je suis une l\u00e9gende<br \/>\nimpressionne encore.<\/strong> Les rues d\u00e9sertes de Manhattan, les<br \/>\neffets sp\u00e9ciaux m\u00ealant images de synth\u00e8se et motion capture, et la<br \/>\nconception des \u201cInfect\u00e9s\u201d participent \u00e0 une immersion totale. Plus<br \/>\nde quinze ans apr\u00e8s sa sortie, le film n\u2019a rien perdu de sa<br \/>\npuissance. Disponible <a href=\"https:\/\/www.bibamagazine.fr\/culture\/netflix\/cette-serie-du-top-netflix-cartonne-depuis-2015-et-na-ni-acteurs-ni-scenario-498884.html\" target=\"_blank\" rel=\"noopener\"><br \/>\naujourd\u2019hui sur Netflix<\/a>, ce classique de la science-fiction<br \/>\nm\u00e9rite pleinement sa r\u00e9putation. \u00c0 la fois spectacle grandiose,<br \/>\ndrame intime et r\u00e9flexion sur la survie de l\u2019humanit\u00e9, Je suis une<br \/>\nl\u00e9gende continue de prouver qu\u2019un grand film n\u2019a pas de date de<br \/>\np\u00e9remption.<\/p>\n","protected":false},"excerpt":{"rendered":"Sorti il y a 20 ans, ce film ne laisse personne indiff\u00e9rent. Et sur Netflix, les t\u00e9l\u00e9spectateurs restent&hellip;\n","protected":false},"author":2,"featured_media":632828,"comment_status":"","ping_status":"","sticky":false,"template":"","format":"standard","meta":{"footnotes":""},"categories":[1354],"tags":[58,59,1346,1011,27,1360,729],"class_list":{"0":"post-632827","1":"post","2":"type-post","3":"status-publish","4":"format-standard","5":"has-post-thumbnail","7":"category-films","8":"tag-divertissement","9":"tag-entertainment","10":"tag-films","11":"tag-fr","12":"tag-france","13":"tag-movies","14":"tag-yout_video"},"share_on_mastodon":{"url":"https:\/\/pubeurope.com\/@fr\/115816000742841830","error":""},"_links":{"self":[{"href":"https:\/\/www.europesays.com\/fr\/wp-json\/wp\/v2\/posts\/632827","targetHints":{"allow":["GET"]}}],"collection":[{"href":"https:\/\/www.europesays.com\/fr\/wp-json\/wp\/v2\/posts"}],"about":[{"href":"https:\/\/www.europesays.com\/fr\/wp-json\/wp\/v2\/types\/post"}],"author":[{"embeddable":true,"href":"https:\/\/www.europesays.com\/fr\/wp-json\/wp\/v2\/users\/2"}],"replies":[{"embeddable":true,"href":"https:\/\/www.europesays.com\/fr\/wp-json\/wp\/v2\/comments?post=632827"}],"version-history":[{"count":0,"href":"https:\/\/www.europesays.com\/fr\/wp-json\/wp\/v2\/posts\/632827\/revisions"}],"wp:featuredmedia":[{"embeddable":true,"href":"https:\/\/www.europesays.com\/fr\/wp-json\/wp\/v2\/media\/632828"}],"wp:attachment":[{"href":"https:\/\/www.europesays.com\/fr\/wp-json\/wp\/v2\/media?parent=632827"}],"wp:term":[{"taxonomy":"category","embeddable":true,"href":"https:\/\/www.europesays.com\/fr\/wp-json\/wp\/v2\/categories?post=632827"},{"taxonomy":"post_tag","embeddable":true,"href":"https:\/\/www.europesays.com\/fr\/wp-json\/wp\/v2\/tags?post=632827"}],"curies":[{"name":"wp","href":"https:\/\/api.w.org\/{rel}","templated":true}]}}