{"id":632861,"date":"2025-12-31T20:32:14","date_gmt":"2025-12-31T20:32:14","guid":{"rendered":"https:\/\/www.europesays.com\/fr\/632861\/"},"modified":"2025-12-31T20:32:14","modified_gmt":"2025-12-31T20:32:14","slug":"un-dispositif-de-securite-renforce-a-grenoble-2","status":"publish","type":"post","link":"https:\/\/www.europesays.com\/fr\/632861\/","title":{"rendered":"un dispositif de s\u00e9curit\u00e9 renforc\u00e9 \u00e0 Grenoble"},"content":{"rendered":"<p itemprop=\"description\"><strong>\u00c0 l\u2019approche du passage \u00e0 la nouvelle ann\u00e9e, la pr\u00e9fecture de l\u2019Is\u00e8re annonce un renforcement du dispositif de s\u00e9curit\u00e9 et de secours sur l\u2019ensemble du d\u00e9partement.<\/strong><\/p>\n<p>Ces mesures s\u2019inscrivent dans le cadre du plan Vigipirate, toujours maintenu au niveau \u00ab\u00a0urgence attentat\u00a0\u00bb.<\/p>\n<p>La pr\u00e9f\u00e8te de l\u2019Is\u00e8re, Catherine S\u00e9guin, a pris un arr\u00eat\u00e9 encadrant strictement les festivit\u00e9s du r\u00e9veillon. Celui-ci s\u2019appliquera du 31 d\u00e9cembre \u00e0 12h au mercredi 1er janvier \u00e0 8h, sur l\u2019ensemble du territoire is\u00e9rois et notamment l&rsquo;agglom\u00e9ration grenobloise.<\/p>\n<p>Durant cette p\u00e9riode, la consommation d\u2019alcool sur la voie publique est interdite, tout comme l\u2019achat, la vente, le transport et l\u2019utilisation de fumig\u00e8nes et d\u2019artifices de divertissement dans l\u2019espace public. L\u2019arr\u00eat\u00e9 prohibe \u00e9galement le transport de carburants \u00e0 emporter, de gaz inflammables ou de produits corrosifs, ainsi que le port et le transport d\u2019armes, de munitions ou d\u2019objets pouvant constituer une arme, sauf pour les personnes habilit\u00e9es dans le cadre de leur mission.<\/p>\n<p>Pour faire respecter ces dispositions, policiers, gendarmes et sapeurs-pompiers seront pleinement mobilis\u00e9s dans tout le d\u00e9partement. Les forces de s\u00e9curit\u00e9 int\u00e9rieure m\u00e8neront des contr\u00f4les cibl\u00e9s afin de pr\u00e9venir les troubles \u00e0 l\u2019ordre public et de porter assistance aux personnes en difficult\u00e9.<\/p>\n<p>La pr\u00e9fecture insiste \u00e9galement sur la vigilance \u00e0 adopter sur les routes. En 2025, 41 personnes ont perdu la vie sur les routes is\u00e9roises, des accidents majoritairement li\u00e9s \u00e0 l\u2019alcool, \u00e0 la vitesse excessive ou \u00e0 la consommation de stup\u00e9fiants. Des contr\u00f4les routiers renforc\u00e9s seront ainsi mis en place tout au long de la nuit du r\u00e9veillon.<\/p>\n<p>La pr\u00e9f\u00e8te appelle enfin \u00e0 la responsabilit\u00e9 individuelle afin que les c\u00e9l\u00e9brations se d\u00e9roulent dans la s\u00e9r\u00e9nit\u00e9 et remercie les forces de s\u00e9curit\u00e9 et de secours mobilis\u00e9es pour prot\u00e9ger la population durant cette nuit de f\u00eate.<\/p>\n","protected":false},"excerpt":{"rendered":"\u00c0 l\u2019approche du passage \u00e0 la nouvelle ann\u00e9e, la pr\u00e9fecture de l\u2019Is\u00e8re annonce un renforcement du dispositif de&hellip;\n","protected":false},"author":2,"featured_media":632175,"comment_status":"","ping_status":"","sticky":false,"template":"","format":"standard","meta":{"footnotes":""},"categories":[9566],"tags":[1111,11,2813,2430,1109,251,1112,2811,1777,674,118,1011,27,21780,2731,14004,1922,1110,1114,108,12,316,25,2812,517,800],"class_list":{"0":"post-632861","1":"post","2":"type-post","3":"status-publish","4":"format-standard","5":"has-post-thumbnail","7":"category-grenoble","8":"tag-actu","9":"tag-actualites","10":"tag-article","11":"tag-auvergne-rhone-alpes","12":"tag-breves","13":"tag-culture","14":"tag-depeches","15":"tag-economique","16":"tag-eu","17":"tag-europe","18":"tag-faits-divers","19":"tag-fr","20":"tag-france","21":"tag-gf38","22":"tag-grenoble","23":"tag-grenoblemag","24":"tag-info","25":"tag-informations","26":"tag-infos","27":"tag-isere","28":"tag-news","29":"tag-politique","30":"tag-republique-francaise","31":"tag-sociale","32":"tag-sport","33":"tag-transports"},"share_on_mastodon":{"url":"https:\/\/pubeurope.com\/@fr\/115816087113511749","error":""},"_links":{"self":[{"href":"https:\/\/www.europesays.com\/fr\/wp-json\/wp\/v2\/posts\/632861","targetHints":{"allow":["GET"]}}],"collection":[{"href":"https:\/\/www.europesays.com\/fr\/wp-json\/wp\/v2\/posts"}],"about":[{"href":"https:\/\/www.europesays.com\/fr\/wp-json\/wp\/v2\/types\/post"}],"author":[{"embeddable":true,"href":"https:\/\/www.europesays.com\/fr\/wp-json\/wp\/v2\/users\/2"}],"replies":[{"embeddable":true,"href":"https:\/\/www.europesays.com\/fr\/wp-json\/wp\/v2\/comments?post=632861"}],"version-history":[{"count":0,"href":"https:\/\/www.europesays.com\/fr\/wp-json\/wp\/v2\/posts\/632861\/revisions"}],"wp:featuredmedia":[{"embeddable":true,"href":"https:\/\/www.europesays.com\/fr\/wp-json\/wp\/v2\/media\/632175"}],"wp:attachment":[{"href":"https:\/\/www.europesays.com\/fr\/wp-json\/wp\/v2\/media?parent=632861"}],"wp:term":[{"taxonomy":"category","embeddable":true,"href":"https:\/\/www.europesays.com\/fr\/wp-json\/wp\/v2\/categories?post=632861"},{"taxonomy":"post_tag","embeddable":true,"href":"https:\/\/www.europesays.com\/fr\/wp-json\/wp\/v2\/tags?post=632861"}],"curies":[{"name":"wp","href":"https:\/\/api.w.org\/{rel}","templated":true}]}}