{"id":632862,"date":"2025-12-31T20:34:17","date_gmt":"2025-12-31T20:34:17","guid":{"rendered":"https:\/\/www.europesays.com\/fr\/632862\/"},"modified":"2025-12-31T20:34:17","modified_gmt":"2025-12-31T20:34:17","slug":"video-pres-de-rennes-un-important-incendie-se-declare-dans-ce-centre-ville","status":"publish","type":"post","link":"https:\/\/www.europesays.com\/fr\/632862\/","title":{"rendered":"VIDEO. Pr\u00e8s de Rennes, un important incendie se d\u00e9clare dans ce centre-ville"},"content":{"rendered":"<p>                    Par<br \/>\n        <strong><br \/>\n            <a href=\"https:\/\/actu.fr\/auteur\/leo-gautret-actu-fr\" title=\"Consulter tous les articles de L\u00e9o Gautret\" target=\"_blank\" rel=\"noopener\">L\u00e9o Gautret<\/a><br \/>\n                    <\/strong><\/p>\n<p>        Publi\u00e9 le<\/p>\n<p>            31 d\u00e9c. 2025 \u00e0 15h41        <\/p>\n<p>Il \u00e9tait vers <b>1\u2009h\u200930,<\/b> dans la nuit du <b>mardi\u00a030 au <\/b><b>mercredi 31\u00a0d\u00e9cembre<\/b> 2025, lorsque les pompiers sont intervenus pour un<a href=\"https:\/\/actu.fr\/bretagne\/chateaugiron_35069\/incendie-en-ille-et-vilaine-trois-maisons-touchees-en-plein-centre-ville-88-pompiers-mobilises_63638982.html\" target=\"_blank\" rel=\"noopener\"><b> incendie, <\/b>dans le<b> centre-ville de Ch\u00e2teaugiron<\/b><\/a> (Ille-et-Vilaine).<\/p>\n<p class=\" wall-content\">La nuit pr\u00e9c\u00e9dente, un premier feu d\u2019habitation avait co\u00fbt\u00e9 la vie \u00e0 un habitant du centre-ville.<b> <a href=\"https:\/\/actu.fr\/bretagne\/chateaugiron_35069\/incendie-en-ille-et-vilaine-un-homme-de-68-ans-meurt-dans-une-habitation-de-centre-ville_63633431.html\" target=\"_blank\" rel=\"noopener\">La victime de 67\u00a0ans<\/a> <\/b>avait \u00e9t\u00e9 intoxiqu\u00e9e par les fum\u00e9es.<\/p>\n<p>Aucun bless\u00e9<\/p>\n<p class=\" wall-content\">Ce second incendie s\u2019est d\u00e9clar\u00e9 dans les combles d\u2019une maison de la rue du G\u00e9n\u00e9ral-de-Gaulle, avant de se propager \u00e0 deux autres maisons. D\u2019apr\u00e8s les premi\u00e8res constatations, l\u2019origine du d\u00e9part de feu est accidentelle.<\/p>\n<p class=\" wall-content\"><b>Aucun habitant n\u2019a \u00e9t\u00e9 bless\u00e9.<\/b> Une jeune femme qui habitait la premi\u00e8re maison d\u2019o\u00f9 est parti le feu a \u00e9t\u00e9 relog\u00e9e par sa famille. C\u2019est elle qui a alert\u00e9 les pompiers apr\u00e8s avoir constat\u00e9 la pr\u00e9sence de fum\u00e9e. Au total,<b> neuf personnes sont concern\u00e9es par un relogement.<\/b><\/p>\n<p>Le feu circonscrit vers 11\u2009h\u200930<\/p>\n<p class=\" wall-content\">Le\u00a0<b>feu<\/b>\u00a0a \u00e9t\u00e9<b>\u00a0circonscrit vers 11\u2009h\u200930. 88 pompiers et 22 engins<\/b> ont \u00e9t\u00e9 mobilis\u00e9s dans le centre historique de Ch\u00e2teaugiron.<\/p>\n<p class=\" wall-content\"><b>Une surveillance devait \u00eatre mise en place pendant la nuit de la Saint-Sylvestre, pour \u00e9viter tout nouveau d\u00e9part de feu.<\/b><\/p>\n<p class=\" wall-content\">Personnalisez votre actualit\u00e9 en ajoutant vos villes et m\u00e9dias en favori avec <a href=\"https:\/\/moncompte.actu.fr\" title=\"D\u00e9couvez Mon Actu\" rel=\"nofollow noopener\" data-trk=\"{&quot;cta&quot;:{&quot;action&quot;:&quot;https:\\\/\\\/moncompte.actu.fr&quot;,&quot;category&quot;:&quot;mon compte&quot;,&quot;from&quot;:&quot;article footer&quot;,&quot;name&quot;:&quot;Mon actu&quot;,&quot;type&quot;:&quot;cta&quot;}}\" target=\"_blank\">Mon Actu<\/a>.<\/p>\n","protected":false},"excerpt":{"rendered":"Par L\u00e9o Gautret Publi\u00e9 le 31 d\u00e9c. 2025 \u00e0 15h41 Il \u00e9tait vers 1\u2009h\u200930, dans la nuit du&hellip;\n","protected":false},"author":2,"featured_media":632863,"comment_status":"","ping_status":"","sticky":false,"template":"","format":"standard","meta":{"footnotes":""},"categories":[2821],"tags":[1111,11,829,1777,674,118,1011,27,1310,12,1311,584,25,133],"class_list":{"0":"post-632862","1":"post","2":"type-post","3":"status-publish","4":"format-standard","5":"has-post-thumbnail","7":"category-rennes","8":"tag-actu","9":"tag-actualites","10":"tag-bretagne","11":"tag-eu","12":"tag-europe","13":"tag-faits-divers","14":"tag-fr","15":"tag-france","16":"tag-incendie","17":"tag-news","18":"tag-pompiers","19":"tag-rennes","20":"tag-republique-francaise","21":"tag-video"},"share_on_mastodon":{"url":"https:\/\/pubeurope.com\/@fr\/115816095256557496","error":""},"_links":{"self":[{"href":"https:\/\/www.europesays.com\/fr\/wp-json\/wp\/v2\/posts\/632862","targetHints":{"allow":["GET"]}}],"collection":[{"href":"https:\/\/www.europesays.com\/fr\/wp-json\/wp\/v2\/posts"}],"about":[{"href":"https:\/\/www.europesays.com\/fr\/wp-json\/wp\/v2\/types\/post"}],"author":[{"embeddable":true,"href":"https:\/\/www.europesays.com\/fr\/wp-json\/wp\/v2\/users\/2"}],"replies":[{"embeddable":true,"href":"https:\/\/www.europesays.com\/fr\/wp-json\/wp\/v2\/comments?post=632862"}],"version-history":[{"count":0,"href":"https:\/\/www.europesays.com\/fr\/wp-json\/wp\/v2\/posts\/632862\/revisions"}],"wp:featuredmedia":[{"embeddable":true,"href":"https:\/\/www.europesays.com\/fr\/wp-json\/wp\/v2\/media\/632863"}],"wp:attachment":[{"href":"https:\/\/www.europesays.com\/fr\/wp-json\/wp\/v2\/media?parent=632862"}],"wp:term":[{"taxonomy":"category","embeddable":true,"href":"https:\/\/www.europesays.com\/fr\/wp-json\/wp\/v2\/categories?post=632862"},{"taxonomy":"post_tag","embeddable":true,"href":"https:\/\/www.europesays.com\/fr\/wp-json\/wp\/v2\/tags?post=632862"}],"curies":[{"name":"wp","href":"https:\/\/api.w.org\/{rel}","templated":true}]}}