{"id":632866,"date":"2025-12-31T20:36:13","date_gmt":"2025-12-31T20:36:13","guid":{"rendered":"https:\/\/www.europesays.com\/fr\/632866\/"},"modified":"2025-12-31T20:36:13","modified_gmt":"2025-12-31T20:36:13","slug":"le-psg-rattrape-strasbourg-fait-aussi-bien","status":"publish","type":"post","link":"https:\/\/www.europesays.com\/fr\/632866\/","title":{"rendered":"Le PSG rattrap\u00e9, Strasbourg fait aussi bien"},"content":{"rendered":"<p><b>Class\u00e9 troisi\u00e8me apr\u00e8s six journ\u00e9es de <a href=\"https:\/\/www.foot01.com\/ligue-des-champions\" title=\"Ligue des Champions\" target=\"_blank\" rel=\"noopener\">Ligue des Champions<\/a>, le Paris Saint-Germain continue d\u2019alimenter l&rsquo;indice UEFA de la France. Mais les Parisiens ne sont plus les seuls \u00e0 y contribuer. Cette saison, Strasbourg rapporte autant de points que le champion d\u2019Europe gr\u00e2ce \u00e0 son parcours en Ligue Europa Conf\u00e9rence.<\/b><\/p>\n<p>A ce rythme, la France n\u2019a pas grand-chose \u00e0 craindre \u00e0 l\u2019indice UEFA. Sa cinqui\u00e8me place, qui lui garantit notamment trois qualifications directes en Ligue des Champions ainsi qu\u2019un quatri\u00e8me acc\u00e8s via le troisi\u00e8me tour pr\u00e9liminaire, n\u2019est absolument pas menac\u00e9e pour le moment. Sur la p\u00e9riode 2021-2026, soit les cinq derni\u00e8res ann\u00e9es prises en compte, le coefficient fran\u00e7ais atteint les 75.534 points contre seulement 65.762 unit\u00e9s pour les Pays-Bas et 63.266 pour le Portugal, ses premiers poursuivants.<\/p>\n<p>M\u00eame si l\u2019\u00e9cart est encore \u00e9lev\u00e9 avec l\u2019Allemagne (82.902), la France peut se permettre de regarder davantage vers le haut gr\u00e2ce \u00e0 des r\u00e9sultats encourageants cette saison. Champion d\u2019Europe en titre, le <a href=\"https:\/\/www.foot01.com\/equipe\/paris\/\" target=\"_blank\" rel=\"noopener\">Paris Saint-Germain<\/a> continue d\u2019alimenter l\u2019indice UEFA de son pays. Ses r\u00e9sultats en Ligue des Champions, o\u00f9 le club de la capitale est class\u00e9 troisi\u00e8me apr\u00e8s six journ\u00e9es dans la phase de ligue, lui ont permis de r\u00e9colter 15.000 points depuis le d\u00e9but de l\u2019exercice 2025-2026. Mais les Parisiens ne sont pas les seuls \u00e0 briller dans ce domaine.<\/p>\n<p>En tant que leader du classement d\u00e9finitif de la Ligue Europa Conf\u00e9rence, Strasbourg a \u00e9galement obtenu un total de 15.000 points ! Les deux \u00e9quipes ne disputent \u00e9videmment pas la m\u00eame comp\u00e9tition et leurs adversaires respectifs ne sont pas du m\u00eame calibre. Il n\u2019emp\u00eache qu\u2019un excellent parcours en C4 peut aussi rapporter gros. A noter que l\u2019AS Monaco (13.000) et l\u2019Olympique de Marseille (12.000), respectivement 19e et 16e en Ligue des Champions, font aussi avancer l\u2019indice UEFA tricolore. Tout comme l\u2019Olympique Lyonnais, l\u2019actuel leader en Ligue Europa qui a ramen\u00e9 10.000 unit\u00e9s. De quoi compenser le z\u00e9ro point\u00e9 de l\u2019OGC Nice en C3.<\/p>\n","protected":false},"excerpt":{"rendered":"Class\u00e9 troisi\u00e8me apr\u00e8s six journ\u00e9es de Ligue des Champions, le Paris Saint-Germain continue d\u2019alimenter l&rsquo;indice UEFA de la&hellip;\n","protected":false},"author":2,"featured_media":632867,"comment_status":"","ping_status":"","sticky":false,"template":"","format":"standard","meta":{"footnotes":""},"categories":[2820],"tags":[1111,11,1777,68057,449,674,1011,27,775,447,12,93,24894,25,640],"class_list":{"0":"post-632866","1":"post","2":"type-post","3":"status-publish","4":"format-standard","5":"has-post-thumbnail","7":"category-strasbourg","8":"tag-actu","9":"tag-actualites","10":"tag-eu","11":"tag-europa-conference-league","12":"tag-europa-league","13":"tag-europe","14":"tag-fr","15":"tag-france","16":"tag-grand-est","17":"tag-ligue-des-champions","18":"tag-news","19":"tag-psg","20":"tag-rcsa","21":"tag-republique-francaise","22":"tag-strasbourg"},"share_on_mastodon":{"url":"https:\/\/pubeurope.com\/@fr\/115816103002773249","error":""},"_links":{"self":[{"href":"https:\/\/www.europesays.com\/fr\/wp-json\/wp\/v2\/posts\/632866","targetHints":{"allow":["GET"]}}],"collection":[{"href":"https:\/\/www.europesays.com\/fr\/wp-json\/wp\/v2\/posts"}],"about":[{"href":"https:\/\/www.europesays.com\/fr\/wp-json\/wp\/v2\/types\/post"}],"author":[{"embeddable":true,"href":"https:\/\/www.europesays.com\/fr\/wp-json\/wp\/v2\/users\/2"}],"replies":[{"embeddable":true,"href":"https:\/\/www.europesays.com\/fr\/wp-json\/wp\/v2\/comments?post=632866"}],"version-history":[{"count":0,"href":"https:\/\/www.europesays.com\/fr\/wp-json\/wp\/v2\/posts\/632866\/revisions"}],"wp:featuredmedia":[{"embeddable":true,"href":"https:\/\/www.europesays.com\/fr\/wp-json\/wp\/v2\/media\/632867"}],"wp:attachment":[{"href":"https:\/\/www.europesays.com\/fr\/wp-json\/wp\/v2\/media?parent=632866"}],"wp:term":[{"taxonomy":"category","embeddable":true,"href":"https:\/\/www.europesays.com\/fr\/wp-json\/wp\/v2\/categories?post=632866"},{"taxonomy":"post_tag","embeddable":true,"href":"https:\/\/www.europesays.com\/fr\/wp-json\/wp\/v2\/tags?post=632866"}],"curies":[{"name":"wp","href":"https:\/\/api.w.org\/{rel}","templated":true}]}}