{"id":632894,"date":"2025-12-31T20:53:13","date_gmt":"2025-12-31T20:53:13","guid":{"rendered":"https:\/\/www.europesays.com\/fr\/632894\/"},"modified":"2025-12-31T20:53:13","modified_gmt":"2025-12-31T20:53:13","slug":"guerre-en-ukraine-la-coalition-des-volontaires-se-reunira-le-6-janvier-a-paris","status":"publish","type":"post","link":"https:\/\/www.europesays.com\/fr\/632894\/","title":{"rendered":"Guerre en Ukraine : la coalition des volontaires se r\u00e9unira le 6 janvier \u00e0 Paris"},"content":{"rendered":"<ul class=\"jsx-862013697 ArticleChapo__List\">\n<li class=\"jsx-862013697 ArticleChapo__List_Item flex\">Lors de ses v\u0153ux de fin d&rsquo;ann\u00e9e, Emmanuel Macron est revenu sur la situation internationale.<\/li>\n<li class=\"jsx-862013697 ArticleChapo__List_Item flex\">Le pr\u00e9sident fran\u00e7ais a notamment \u00e9voqu\u00e9 la guerre en Ukraine.<\/li>\n<li class=\"jsx-862013697 ArticleChapo__List_Item flex\">Et annonc\u00e9 une nouvelle r\u00e9union de la \u00ab\u00a0coalition des volontaires\u00a0\u00bb \u00e0 Paris.<\/li>\n<\/ul>\n<p data-module=\"article-paragraph\" class=\"jsx-157965717 Paragraph\">Un v\u0153u d&rsquo;ind\u00e9pendance. Lors de sa traditionnelle allocution pour la Nouvelle Ann\u00e9e, Emmanuel Macron est revenu sur la situation internationale et notamment le conflit en Ukraine. Le pr\u00e9sident fran\u00e7ais a ainsi estim\u00e9 qu&rsquo;il fallait \u00ab\u00a0d\u00e9fendre notre ind\u00e9pendance et nos libert\u00e9s. Notre ind\u00e9pendance exige que nous continuions d&rsquo;investir (&#8230;) malgr\u00e9 les difficult\u00e9s financi\u00e8res\u00a0\u00bb.\u00a0<\/p>\n<p data-module=\"article-paragraph\" class=\"jsx-157965717 Paragraph Paragraph__End\">L&rsquo;occasion aussi pour le chef de l&rsquo;\u00c9tat d&rsquo;annoncer une nouvelle r\u00e9union<a href=\"https:\/\/www.tf1info.fr\/international\/guerre-en-ukraine-russie-3-choses-a-savoir-sur-la-coalition-des-volontaires-qui-se-reunit-ce-dimanche-2389170.html\" target=\"_blank\" rel=\"noopener\"> de la \u00ab\u00a0coalition des volontaires\u00a0\u00bb<\/a>, les alli\u00e9s de Kiev, le 6 janvier prochain \u00e0 Paris. Une r\u00e9union au cours de laquelle les pays \u00ab\u00a0prendront des engagements concrets pour prot\u00e9ger l&rsquo;Ukraine et assurer une paix juste et durable sur notre continent\u00a0\u00bb, a indiqu\u00e9 Emmanuel Macron.<\/p>\n<p><a href=\"https:\/\/www.tf1info.fr\/international\/moscou-plonge-dans-le-noir-les-ukrainiens-ont-detruit-une-bonne-partie-des-capacites-de-raffinage-de-la-russie-2415959.html\" rel=\"noopener\" class=\"jsx-3308031228 Link flex\" target=\"_blank\"><img decoding=\"async\" src=\"https:\/\/www.europesays.com\/fr\/wp-content\/uploads\/2025\/12\/moscou-coupure-d-electricite-30-12-2025-7c19b9-0@1x.jpeg\" alt=\"La r\u00e9gion de Moscou a \u00e9t\u00e9 plong\u00e9 dans le noir apr\u00e8s une attaque sur des sites \u00e9nerg\u00e9tiques, le 30 d\u00e9cembre 2025.\" loading=\"lazy\" importance=\"low\" fetchpriority=\"low\" class=\"\" aria-hidden=\"true\"\/><\/p>\n<p class=\"jsx-3657663356 ReadMoreArticle__Title\">Lire aussi<\/p>\n<p class=\"jsx-3657663356\">Moscou plong\u00e9 dans le noir : \u00ab\u00a0Les Ukrainiens ont d\u00e9truit une bonne partie des capacit\u00e9s de raffinage de la Russie\u00a0\u00bb<\/p>\n<p><\/a><\/p>\n<p data-module=\"article-paragraph\" class=\"jsx-157965717 Paragraph\">\u00ab\u00a0Nous assistons au retour des empires\u00a0\u00bb, a \u00e9galement lanc\u00e9 Emmanuel Macron, qui a promis qu&rsquo;il ferait tout pour que la pr\u00e9sidentielle pr\u00e9vue en France en 2027 se d\u00e9roule \u00ab\u00a0\u00e0 l&rsquo;abri de toute ing\u00e9rence \u00e9trang\u00e8re\u00a0\u00bb. \u00ab\u00a0Je ferai tout pour que l&rsquo;\u00e9lection pr\u00e9sidentielle se d\u00e9roule le plus sereinement possible, en particulier \u00e0 l&rsquo;abri de toute ing\u00e9rence \u00e9trang\u00e8re\u00a0\u00bb, a d\u00e9clar\u00e9 le pr\u00e9sident fran\u00e7ais.<\/p>\n<p data-module=\"article-paragraph\" class=\"jsx-157965717 Paragraph Paragraph__End\">Les ing\u00e9rences num\u00e9riques \u00e9trang\u00e8res, les tentatives de manipulation de l\u2019opinion sur les r\u00e9seaux sociaux et les actions de piratage se sont multipli\u00e9es ces derni\u00e8res ann\u00e9es dans la plupart des campagnes \u00e9lectorales en France et les municipales de mars 2026 et la pr\u00e9sidentielle de 2027 n&rsquo;\u00e9chapperont pas \u00e0 la r\u00e8gle, selon le service Viginum, charg\u00e9 de la lutte contre ces d\u00e9stabilisations.<\/p>\n<p>La r\u00e9daction de TF1info<\/p>\n","protected":false},"excerpt":{"rendered":"Lors de ses v\u0153ux de fin d&rsquo;ann\u00e9e, Emmanuel Macron est revenu sur la situation internationale. Le pr\u00e9sident fran\u00e7ais&hellip;\n","protected":false},"author":2,"featured_media":632895,"comment_status":"","ping_status":"","sticky":false,"template":"","format":"standard","meta":{"footnotes":""},"categories":[1888],"tags":[1111,1928,11,1927,1921,5925,73922,1777,674,1011,27,1922,12,1926,626,1925,2543,25,132,220,1917,73921,133,1920],"class_list":{"0":"post-632894","1":"post","2":"type-post","3":"status-publish","4":"format-standard","5":"has-post-thumbnail","7":"category-paris","8":"tag-actu","9":"tag-actu-paris","10":"tag-actualites","11":"tag-actualites-paris","12":"tag-article-video","13":"tag-conflits-et-guerre","14":"tag-des-attaques","15":"tag-eu","16":"tag-europe","17":"tag-fr","18":"tag-france","19":"tag-info","20":"tag-news","21":"tag-news-paris","22":"tag-paris","23":"tag-paris-news","24":"tag-relations-internationales","25":"tag-republique-francaise","26":"tag-russie","27":"tag-ukraine","28":"tag-ukraine-4-annee-de-guerre","29":"tag-ukraine-russie-en-marge-des-negociations","30":"tag-video","31":"tag-video-international"},"share_on_mastodon":{"url":"https:\/\/pubeurope.com\/@fr\/115816169790328772","error":""},"_links":{"self":[{"href":"https:\/\/www.europesays.com\/fr\/wp-json\/wp\/v2\/posts\/632894","targetHints":{"allow":["GET"]}}],"collection":[{"href":"https:\/\/www.europesays.com\/fr\/wp-json\/wp\/v2\/posts"}],"about":[{"href":"https:\/\/www.europesays.com\/fr\/wp-json\/wp\/v2\/types\/post"}],"author":[{"embeddable":true,"href":"https:\/\/www.europesays.com\/fr\/wp-json\/wp\/v2\/users\/2"}],"replies":[{"embeddable":true,"href":"https:\/\/www.europesays.com\/fr\/wp-json\/wp\/v2\/comments?post=632894"}],"version-history":[{"count":0,"href":"https:\/\/www.europesays.com\/fr\/wp-json\/wp\/v2\/posts\/632894\/revisions"}],"wp:featuredmedia":[{"embeddable":true,"href":"https:\/\/www.europesays.com\/fr\/wp-json\/wp\/v2\/media\/632895"}],"wp:attachment":[{"href":"https:\/\/www.europesays.com\/fr\/wp-json\/wp\/v2\/media?parent=632894"}],"wp:term":[{"taxonomy":"category","embeddable":true,"href":"https:\/\/www.europesays.com\/fr\/wp-json\/wp\/v2\/categories?post=632894"},{"taxonomy":"post_tag","embeddable":true,"href":"https:\/\/www.europesays.com\/fr\/wp-json\/wp\/v2\/tags?post=632894"}],"curies":[{"name":"wp","href":"https:\/\/api.w.org\/{rel}","templated":true}]}}