{"id":632904,"date":"2025-12-31T20:58:11","date_gmt":"2025-12-31T20:58:11","guid":{"rendered":"https:\/\/www.europesays.com\/fr\/632904\/"},"modified":"2025-12-31T20:58:11","modified_gmt":"2025-12-31T20:58:11","slug":"ukraine-agriculteurs-reseaux-sociaux-les-voeux-demmanuel-macron-pour-2026","status":"publish","type":"post","link":"https:\/\/www.europesays.com\/fr\/632904\/","title":{"rendered":"Ukraine, agriculteurs, r\u00e9seaux sociaux : les v\u0153ux d&rsquo;Emmanuel Macron pour 2026"},"content":{"rendered":"<p>\n  Par&amp;nbsp<b>Euronews<\/b>\n<\/p>\n<p>\n                    Publi\u00e9 le                 31\/12\/2025 &#8211; 20:34 UTC+1<br \/>\n                \u2022Mis \u00e0 jour<br \/>\n                                     20:41\n                                        <\/p>\n<p>Dans une allocution t\u00e9l\u00e9vis\u00e9e, le pr\u00e9sident fran\u00e7ais Emmanuel Macron a d\u00e9but\u00e9 ses v\u0153ux pour l&rsquo;ann\u00e9e 2026 par \u00ab\u00a0une pens\u00e9e avant tout pour ceux qui assurent la continuit\u00e9 de la nation.\u00a0\u00bb Citant les \u00ab\u00a0forces de s\u00e9curit\u00e9, sapeurs pompiers, b\u00e9n\u00e9voles, soignants, travailleurs\u00a0\u00bb, qui sont en ce r\u00e9veillon de la Saint-Sylvestre \u00ab\u00a0en premi\u00e8re ligne face aux difficult\u00e9s pour prot\u00e9ger, soigner, nourrir, aider \u00e0 porter secours et fraternit\u00e9.\u00a0\u00bb<\/p>\n<p>Il a ensuite dit vouloir \u00ab\u00a0agir et soutenir\u00a0\u00bb les agriculteurs, \u00e0 la fois m\u00e9contents de la gestion de la dermatose nodulaire qui touche les bovins en France et de l&rsquo;accord entre l&rsquo;UE et le Mercosur.<\/p>\n<p>Emmanuel Macron a \u00e9galement dit vouloir prot\u00e9ger \u00ab\u00a0nos enfants et nos adolescents des r\u00e9seaux sociaux et des \u00e9crans\u00a0\u00bb, alors qu&rsquo;un projet de loi pr\u00e9voit l&rsquo;interdiction de l&rsquo;acc\u00e8s aux r\u00e9seaux sociaux aux moins de 15 ans d\u00e8s septembre 2026.<\/p>\n<p>Le pr\u00e9sident fran\u00e7ais a rappel\u00e9 que des \u00e9lections municipales se tiendront en 2026. Il aussi \u00e9voqu\u00e9 la pr\u00e9sidentielle de 2027, \u00ab\u00a0la premi\u00e8re \u00e0 laquelle je ne participerai pas depuis dix ans\u00a0\u00bb, assurant qu&rsquo;il ferait \u00ab\u00a0tout pour qu&rsquo;elle se d\u00e9roule le plus sereinement possible, en particulier \u00e0 l\u2019abri de toute ing\u00e9rence \u00e9trang\u00e8re.\u00a0\u00bb<\/p>\n<p>\u00ab\u00a0Je serai jusqu&rsquo;\u00e0 la derni\u00e8re seconde au travail, t\u00e2chant chaque jour d&rsquo;\u00eatre \u00e0 la hauteur du mandat que vous m&rsquo;avez confi\u00e9\u00a0\u00bb, a-t-il assur\u00e9.<\/p>\n<p>D\u00e9fense de l&rsquo;Europe<\/p>\n<p>Emmanuel Macron s&rsquo;est aussi exprim\u00e9 sur l&rsquo;international et la g\u00e9opolitique, \u00e9voquant le Moyen-Orient, l&rsquo;Ukraine et parlant de \u00ab\u00a0la remise en cause de l&rsquo;ordre international\u00a0\u00bb. \u00ab\u00a0Nous devons d\u00e9fendre notre ind\u00e9pendance et nos libert\u00e9s. Notre ind\u00e9pendance exige que nous continuions d&rsquo;investir dans nos arm\u00e9es, dans nos forces de s\u00e9curit\u00e9 et dans nos services publics et notre \u00e9conomie\u00a0\u00bb, a-t-il d\u00e9clar\u00e9.<\/p>\n<p>Le pr\u00e9sident fran\u00e7ais a indiqu\u00e9 que des \u00ab\u00a0engagements concrets pour prot\u00e9ger l&rsquo;Ukraine\u00a0\u00bb seraient pris lors de la r\u00e9union de la \u00ab\u00a0Coalition des volontaires\u00a0\u00bb qui se tiendra \u00e0 Paris le 6 janvier.<\/p>\n","protected":false},"excerpt":{"rendered":"Par&amp;nbspEuronews Publi\u00e9 le 31\/12\/2025 &#8211; 20:34 UTC+1 \u2022Mis \u00e0 jour 20:41 Dans une allocution t\u00e9l\u00e9vis\u00e9e, le pr\u00e9sident fran\u00e7ais&hellip;\n","protected":false},"author":2,"featured_media":632905,"comment_status":"","ping_status":"","sticky":false,"template":"","format":"standard","meta":{"footnotes":""},"categories":[1590],"tags":[11,1073,1777,674,27,12,13811,220],"class_list":{"0":"post-632904","1":"post","2":"type-post","3":"status-publish","4":"format-standard","5":"has-post-thumbnail","7":"category-ukraine","8":"tag-actualites","9":"tag-emmanuel-macron","10":"tag-eu","11":"tag-europe","12":"tag-france","13":"tag-news","14":"tag-politique-francaise","15":"tag-ukraine"},"share_on_mastodon":{"url":"https:\/\/pubeurope.com\/@fr\/115816190923377482","error":""},"_links":{"self":[{"href":"https:\/\/www.europesays.com\/fr\/wp-json\/wp\/v2\/posts\/632904","targetHints":{"allow":["GET"]}}],"collection":[{"href":"https:\/\/www.europesays.com\/fr\/wp-json\/wp\/v2\/posts"}],"about":[{"href":"https:\/\/www.europesays.com\/fr\/wp-json\/wp\/v2\/types\/post"}],"author":[{"embeddable":true,"href":"https:\/\/www.europesays.com\/fr\/wp-json\/wp\/v2\/users\/2"}],"replies":[{"embeddable":true,"href":"https:\/\/www.europesays.com\/fr\/wp-json\/wp\/v2\/comments?post=632904"}],"version-history":[{"count":0,"href":"https:\/\/www.europesays.com\/fr\/wp-json\/wp\/v2\/posts\/632904\/revisions"}],"wp:featuredmedia":[{"embeddable":true,"href":"https:\/\/www.europesays.com\/fr\/wp-json\/wp\/v2\/media\/632905"}],"wp:attachment":[{"href":"https:\/\/www.europesays.com\/fr\/wp-json\/wp\/v2\/media?parent=632904"}],"wp:term":[{"taxonomy":"category","embeddable":true,"href":"https:\/\/www.europesays.com\/fr\/wp-json\/wp\/v2\/categories?post=632904"},{"taxonomy":"post_tag","embeddable":true,"href":"https:\/\/www.europesays.com\/fr\/wp-json\/wp\/v2\/tags?post=632904"}],"curies":[{"name":"wp","href":"https:\/\/api.w.org\/{rel}","templated":true}]}}