{"id":632920,"date":"2025-12-31T21:06:14","date_gmt":"2025-12-31T21:06:14","guid":{"rendered":"https:\/\/www.europesays.com\/fr\/632920\/"},"modified":"2025-12-31T21:06:14","modified_gmt":"2025-12-31T21:06:14","slug":"lepidemie-continue-sa-progression-en-france-accentuant-la-pression-sur-les-hopitaux","status":"publish","type":"post","link":"https:\/\/www.europesays.com\/fr\/632920\/","title":{"rendered":"L\u2019\u00e9pid\u00e9mie continue sa progression en France, accentuant la pression sur les h\u00f4pitaux"},"content":{"rendered":"<p>L\u2019\u00e9pid\u00e9mie de <a href=\"https:\/\/www.20minutes.fr\/dossier\/grippe\" target=\"_blank\" class=\"c-link c-link--is-underlined\" rel=\"noopener\">grippe<\/a> continue de gagner du terrain en <a href=\"https:\/\/www.20minutes.fr\/france\/\" target=\"_blank\" class=\"c-link c-link--is-underlined\" rel=\"noopener\">France<\/a>, avec une intensification nette \u00e0 l\u2019h\u00f4pital, tandis que la situation demeure plus mod\u00e9r\u00e9e en m\u00e9decine de ville. Dans son dernier bulletin hebdomadaire arr\u00eat\u00e9 au 28\u00a0d\u00e9cembre, <a href=\"https:\/\/www.santepubliquefrance.fr\/maladies-et-traumatismes\/maladies-et-infections-respiratoires\/grippe\/documents\/bulletin-national\/infections-respiratoires-aigues-grippe-bronchiolite-covid-19-.-bulletin-du-24-decembre-2025\" rel=\"nofollow noopener\" target=\"_blank\" class=\"c-link c-link--is-underlined\">Sant\u00e9 publique France (SpF)<\/a> indique que \u00ab\u00a0l\u2019ensemble des r\u00e9gions\u00a0\u00bb sont d\u00e9sormais touch\u00e9es par l\u2019\u00e9pid\u00e9mie, \u00e0 l\u2019exception de <a href=\"https:\/\/www.20minutes.fr\/societe\/reunion\/\" target=\"_blank\" class=\"c-link c-link--is-underlined\" rel=\"noopener\">La R\u00e9union<\/a>, confirmant une diffusion g\u00e9n\u00e9ralis\u00e9e du virus sur le territoire.<\/p>\n<p>Cette progression se traduit par une activit\u00e9 hospitali\u00e8re en forte hausse. SpF fait \u00e9tat d\u2019une prise en charge d\u2019\u00ab\u00a0intensit\u00e9 \u00e9lev\u00e9e\u00a0\u00bb aux <a href=\"https:\/\/www.20minutes.fr\/dossier\/urgences\" target=\"_blank\" class=\"c-link c-link--is-underlined\" rel=\"noopener\">urgences<\/a>, avec 18.552 passages li\u00e9s \u00e0 la grippe, soit 5,2\u00a0% de l\u2019activit\u00e9 totale, contre 4\u00a0% la semaine pr\u00e9c\u00e9dente. Les hospitalisations augmentent \u00e9galement, atteignant 3.606 admissions, soit 4,8\u00a0% de l\u2019ensemble, une hausse marqu\u00e9e qui concerne principalement les enfants de moins de 15 ans et les personnes \u00e2g\u00e9es de plus de 65 ans.<\/p>\n<\/p>\n<p>Forte intensit\u00e9 chez les plus de 65 ans<\/p>\n<p>En ville, la dynamique appara\u00eet plus contrast\u00e9e selon les \u00e2ges. L\u2019<a href=\"https:\/\/www.20minutes.fr\/dossier\/epidemie\" target=\"_blank\" class=\"c-link c-link--is-underlined\" rel=\"noopener\">\u00e9pid\u00e9mie<\/a> reste globalement \u00ab\u00a0mod\u00e9r\u00e9e\u00a0\u00bb, avec un reflux observ\u00e9 chez les moins de 15 ans, \u00ab\u00a0probablement en lien avec la p\u00e9riode de cong\u00e9s scolaires\u00a0\u00bb, qui limite les contacts. En revanche, SpF souligne que l\u2019\u00ab\u00a0intensit\u00e9 \u00e9lev\u00e9e\u00a0\u00bb persiste chez les 65 ans et plus, population qui concentre aussi l\u2019essentiel des formes graves. Sur le plan de la mortalit\u00e9, une l\u00e9g\u00e8re hausse des <a href=\"https:\/\/www.20minutes.fr\/dossier\/deces\" target=\"_blank\" class=\"c-link c-link--is-underlined\" rel=\"noopener\">d\u00e9c\u00e8s<\/a> mentionnant la grippe est observ\u00e9e, \u00e0 4,1\u00a0%, un niveau proche de celui de l\u2019an dernier, alors que neuf d\u00e9c\u00e8s sur dix concernent des seniors.<\/p>\n<p><a href=\"https:\/\/www.20minutes.fr\/dossier\/grippe\" target=\"_blank\" class=\"c-link c-btn c-btn--primary\" rel=\"noopener\">Notre dossier sur la grippe<\/a><\/p>\n<p>Dans ce contexte, l\u2019<a href=\"https:\/\/www.20minutes.fr\/dossier\/institut_pasteur\" target=\"_blank\" class=\"c-link c-link--is-underlined\" rel=\"noopener\">Institut Pasteur<\/a> se montre prudemment optimiste. Selon ses mod\u00e9lisations, \u00ab\u00a0il est probable que le recours aux soins pour grippe commence \u00e0 diminuer dans les prochaines semaines dans la plupart des r\u00e9gions hexagonales, tout en restant \u00e0 un niveau \u00e9lev\u00e9\u00a0\u00bb. L\u2019institut estime que le pic \u00e9pid\u00e9mique pourrait avoir \u00e9t\u00e9 atteint lors de la derni\u00e8re semaine de\u00a02025, avec une \u00ab\u00a0probabilit\u00e9 sup\u00e9rieure ou \u00e9gale \u00e0 50\u00a0%\u00a0\u00bb, tout en avertissant que \u00ab\u00a0la possibilit\u00e9 d\u2019une reprise de l\u2019\u00e9pid\u00e9mie apr\u00e8s les vacances de No\u00ebl, ou plus tard dans la saison hivernale, ne peut \u00eatre exclue\u00a0\u00bb.<\/p>\n","protected":false},"excerpt":{"rendered":"L\u2019\u00e9pid\u00e9mie de grippe continue de gagner du terrain en France, avec une intensification nette \u00e0 l\u2019h\u00f4pital, tandis que&hellip;\n","protected":false},"author":2,"featured_media":632921,"comment_status":"","ping_status":"","sticky":false,"template":"","format":"standard","meta":{"footnotes":""},"categories":[4],"tags":[47,11,434,1011,27,29786,100,17169,6968,12,25,71,5699,148],"class_list":{"0":"post-632920","1":"post","2":"type-post","3":"status-publish","4":"format-standard","5":"has-post-thumbnail","7":"category-france","8":"tag-actualite","9":"tag-actualites","10":"tag-epidemie","11":"tag-fr","12":"tag-france","13":"tag-grippe","14":"tag-hopital","15":"tag-institut-pasteur","16":"tag-mortalite","17":"tag-news","18":"tag-republique-francaise","19":"tag-sante","20":"tag-sante-publique","21":"tag-vaccination"},"share_on_mastodon":{"url":"https:\/\/pubeurope.com\/@fr\/115816220750593179","error":""},"_links":{"self":[{"href":"https:\/\/www.europesays.com\/fr\/wp-json\/wp\/v2\/posts\/632920","targetHints":{"allow":["GET"]}}],"collection":[{"href":"https:\/\/www.europesays.com\/fr\/wp-json\/wp\/v2\/posts"}],"about":[{"href":"https:\/\/www.europesays.com\/fr\/wp-json\/wp\/v2\/types\/post"}],"author":[{"embeddable":true,"href":"https:\/\/www.europesays.com\/fr\/wp-json\/wp\/v2\/users\/2"}],"replies":[{"embeddable":true,"href":"https:\/\/www.europesays.com\/fr\/wp-json\/wp\/v2\/comments?post=632920"}],"version-history":[{"count":0,"href":"https:\/\/www.europesays.com\/fr\/wp-json\/wp\/v2\/posts\/632920\/revisions"}],"wp:featuredmedia":[{"embeddable":true,"href":"https:\/\/www.europesays.com\/fr\/wp-json\/wp\/v2\/media\/632921"}],"wp:attachment":[{"href":"https:\/\/www.europesays.com\/fr\/wp-json\/wp\/v2\/media?parent=632920"}],"wp:term":[{"taxonomy":"category","embeddable":true,"href":"https:\/\/www.europesays.com\/fr\/wp-json\/wp\/v2\/categories?post=632920"},{"taxonomy":"post_tag","embeddable":true,"href":"https:\/\/www.europesays.com\/fr\/wp-json\/wp\/v2\/tags?post=632920"}],"curies":[{"name":"wp","href":"https:\/\/api.w.org\/{rel}","templated":true}]}}