{"id":632922,"date":"2025-12-31T21:09:10","date_gmt":"2025-12-31T21:09:10","guid":{"rendered":"https:\/\/www.europesays.com\/fr\/632922\/"},"modified":"2025-12-31T21:09:10","modified_gmt":"2025-12-31T21:09:10","slug":"ils-nous-ont-quittes-en-2025","status":"publish","type":"post","link":"https:\/\/www.europesays.com\/fr\/632922\/","title":{"rendered":"ils nous ont quitt\u00e9s en 2025"},"content":{"rendered":"<p>                    Par<br \/>\n        <strong><br \/>\n            <a href=\"https:\/\/actu.fr\/auteur\/clement-mazella\" title=\"Consulter tous les articles de Cl\u00e9ment Mazella\" target=\"_blank\" rel=\"noopener\">Cl\u00e9ment Mazella<\/a><br \/>\n                    <\/strong><\/p>\n<p>        Publi\u00e9 le<\/p>\n<p>            31 d\u00e9c. 2025 \u00e0 15h12        <\/p>\n<p>L\u2019ann\u00e9e <strong>rugby 2025<\/strong> a \u00e9t\u00e9 marqu\u00e9e par <strong>la disparition de plusieurs figures embl\u00e9matiques<\/strong>. Roland Bertranne et Andr\u00e9 Herrero, l\u00e9gendes du <a href=\"https:\/\/actu.fr\/rugby\/xv-de-france\" target=\"_blank\" rel=\"noopener\">XV de France<\/a>, nous ont quitt\u00e9s, laissant un vide immense pour les fans et le sport. Ils n\u2019ont pas \u00e9t\u00e9 les seuls, \u00e0 l\u2019image de Josaia Raisuqe, Jean-Louis B\u00e9rot, Aldo Gruarin, ou encore le jeune Nicolas Haddad, 15 ans.<\/p>\n<p>Josaia Raisuqe (30 ans)<\/p>\n<p class=\" wall-content\">Le 8 mai, un terrible drame a emport\u00e9 le 3e ligne de Castres Josaia Raisuqe. \u00c2g\u00e9 de 30 ans, le Fidjien, \u00e0 bord de son v\u00e9hicule, a \u00e9t\u00e9 percut\u00e9 par un train au niveau de la commune de Sa\u00efx. Il venait de quitter le centre d\u2019entra\u00eenement du Castres Olympique pour se rendre chez lui afin de r\u00e9cup\u00e9rer des affaires oubli\u00e9es.<\/p>\n<p>Jean-Louis B\u00e9rot (78 ans)<\/p>\n<p class=\" wall-content\">Le 23 septembre, l\u2019ex demi de m\u00eal\u00e9e ou demi d\u2019ouverture <strong>Jean-Louis B\u00e9rot<\/strong> nous a quitt\u00e9s \u00e0 l\u2019\u00e2ge de 78 ans, apr\u00e8s avoir chut\u00e9 d\u2019une palombi\u00e8re. Pass\u00e9 par Dax et Toulouse, il porta \u00e0 21 reprises le maillot du XV de France. Il fut \u00e9galement pr\u00e9sident de l\u2019US Dax.\u00a0<\/p>\n<p>Roland Bertranne (75 ans)<\/p>\n<p class=\" wall-content\">Le 2 octobre, l\u2019ancien centre international, <strong>Roland Bertranne<\/strong>, est d\u00e9c\u00e9d\u00e9. Il avait 75 ans. Le Haut-Pyr\u00e9n\u00e9en fit l\u2019immense majorit\u00e9 de sa carri\u00e8re du c\u00f4t\u00e9 de Bagn\u00e8res-de-Bigorre, avec qui il disputa deux finales du championnat de France (79 et 81). Surnomm\u00e9 \u00ab\u00a0Le petit taureau furieux\u00a0\u00bb, Bertranne (69 s\u00e9lections), d\u00e9crocha deux Grand Chelem, dont <a href=\"https:\/\/actu.fr\/sports\/rugby\/xv-de-france\/la-boite-souvenirs-rugby-1977-lessai-splendide-bastiat-le-gain-grand-chelem_33313075.html\" target=\"_blank\" rel=\"noopener\">le mythique de 1977<\/a>.<\/p>\n<p>Andr\u00e9 Herrero (87 ans)<\/p>\n<p class=\" wall-content\">Le 24 octobre, l\u2019ancien 2e ligne ou 3e ligne de Toulon, de Nice et du XV de France (22 s\u00e9lections), <a href=\"https:\/\/actu.fr\/provence-alpes-cote-d-azur\/toulon_83137\/carnet-noir-legende-de-toulon-andre-herrero-est-decede_63345769.html\" target=\"_blank\" rel=\"noopener\">Andr\u00e9 Herrero<\/a>, est d\u00e9c\u00e9d\u00e9 \u00e0 l\u2019\u00e2ge de 87 ans. Surnomm\u00e9 \u00ab\u00a0Le Grand\u00a0\u00bb, fr\u00e8re de Daniel et Bernard, il \u00e9tait reconnu pour son esprit guerrier, et cette finale de 1971 jou\u00e9e malgr\u00e9 deux c\u00f4tes cass\u00e9es apr\u00e8s un vilain coup de pied au sol. Il fut pr\u00e9sident du RCT lors du titre de champion de France glan\u00e9 en 1992. Andr\u00e9 Herrero fut aussi manager du XV de France entre 1992 et 1995.<\/p>\n<p>Mais aussi\u2026<\/p>\n<ul class=\" wall-content\">\n<li>Pilier droit du XV de France (26 capes), victorieux du premier Grand Chelem de l\u2019histoire des Bleus en 1968, <strong>Aldo Gruarin<\/strong> est d\u00e9c\u00e9d\u00e9 le 28 janvier \u00e0 l\u2019\u00e2ge de 86 ans.<\/li>\n<li><strong>Nicolas Haddad<\/strong>, 15 ans, membre de l\u2019entente Saint-Maximin Brignoles Val d\u2019Issole (Var), est d\u00e9c\u00e9d\u00e9 le 18 mars \u00e0 la suite d\u2019un choc lors d\u2019un match en Corse.<\/li>\n<li>Double champion de France en tant qu\u2019entra\u00eeneur de B\u00e9ziers (81 et 83), ancien s\u00e9lectionneur de la G\u00e9orgie et la Russie, <strong>Claude Saurel<\/strong> s\u2019est \u00e9teint le 6 avril \u00e0 l\u2019\u00e2ge de 76 ans.<\/li>\n<li><strong>Cornal Hendricks<\/strong>, centre ou ailier des Boks (12 s\u00e9lections) est mort le 14 mai \u00e0 37 ans.<\/li>\n<li>Pass\u00e9 par Valence ou Pau, l\u2019ancien ouvreur d\u2019origine tahitienne <strong>Richard Mapuhi<\/strong> est d\u00e9c\u00e9d\u00e9 le 20 mai \u00e0 62 ans.<\/li>\n<li>John McLauchlan, 43 s\u00e9lections avec l\u2019Ecosse et 8 avec les Lions Britanniques, s\u2019est \u00e9teint \u00e0 l\u2019\u00e2ge de 83 ans le 20 juin.<\/li>\n<li>Le 29 juin, <strong>Sosefo Tuulaki<\/strong>, pilier du club d\u2019Hagetmau (F\u00e9d\u00e9rale 3), <a href=\"https:\/\/actu.fr\/nouvelle-aquitaine\/hagetmau_40119\/rugby-amateur-un-joueur-de-federale-3-trouve-la-mort-de-maniere-tragique_62851237.html\" target=\"_blank\" rel=\"noopener\">a trouv\u00e9 la mort dans un plan d\u2019eau<\/a> \u00e0 Cognac-la-For\u00eat (Haute-Vienne). Le N\u00e9o-Cal\u00e9donien \u00e9tait \u00e2g\u00e9 de 27 ans.<\/li>\n<li>Le 27 ao\u00fbt, l\u2019ancien 3e ligne n\u00e9o-z\u00e9landais <strong>Shane Christie<\/strong> est d\u00e9c\u00e9d\u00e9 \u00e0 39 ans.\u00a0 International \u00e0 7, il avait \u00e9t\u00e9 contraint d\u2019arr\u00eater sa carri\u00e8re \u00e0 31 ans, en raison des effets de plusieurs commotions c\u00e9r\u00e9brales. Ces derni\u00e8res ann\u00e9es, il \u00e9tait en souffrance, avec des pertes de m\u00e9moire ou des sautes d\u2019humeur. Certains rapports \u00e9voquent un suicide.<\/li>\n<li>Le 5 septembre, l\u2019ancien troisi\u00e8me ligne du TOEC et du Stade Toulousain, <strong>Jean Salut<\/strong>, est disparu des suites d\u2019une longue maladie. Il avait 82 ans. Cap\u00e9 \u00e0 7 reprises, il avait pris part au Grand Chelem 1968, le premier de l\u2019histoire du XV de France.<\/li>\n<li><strong>Joeli Veitayaki<\/strong>, ancien capitaine des Fidji, est d\u00e9c\u00e9d\u00e9 \u00e0 58 ans. L\u2019ancien pilier, surnomm\u00e9 \u00ab\u2009Big Joe\u2009\u00bb, avait \u00e9t\u00e9 international \u00e0 49 reprises, de 1994 \u00e0 2003.<\/li>\n<li><strong>Lusanda Dumke<\/strong>, joueuse (33 capes) et capitaine de la s\u00e9lection f\u00e9minine de l\u2019Afrique du Sud, est morte \u00e0 seulement 29 ans le 15 d\u00e9cembre. Durant des mois, elle a lutt\u00e9 contre un cancer gastrique rare<\/li>\n<li><strong>Patrice Peron<\/strong>, ancien 3e ligne du Racing, cap\u00e9 \u00e0 deux reprises en \u00e9quipe de France, est d\u00e9c\u00e9d\u00e9 le 29 d\u00e9cembre \u00e0 l\u2019\u00e2ge de 76 ans.<\/li>\n<\/ul>\n<p class=\" wall-content\">Personnalisez votre actualit\u00e9 en ajoutant vos villes et m\u00e9dias en favori avec <a href=\"https:\/\/moncompte.actu.fr\" title=\"D\u00e9couvez Mon Actu\" rel=\"nofollow noopener\" data-trk=\"{&quot;cta&quot;:{&quot;action&quot;:&quot;https:\\\/\\\/moncompte.actu.fr&quot;,&quot;category&quot;:&quot;mon compte&quot;,&quot;from&quot;:&quot;article footer&quot;,&quot;name&quot;:&quot;Mon actu&quot;,&quot;type&quot;:&quot;cta&quot;}}\" target=\"_blank\">Mon Actu<\/a>.<\/p>\n","protected":false},"excerpt":{"rendered":"Par Cl\u00e9ment Mazella Publi\u00e9 le 31 d\u00e9c. 2025 \u00e0 15h12 L\u2019ann\u00e9e rugby 2025 a \u00e9t\u00e9 marqu\u00e9e par la&hellip;\n","protected":false},"author":2,"featured_media":632923,"comment_status":"","ping_status":"","sticky":false,"template":"","format":"standard","meta":{"footnotes":""},"categories":[1416],"tags":[1011,27,1391,3788,479,1468,60],"class_list":{"0":"post-632922","1":"post","2":"type-post","3":"status-publish","4":"format-standard","5":"has-post-thumbnail","7":"category-rugby","8":"tag-fr","9":"tag-france","10":"tag-necrologie","11":"tag-pro","12":"tag-rugby","13":"tag-rugby-football","14":"tag-sports"},"share_on_mastodon":{"url":"https:\/\/pubeurope.com\/@fr\/115816232604352216","error":""},"_links":{"self":[{"href":"https:\/\/www.europesays.com\/fr\/wp-json\/wp\/v2\/posts\/632922","targetHints":{"allow":["GET"]}}],"collection":[{"href":"https:\/\/www.europesays.com\/fr\/wp-json\/wp\/v2\/posts"}],"about":[{"href":"https:\/\/www.europesays.com\/fr\/wp-json\/wp\/v2\/types\/post"}],"author":[{"embeddable":true,"href":"https:\/\/www.europesays.com\/fr\/wp-json\/wp\/v2\/users\/2"}],"replies":[{"embeddable":true,"href":"https:\/\/www.europesays.com\/fr\/wp-json\/wp\/v2\/comments?post=632922"}],"version-history":[{"count":0,"href":"https:\/\/www.europesays.com\/fr\/wp-json\/wp\/v2\/posts\/632922\/revisions"}],"wp:featuredmedia":[{"embeddable":true,"href":"https:\/\/www.europesays.com\/fr\/wp-json\/wp\/v2\/media\/632923"}],"wp:attachment":[{"href":"https:\/\/www.europesays.com\/fr\/wp-json\/wp\/v2\/media?parent=632922"}],"wp:term":[{"taxonomy":"category","embeddable":true,"href":"https:\/\/www.europesays.com\/fr\/wp-json\/wp\/v2\/categories?post=632922"},{"taxonomy":"post_tag","embeddable":true,"href":"https:\/\/www.europesays.com\/fr\/wp-json\/wp\/v2\/tags?post=632922"}],"curies":[{"name":"wp","href":"https:\/\/api.w.org\/{rel}","templated":true}]}}