{"id":632932,"date":"2025-12-31T21:17:12","date_gmt":"2025-12-31T21:17:12","guid":{"rendered":"https:\/\/www.europesays.com\/fr\/632932\/"},"modified":"2025-12-31T21:17:12","modified_gmt":"2025-12-31T21:17:12","slug":"ornans-gustave-courbet-un-hommage-desespere-et-inquiet-sur-la-tombe-du-peintre-lest-republicain","status":"publish","type":"post","link":"https:\/\/www.europesays.com\/fr\/632932\/","title":{"rendered":"Ornans. Gustave Courbet : un hommage \u00ab d\u00e9sesp\u00e9r\u00e9 \u00bb et inquiet sur la tombe du peintre &#8211; L&#039;Est R\u00e9publicain"},"content":{"rendered":"<ol>\n<li><a href=\"https:\/\/news.google.com\/rss\/articles\/CBMinAFBVV95cUxPaW1QYllkSnZvSUJPTE05aGtLT3RtbFdtc19ONTB2T195elB0dXdGUnJpMXBySkVEWTZmMEg2aGRmaVppdlNwREFNanBRRUVhQ2RqcHZVckROdTBEOFFJSXBmMERjMkZMLUNqaW5SbnNxbktEQ3lhNkpMRXp6UjhNc2NDT1dfcDZ1V2dxRmZBWW1JT1YxQjJJcFMxX2w?oc=5\" target=\"_blank\" rel=\"noopener\">Ornans. Gustave Courbet : un hommage \u00ab d\u00e9sesp\u00e9r\u00e9 \u00bb et inquiet sur la tombe du peintre<\/a>&nbsp;&nbsp;L&rsquo;Est R\u00e9publicain<\/li>\n<li><a href=\"https:\/\/news.google.com\/rss\/articles\/CBMi-gFBVV95cUxPWkFxMGhBcEdPRjczVDdSbm82X0JCLS1ucGhiT1VnbWFjbVFLWVVJcTVNOVBrcW9lTVIyMHRQMnlIS0RnczdsMmt6UEdjNnNDR0VTYm16Z2lYSTQwSS1qbXpjc09LTS11NWFPRzB3a1A5cV9jNEwzSWdreUwzc21jYkNndVdmYlB6bm9kNWMzNHVJSDJFei1kOVdWTlQycnllSC1ZWXhFa1cwRkEtTHRLeWktN096THdza1pwWVZxZ1AybE1DX2lzVm1JeWE2NXNkS3RYWTFibG9jS0ZsREozOWc0OHQwallISXpsQXRxbWlqY2lGbncwZU1B?oc=5\" target=\"_blank\" rel=\"noopener\">\u00ab\u00a0Un accord bancal\u00a0\u00bb : la vente discr\u00e8te d&rsquo;un tableau de Courbet au Qatar ou quand la France sacrifie son patrimoine<\/a>&nbsp;&nbsp;Marianne<\/li>\n<li><a href=\"https:\/\/news.google.com\/rss\/articles\/CBMiSEFVX3lxTE9kSVdDWEdjeU9oYVFfYWRMNzlfYjdsM3Rvb1VIOXVlUjhaak1qTGs5aWxqbUxacGhTQ0FzQl9DWXFyejdYYmpMNg?oc=5\" target=\"_blank\" rel=\"noopener\">Le D\u00e9sesp\u00e9r\u00e9 de Courbet : un communard en exil !<\/a>&nbsp;&nbsp;Journal Fakir<\/li>\n<li><a href=\"https:\/\/news.google.com\/rss\/articles\/CBMi9wFBVV95cUxOc1lwQ1VYa2FsUVl6bEVrOEVJcV9qLVZQNWRfdW9TU0JXby1ndkQtSEpkUDJOLW1ydnJXQm1JZ09RbTBfR2dfUGx0OTdvd1lseWZaUVdNLXZ3ay1ka25EVUZGeTBiWTBvNUdMczBmR0tidXVJLWJrRDRZYWZsNWFhYks5c0xPd3hLdkpEYzJaaU1xZEFSNkdoNnpJZUJrWmZRdGNCUEZpS0ZpVGJTZHV5dEw4aFNPM1FZQWxxcXJJRWl0Sk5yYVhLWVdqdUFvTUFzWjJDMnc1SFVMMUFnZkw4b0x4cmR3TTdDdU95QzEtb3RCNGhfbW5Z?oc=5\" target=\"_blank\" rel=\"noopener\">Franche-Comt\u00e9. Acquisition d&rsquo;une oeuvre de Courbet par le Qatar : \u00ab C\u2019est du n\u2019importe quoi ! \u00bb<\/a>&nbsp;&nbsp;Le Progr\u00e8s<\/li>\n<li><a href=\"https:\/\/news.google.com\/rss\/articles\/CBMi7wFBVV95cUxNbFV1M09qbzlhdENfZklHcWdMbnEtQ3pfSkZLaFo3TElGNmV3UmZOUmlZNFpVdWpSWVBMd09GVjVtWjFBTVFNTW8xanVReHVjU0RQNEE1TFpKSUpycGJjRkZxQmhuZkxSNUJDSEw1dGZMeFpQWFBMdmttZTRZUDNfRUgwYjJ0eWlkVUVKTTZCUm55eDctREJoY2hYSjIzTGpCaDM5MkI4Y0dVM3M5RWRld0JTRG5acFB0MG5RVDdCN2JVQUpHTmNSdmJtWm9sV2hqRUpwV0NxMEEwa0FOU1doMnYzVE5qdDNaeUNLTFlqVQ?oc=5\" target=\"_blank\" rel=\"noopener\">VERIF&rsquo; &#8211; Le Qatar s&rsquo;offre une toile de Courbet : peut-on bloquer la vente de chefs-d&rsquo;\u0153uvre vers l&rsquo;\u00e9tranger<\/a>&nbsp;&nbsp;TF1 Info<\/li>\n<\/ol>\n","protected":false},"excerpt":{"rendered":"Ornans. Gustave Courbet : un hommage \u00ab d\u00e9sesp\u00e9r\u00e9 \u00bb et inquiet sur la tombe du peintre&nbsp;&nbsp;L&rsquo;Est R\u00e9publicain \u00ab\u00a0Un&hellip;\n","protected":false},"author":2,"featured_media":632933,"comment_status":"","ping_status":"","sticky":false,"template":"","format":"standard","meta":{"footnotes":""},"categories":[1358],"tags":[1348,1384,1385,40185,1687,1386,58,14383,59,1011,27,20882,2661,11058],"class_list":{"0":"post-632932","1":"post","2":"type-post","3":"status-publish","4":"format-standard","5":"has-post-thumbnail","7":"category-arts-et-design","8":"tag-arts","9":"tag-arts-and-design","10":"tag-arts-et-design","11":"tag-cc-loue-lison-25a","12":"tag-culture-loisirs","13":"tag-design","14":"tag-divertissement","15":"tag-edition-besancon","16":"tag-entertainment","17":"tag-fr","18":"tag-france","19":"tag-ornans","20":"tag-patrimoine-culturel","21":"tag-region-franche-comte"},"share_on_mastodon":{"url":"https:\/\/pubeurope.com\/@fr\/115816263993710636","error":""},"_links":{"self":[{"href":"https:\/\/www.europesays.com\/fr\/wp-json\/wp\/v2\/posts\/632932","targetHints":{"allow":["GET"]}}],"collection":[{"href":"https:\/\/www.europesays.com\/fr\/wp-json\/wp\/v2\/posts"}],"about":[{"href":"https:\/\/www.europesays.com\/fr\/wp-json\/wp\/v2\/types\/post"}],"author":[{"embeddable":true,"href":"https:\/\/www.europesays.com\/fr\/wp-json\/wp\/v2\/users\/2"}],"replies":[{"embeddable":true,"href":"https:\/\/www.europesays.com\/fr\/wp-json\/wp\/v2\/comments?post=632932"}],"version-history":[{"count":0,"href":"https:\/\/www.europesays.com\/fr\/wp-json\/wp\/v2\/posts\/632932\/revisions"}],"wp:featuredmedia":[{"embeddable":true,"href":"https:\/\/www.europesays.com\/fr\/wp-json\/wp\/v2\/media\/632933"}],"wp:attachment":[{"href":"https:\/\/www.europesays.com\/fr\/wp-json\/wp\/v2\/media?parent=632932"}],"wp:term":[{"taxonomy":"category","embeddable":true,"href":"https:\/\/www.europesays.com\/fr\/wp-json\/wp\/v2\/categories?post=632932"},{"taxonomy":"post_tag","embeddable":true,"href":"https:\/\/www.europesays.com\/fr\/wp-json\/wp\/v2\/tags?post=632932"}],"curies":[{"name":"wp","href":"https:\/\/api.w.org\/{rel}","templated":true}]}}