{"id":632934,"date":"2025-12-31T21:19:17","date_gmt":"2025-12-31T21:19:17","guid":{"rendered":"https:\/\/www.europesays.com\/fr\/632934\/"},"modified":"2025-12-31T21:19:17","modified_gmt":"2025-12-31T21:19:17","slug":"agriculteur-du-pays-dauge-yannick-participe-a-lamour-est-dans-le-pre","status":"publish","type":"post","link":"https:\/\/www.europesays.com\/fr\/632934\/","title":{"rendered":"Agriculteur du pays d&rsquo;Auge, Yannick participe \u00e0 \u00ab L&rsquo;Amour est dans le pr\u00e9 \u00bb"},"content":{"rendered":"<p>                    Par<br \/>\n        <strong><br \/>\n            <a href=\"https:\/\/actu.fr\/auteur\/redaction-pa\" title=\"Consulter tous les articles de R\u00e9daction Le Pays d&#039;Auge\" target=\"_blank\" rel=\"noopener\">R\u00e9daction Le Pays d&rsquo;Auge<\/a><br \/>\n                    <\/strong><\/p>\n<p>        Publi\u00e9 le<\/p>\n<p>            31 d\u00e9c. 2025 \u00e0 18h30        <\/p>\n<p>La 21e saison de l\u2019\u00e9mission <a href=\"https:\/\/actu.fr\/tag\/lamour-est-dans-le-pre\" target=\"_blank\" rel=\"noopener\">L\u2019Amour est dans le pr\u00e9<\/a> se d\u00e9voile, avant son lancement le <b>lundi 19 janvier 2026<\/b>, \u00e0 21 h 10 sur M6.<\/p>\n<p class=\" wall-content\">Parmi les 14 agriculteurs qui recherchent l\u2019amour,<b> Yannick, 64\u00a0ans, est originaire du pays d\u2019Auge<\/b>, dans le Calvados.<\/p>\n<p class=\" wall-content\">\u00c9leveur de <b>vaches allaitantes et polyculture<\/b>, ce jeune retrait\u00e9 a transmis son exploitation \u00e0 Pascal et B\u00e9n\u00e9dicte, un couple qu\u2019il consid\u00e8re comme sa deuxi\u00e8me famille, et \u00e0 qui il continue de pr\u00eater main-forte.<\/p>\n<p>\u00ab La vie n\u2019a pas \u00e9pargn\u00e9 Yannick \u00bb<\/p>\n<p class=\" wall-content\">\u00ab <b>Veuf depuis trois ans<\/b>, Yannick partage d\u00e9sormais sa vie avec Antoine, son fils de 31\u00a0ans, <b>handicap\u00e9 psychomoteur<\/b>. Un grand sensible, fan des Charlots, attachant, autonome, et toujours partant pour un voyage avec son p\u00e8re. Leur complicit\u00e9 forme un foyer tendre, sinc\u00e8re et solide \u00bb, raconte l\u2019\u00e9quipe de production.<\/p>\n<p class=\" wall-content\">Et pourtant, Yannick n\u2019a pas eu un parcours simple. \u00ab <b>La vie n\u2019a\u00a0pas \u00e9pargn\u00e9 Yannick <\/b>: la maladie, la perte de son fils Fabian, celle de sa femme Nadine\u2026 Et pourtant, il avance. Toujours. Avec une force calme, une bont\u00e9 immense et une r\u00e9silience qui force le respect. C\u2019est un homme solide, profond\u00e9ment bon, qui aime la simplicit\u00e9 : ses chiens, ses amis, les voyages, et les petits plaisirs de tous les jours \u00bb.<\/p>\n<p>\u00ab\u00a0Il est pr\u00eat \u00e0 rouvrir son c\u0153ur\u00a0\u00bb<\/p>\n<p class=\" wall-content\">En participant \u00e0 l\u2019\u00e9mission de M6, Yannick r\u00eave \u00ab de<b> rencontrer une femme chaleureuse, joyeuse, qui aime le contact, les projets simples, les rires\u2026 et qui saura trouver naturellement sa place aupr\u00e8s d\u2019Antoine<\/b> \u00bb, son fils. \u00ab Apr\u00e8s tant d\u2019\u00e9preuves, il est pr\u00eat \u00e0 rouvrir son c\u0153ur. Avec douceur, mais avec une conviction profonde : la vie peut encore \u00eatre belle \u00bb.<\/p>\n<p class=\" wall-content\">Personnalisez votre actualit\u00e9 en ajoutant vos villes et m\u00e9dias en favori avec <a href=\"https:\/\/moncompte.actu.fr\" title=\"D\u00e9couvez Mon Actu\" rel=\"nofollow noopener\" data-trk=\"{&quot;cta&quot;:{&quot;action&quot;:&quot;https:\\\/\\\/moncompte.actu.fr&quot;,&quot;category&quot;:&quot;mon compte&quot;,&quot;from&quot;:&quot;article footer&quot;,&quot;name&quot;:&quot;Mon actu&quot;,&quot;type&quot;:&quot;cta&quot;}}\" target=\"_blank\">Mon Actu<\/a>.<\/p>\n","protected":false},"excerpt":{"rendered":"Par R\u00e9daction Le Pays d&rsquo;Auge Publi\u00e9 le 31 d\u00e9c. 2025 \u00e0 18h30 La 21e saison de l\u2019\u00e9mission L\u2019Amour&hellip;\n","protected":false},"author":2,"featured_media":632935,"comment_status":"","ping_status":"","sticky":false,"template":"","format":"standard","meta":{"footnotes":""},"categories":[1356],"tags":[58,59,1011,27,9307,1652,252,1364],"class_list":{"0":"post-632934","1":"post","2":"type-post","3":"status-publish","4":"format-standard","5":"has-post-thumbnail","7":"category-television","8":"tag-divertissement","9":"tag-entertainment","10":"tag-fr","11":"tag-france","12":"tag-lamour-est-dans-le-pre","13":"tag-loisirs-culture","14":"tag-television","15":"tag-tv"},"share_on_mastodon":{"url":"https:\/\/pubeurope.com\/@fr\/115816271915170863","error":""},"_links":{"self":[{"href":"https:\/\/www.europesays.com\/fr\/wp-json\/wp\/v2\/posts\/632934","targetHints":{"allow":["GET"]}}],"collection":[{"href":"https:\/\/www.europesays.com\/fr\/wp-json\/wp\/v2\/posts"}],"about":[{"href":"https:\/\/www.europesays.com\/fr\/wp-json\/wp\/v2\/types\/post"}],"author":[{"embeddable":true,"href":"https:\/\/www.europesays.com\/fr\/wp-json\/wp\/v2\/users\/2"}],"replies":[{"embeddable":true,"href":"https:\/\/www.europesays.com\/fr\/wp-json\/wp\/v2\/comments?post=632934"}],"version-history":[{"count":0,"href":"https:\/\/www.europesays.com\/fr\/wp-json\/wp\/v2\/posts\/632934\/revisions"}],"wp:featuredmedia":[{"embeddable":true,"href":"https:\/\/www.europesays.com\/fr\/wp-json\/wp\/v2\/media\/632935"}],"wp:attachment":[{"href":"https:\/\/www.europesays.com\/fr\/wp-json\/wp\/v2\/media?parent=632934"}],"wp:term":[{"taxonomy":"category","embeddable":true,"href":"https:\/\/www.europesays.com\/fr\/wp-json\/wp\/v2\/categories?post=632934"},{"taxonomy":"post_tag","embeddable":true,"href":"https:\/\/www.europesays.com\/fr\/wp-json\/wp\/v2\/tags?post=632934"}],"curies":[{"name":"wp","href":"https:\/\/api.w.org\/{rel}","templated":true}]}}