{"id":632940,"date":"2025-12-31T21:22:10","date_gmt":"2025-12-31T21:22:10","guid":{"rendered":"https:\/\/www.europesays.com\/fr\/632940\/"},"modified":"2025-12-31T21:22:10","modified_gmt":"2025-12-31T21:22:10","slug":"un-jeune-malade-a-ete-gueri-grace-a-une-therapie-genique","status":"publish","type":"post","link":"https:\/\/www.europesays.com\/fr\/632940\/","title":{"rendered":"un jeune malade a \u00e9t\u00e9 gu\u00e9ri gr\u00e2ce \u00e0 une th\u00e9rapie g\u00e9nique"},"content":{"rendered":"<p>C\u2019est une lueur d\u2019espoir pour les malades. S\u00e9bastien Baudille, un Am\u00e9ricain de 21 ans, a \u00e9t\u00e9 gu\u00e9ri de la dr\u00e9panocytose. Le traitement qu\u2019il a re\u00e7u, s&rsquo;appuie sur la th\u00e9rapie g\u00e9nique. Le principe est simple : faire en sorte que le patient produise des globules rouges fonctionnels, en modifiant les cellules de la moelle osseuse. Pour cela, les m\u00e9decins utilisent un outil d&rsquo;\u00e9dition g\u00e9n\u00e9tique, afin d&rsquo;activer le g\u00e8ne responsable de la production d&rsquo;h\u00e9moglobine f\u0153tale.<\/p>\n<p>La th\u00e9rapie g\u00e9nique contre la dr\u00e9panocytose n&rsquo;est pas nouvelle. En France, un premier cas de gu\u00e9rison a \u00e9t\u00e9 rapport\u00e9 en 2014 sur un adolescent de 13 ans, mais l&rsquo;exp\u00e9rience n&rsquo;a jamais pu \u00eatre renouvel\u00e9e sur les autres patients qui ont suivi.<\/p>\n<p>La premi\u00e8re maladie g\u00e9n\u00e9tique en France<\/p>\n<p>Cette maladie, entra\u00eene une anomalie de l&rsquo;h\u00e9moglobine qui transporte de l&rsquo;oxyg\u00e8ne dans le sang. Les globules rouges touch\u00e9s circulent mal dans l&rsquo;organisme, ce qui provoque une mauvaise oxyg\u00e9nation des tissus et des l\u00e9sions dans les organes vitaux. Les personnes atteintes de la dr\u00e9panocytose ont donc mal en permanence, sont an\u00e9mi\u00e9s, fatigu\u00e9s et vivent dans l&rsquo;angoisse de la douleur.\u00a0<br \/>En France, pr\u00e8s de 30 000 personnes sont dr\u00e9panocytaires. C&rsquo;est la premi\u00e8re maladie g\u00e9n\u00e9tique en France et le taux d&rsquo;incidence \u00e0 la naissance est plus \u00e9lev\u00e9 dans les d\u00e9partements d&rsquo;outre-mer qu&rsquo;en Hexagone.<\/p>\n","protected":false},"excerpt":{"rendered":"C\u2019est une lueur d\u2019espoir pour les malades. S\u00e9bastien Baudille, un Am\u00e9ricain de 21 ans, a \u00e9t\u00e9 gu\u00e9ri de&hellip;\n","protected":false},"author":2,"featured_media":632941,"comment_status":"","ping_status":"","sticky":false,"template":"","format":"standard","meta":{"footnotes":""},"categories":[10],"tags":[1011,27,72,71],"class_list":{"0":"post-632940","1":"post","2":"type-post","3":"status-publish","4":"format-standard","5":"has-post-thumbnail","7":"category-sante","8":"tag-fr","9":"tag-france","10":"tag-health","11":"tag-sante"},"share_on_mastodon":{"url":"https:\/\/pubeurope.com\/@fr\/115816283721866783","error":""},"_links":{"self":[{"href":"https:\/\/www.europesays.com\/fr\/wp-json\/wp\/v2\/posts\/632940","targetHints":{"allow":["GET"]}}],"collection":[{"href":"https:\/\/www.europesays.com\/fr\/wp-json\/wp\/v2\/posts"}],"about":[{"href":"https:\/\/www.europesays.com\/fr\/wp-json\/wp\/v2\/types\/post"}],"author":[{"embeddable":true,"href":"https:\/\/www.europesays.com\/fr\/wp-json\/wp\/v2\/users\/2"}],"replies":[{"embeddable":true,"href":"https:\/\/www.europesays.com\/fr\/wp-json\/wp\/v2\/comments?post=632940"}],"version-history":[{"count":0,"href":"https:\/\/www.europesays.com\/fr\/wp-json\/wp\/v2\/posts\/632940\/revisions"}],"wp:featuredmedia":[{"embeddable":true,"href":"https:\/\/www.europesays.com\/fr\/wp-json\/wp\/v2\/media\/632941"}],"wp:attachment":[{"href":"https:\/\/www.europesays.com\/fr\/wp-json\/wp\/v2\/media?parent=632940"}],"wp:term":[{"taxonomy":"category","embeddable":true,"href":"https:\/\/www.europesays.com\/fr\/wp-json\/wp\/v2\/categories?post=632940"},{"taxonomy":"post_tag","embeddable":true,"href":"https:\/\/www.europesays.com\/fr\/wp-json\/wp\/v2\/tags?post=632940"}],"curies":[{"name":"wp","href":"https:\/\/api.w.org\/{rel}","templated":true}]}}