{"id":632943,"date":"2025-12-31T21:24:12","date_gmt":"2025-12-31T21:24:12","guid":{"rendered":"https:\/\/www.europesays.com\/fr\/632943\/"},"modified":"2025-12-31T21:24:12","modified_gmt":"2025-12-31T21:24:12","slug":"star-academy-2025-qui-sauveriez-vous-parmi-les-nommes-lors-du-200e-prime","status":"publish","type":"post","link":"https:\/\/www.europesays.com\/fr\/632943\/","title":{"rendered":"Star Academy 2025 : Qui sauveriez-vous parmi les nomm\u00e9s lors du 200e prime ?"},"content":{"rendered":"<p>Quatre jours apr\u00e8s <a href=\"https:\/\/www.20minutes.fr\/arts-stars\/television\/4193358-20251228-star-academy-2025-soleil-promo-part\" target=\"_blank\" class=\"c-link c-link--is-underlined\" rel=\"noopener\">l&rsquo;\u00e9limination de M\u00e9lissa<\/a>, Michael Goldman a d\u00e9voil\u00e9 le nom des trois nomm\u00e9s de la semaine lors de la quotidienne de la <a href=\"https:\/\/www.20minutes.fr\/dossier\/star_academy\" class=\"c-link c-link--is-underlined\" target=\"_blank\" rel=\"noopener\">Star Academy 2025<\/a> mercredi soir. Et les surprises sont une nouvelle fois au rendez-vous. Le prime de samedi s&rsquo;annonce riche en \u00e9motions car Th\u00e9o P., Victor et Anouk sont sur la sellette.<\/p>\n<p>Quel candidat sauveriez-vous lors du 200e prime de la Star Aacemy 2025 ?<\/p>\n<p>Les \u00e9valuations devant les anciens profs du ch\u00e2teau<\/p>\n<p>Lundi et mardi, les \u00e9l\u00e8ves ont d\u00fb passer les \u00e9preuves de th\u00e9\u00e2tre, de danse et de chant devant d&rsquo;anciens professeurs de la Star Academy, comme Oscar Sisto, Hugues Hamelynck, Kamel Ouali, C\u00e9cile Chaduteau et Matthieu Gonet. Ambre et Th\u00e9o P. ont d\u00e9\u00e7u en th\u00e9\u00e2tre. Victor a oubli\u00e9 une partie de la danse et, malade, il a manqu\u00e9 de voix sur les notes les plus hautes de S.O.S d&rsquo;un terrien en d\u00e9tresse de Daniel Balavoine. Anouk a \u00e9t\u00e9 sanction\u00e9e sur le chant, notamment par Sofia qui n&rsquo;a pas appr\u00e9ci\u00e9 plusieurs notes trop basses, sur la m\u00eame chanson. Th\u00e9o P. n&rsquo;a pas d\u00e9m\u00e9rit\u00e9 sur Je t&rsquo;aime, de Lara Fabian, mais Michael Goldman le trouve toujours \u00e0 la tra\u00eene.<\/p>\n<p class=\"mb-m@xs text-l@xs\">En cliquant sur\u00ab J\u2019accepte \u00bb, vous acceptez le d\u00e9p\u00f4t de cookies par des services externes et aurez ainsi acc\u00e8s aux contenus de nos partenaires.<\/p>\n<p class=\"mb-xl@xs text-s@xs\">Plus d\u2019informations sur la page<a href=\"https:\/\/www.20minutes.fr\/gestion-cookies\" class=\"mx-xxs@xs color-ultramarine\" target=\"_blank\" rel=\"noopener\">Politique de gestion des cookies<\/a><\/p>\n<p>J\u2019accepte<\/p>\n<p>Pour rappel, le chant comptait pour 50 % sur la moyenne des \u00e9valuations, ce qui a \u00e9t\u00e9 fatal \u00e0 Victor, Th\u00e9o P. et donc Anouk. La Belge avait fini premi\u00e8re sur le th\u00e9\u00e2tre (25 % de la note, comme la danse).<\/p>\n<p>Le verdict samedi lors d&rsquo;un prime avec de nombreux anciens<\/p>\n<p>Les trois candidats en danger d\u00e9fendront leur place au ch\u00e2teau samedi en direct sur <a href=\"https:\/\/www.20minutes.fr\/dossier\/tf1\" class=\"c-link c-link--is-underlined\" target=\"_blank\" rel=\"noopener\">TF1<\/a> lors du prime pr\u00e9sent\u00e9 par Nikos Aliagas. Les artistes invit\u00e9s du prime seront Lara Fabian (qui chantera La diff\u00e9rence avec un \u00e9l\u00e8ve), H\u00e9l\u00e9na (sur Capuche), Ebony (sur Creep de <a href=\"https:\/\/www.20minutes.fr\/dossier\/radiohead\" class=\"c-link c-link--is-underlined\" target=\"_blank\" rel=\"noopener\">Radiohead<\/a>) et Anisha (sur Natural Woman d&rsquo;<a href=\"https:\/\/www.20minutes.fr\/dossier\/aretha-franklin\" class=\"c-link c-link--is-underlined\" target=\"_blank\" rel=\"noopener\">Aretha Franklin<\/a>). <\/p>\n<p>Kamel Ouali sera charg\u00e9 de la direction artistique de tout le prime. De nombreux anciens \u00e9l\u00e8ves feront la surprise aux \u00e9l\u00e8ves, comme Emma Daumas ou Michal.<\/p>\n","protected":false},"excerpt":{"rendered":"Quatre jours apr\u00e8s l&rsquo;\u00e9limination de M\u00e9lissa, Michael Goldman a d\u00e9voil\u00e9 le nom des trois nomm\u00e9s de la semaine&hellip;\n","protected":false},"author":2,"featured_media":632944,"comment_status":"","ping_status":"","sticky":false,"template":"","format":"standard","meta":{"footnotes":""},"categories":[8],"tags":[58,59,1011,27,10827,5095,252,199],"class_list":{"0":"post-632943","1":"post","2":"type-post","3":"status-publish","4":"format-standard","5":"has-post-thumbnail","7":"category-divertissement","8":"tag-divertissement","9":"tag-entertainment","10":"tag-fr","11":"tag-france","12":"tag-nikos-aliagas","13":"tag-star-academy","14":"tag-television","15":"tag-tf1"},"share_on_mastodon":{"url":"https:\/\/pubeurope.com\/@fr\/115816291724654356","error":""},"_links":{"self":[{"href":"https:\/\/www.europesays.com\/fr\/wp-json\/wp\/v2\/posts\/632943","targetHints":{"allow":["GET"]}}],"collection":[{"href":"https:\/\/www.europesays.com\/fr\/wp-json\/wp\/v2\/posts"}],"about":[{"href":"https:\/\/www.europesays.com\/fr\/wp-json\/wp\/v2\/types\/post"}],"author":[{"embeddable":true,"href":"https:\/\/www.europesays.com\/fr\/wp-json\/wp\/v2\/users\/2"}],"replies":[{"embeddable":true,"href":"https:\/\/www.europesays.com\/fr\/wp-json\/wp\/v2\/comments?post=632943"}],"version-history":[{"count":0,"href":"https:\/\/www.europesays.com\/fr\/wp-json\/wp\/v2\/posts\/632943\/revisions"}],"wp:featuredmedia":[{"embeddable":true,"href":"https:\/\/www.europesays.com\/fr\/wp-json\/wp\/v2\/media\/632944"}],"wp:attachment":[{"href":"https:\/\/www.europesays.com\/fr\/wp-json\/wp\/v2\/media?parent=632943"}],"wp:term":[{"taxonomy":"category","embeddable":true,"href":"https:\/\/www.europesays.com\/fr\/wp-json\/wp\/v2\/categories?post=632943"},{"taxonomy":"post_tag","embeddable":true,"href":"https:\/\/www.europesays.com\/fr\/wp-json\/wp\/v2\/tags?post=632943"}],"curies":[{"name":"wp","href":"https:\/\/api.w.org\/{rel}","templated":true}]}}