{"id":632951,"date":"2025-12-31T21:28:10","date_gmt":"2025-12-31T21:28:10","guid":{"rendered":"https:\/\/www.europesays.com\/fr\/632951\/"},"modified":"2025-12-31T21:28:10","modified_gmt":"2025-12-31T21:28:10","slug":"garder-son-sapin-de-noel-apres-cette-date-est-un-mauvais-presage-pour-2026","status":"publish","type":"post","link":"https:\/\/www.europesays.com\/fr\/632951\/","title":{"rendered":"Garder son sapin de No\u00ebl apr\u00e8s cette date est un mauvais pr\u00e9sage pour 2026"},"content":{"rendered":"<p>Et si garder votre sapin trop longtemps pouvait porter malheur ?<br \/>\nAlors que les f\u00eates touchent \u00e0 leur fin et que le Nouvel An<br \/>\napproche, votre majestueux sapin, qui illuminait votre salon,<br \/>\ncommence \u00e0 perdre de sa superbe. Une tradition ancestrale, m\u00ealant<br \/>\ncoutumes chr\u00e9tiennes et croyances pa\u00efennes, recommande de ne pas le<br \/>\nconserver au-del\u00e0 d\u00a0\u00bbune date bien pr\u00e9cise.<\/p>\n<p>Apr\u00e8s No\u00ebl, le sapin fatigue : pourquoi il est temps de le<br \/>\nretirer<\/p>\n<p>Les festivit\u00e9s de <strong>No\u00ebl<\/strong> sont pass\u00e9es, et le<br \/>\nsapin, autrefois \u00e9clatant et symbole de joie, s\u2019essouffle. Avec le<br \/>\ntemps, ses branches s\u2019affaissent, son vert vif devient terne et ses<br \/>\n<a href=\"https:\/\/www.lejournaldelamaison.fr\/le-journal-de-la-maison\/noel\/decoration-sapin\/dites-adieu-aiguilles-sapin-tombent-gachent-deco-salon-grace-innovation-action-499334.html\" target=\"_blank\" rel=\"noopener\"><br \/>\naiguilles se dispersent sur le sol.<\/a> Cette transformation, bien<br \/>\nqu&rsquo;in\u00e9vitable, s\u2019explique facilement : coup\u00e9 depuis des semaines,<br \/>\nle sapin se dess\u00e8che sous l\u2019effet de la <strong>chaleur<\/strong><br \/>\nint\u00e9rieure, acc\u00e9l\u00e9rant son vieillissement.<\/p>\n<p>Si vous h\u00e9sitez \u00e0 le conserver un peu plus longtemps, sachez que<br \/>\nselon la <strong>tradition<\/strong>, il est pr\u00e9f\u00e9rable de retirer<br \/>\n<a href=\"https:\/\/www.lejournaldelamaison.fr\/le-journal-de-la-maison\/noel\/sapin-dore-sostrene-grene-497894.html\" target=\"_blank\" rel=\"noopener\"><br \/>\nson sapin de No\u00ebl<\/a> avant une date cl\u00e9 : <strong>le 6<br \/>\njanvier.<\/strong> Cette journ\u00e9e, correspondant \u00e0 l&rsquo;\u00c9piphanie,<br \/>\nmarque la fin officielle de la p\u00e9riode festive. Mais pourquoi<br \/>\nest-ce si important ?<\/p>\n<p>La date symbolique du 6 janvier<\/p>\n<p>Depuis le IV\u1d49 si\u00e8cle, la tradition chr\u00e9tienne recommande<br \/>\nd\u2019enlever les d\u00e9corations douze jours apr\u00e8s No\u00ebl, \u00e0<br \/>\n<strong>l&rsquo;\u00c9piphanie<\/strong>, pour clore cette p\u00e9riode en beaut\u00e9.<br \/>\nCe rituel, loin d\u2019\u00eatre <strong>anodin<\/strong>, s\u2019appuie aussi sur<br \/>\ndes croyances plus anciennes. \u00c0 l\u2019\u00e9poque des rites<br \/>\n<strong>pa\u00efens<\/strong>, on pensait que les esprits des arbres<br \/>\ntrouvaient refuge dans les branches utilis\u00e9es pour d\u00e9corer les<br \/>\nmaisons, comme <a href=\"https:\/\/www.lejournaldelamaison.fr\/le-journal-de-la-maison\/noel\/decoration-de-la-maison\/cette-annee-troquez-votre-poinsettia-contre-cette-plante-increvable-et-tellement-deco-et-ce-nest-pas-le-cactus-de-noel-499727.html\" target=\"_blank\" rel=\"noopener\"><br \/>\nle houx ou le sapin.<\/a><\/p>\n<p>Ces entit\u00e9s, essentielles \u00e0 l\u2019\u00e9quilibre de la nature, devaient<br \/>\n\u00eatre lib\u00e9r\u00e9es apr\u00e8s les <strong>f\u00eates<\/strong>. Les retenir<br \/>\nrisquait, selon les croyances, de perturber les cycles naturels et<br \/>\nd\u2019attirer le malheur. Ainsi, retirer son <a href=\"https:\/\/www.lejournaldelamaison.fr\/le-journal-de-la-maison\/noel\/decoration-sapin\/vous-lignorez-peut-etre-mais-laver-votre-sapin-de-noel-pourrait-vous-eviter-des-ennuis-500210.html\" target=\"_blank\" rel=\"noopener\"><br \/>\nsapin de No\u00ebl<\/a> \u00e0 temps n\u2019est pas seulement une question de<br \/>\nd\u00e9coration ou de m\u00e9nage, mais une mani\u00e8re de respecter des<br \/>\ntraditions porteuses de sens.<\/p>\n<blockquote class=\"instagram-media\" style=\"background: #ffffff;border: 0;margin: 1px;width: 100%;padding: 0;max-width: 500px;\" data-instgrm-permalink=\"https:\/\/www.instagram.com\/p\/DC68W77qm7Y\/?hl=fr\" data-instgrm-version=\"14\"\/><p>\nRecycler son sapin : une action<br \/>\n\u00e9cologique pour bien d\u00e9marrer l\u2019ann\u00e9e<\/p>\n<p>Dire au revoir \u00e0 votre <strong>sapin<\/strong> ne signifie pas<br \/>\nl\u2019abandonner n\u2019importe o\u00f9. De nombreuses municipalit\u00e9s proposent<br \/>\ndes collectes sp\u00e9cifiques pour recycler <a href=\"https:\/\/www.lejournaldelamaison.fr\/le-journal-de-la-maison\/noel\/adieu-les-sapins-classiques-sostrene-grene-devoile-un-arbre-de-noel-eternel-parfait-pour-les-petits-espaces-500106.html\" target=\"_blank\" rel=\"noopener\"><br \/>\nles arbres de No\u00ebl.<\/a> Il suffit de d\u00e9poser votre sapin dans une<br \/>\nzone d\u00e9di\u00e9e ou de le laisser sur le <strong>trottoir<\/strong> \u00e0 une<br \/>\ndate de ramassage annonc\u00e9e.<\/p>\n<p>Recycler votre sapin est aussi une mani\u00e8re simple de faire un<br \/>\ngeste pour <strong>l\u2019environnement.<\/strong> Transform\u00e9s en<br \/>\n<strong>compost<\/strong> ou en <strong>paillis,<\/strong> ces arbres<br \/>\ncontribuent \u00e0 nourrir la nature au lieu de finir en d\u00e9charge. En<br \/>\nentamant l\u2019ann\u00e9e avec ce geste <strong>\u00e9co-responsable,<\/strong><br \/>\nvous commencez 2025 du bon pied tout en lib\u00e9rant votre espace pour<br \/>\naccueillir de nouvelles \u00e9nergies.<\/p>\n<p><script async src=\"\/\/www.instagram.com\/embed.js\"><\/script><\/p>\n","protected":false},"excerpt":{"rendered":"Et si garder votre sapin trop longtemps pouvait porter malheur ? Alors que les f\u00eates touchent \u00e0 leur&hellip;\n","protected":false},"author":2,"featured_media":632952,"comment_status":"","ping_status":"","sticky":false,"template":"","format":"standard","meta":{"footnotes":""},"categories":[4],"tags":[5734,11,3031,3477,1993,9238,2869,1805,35872,932,1011,27,45385,32332,12,15830,471,74158,25,63446,3711,9066],"class_list":{"0":"post-632951","1":"post","2":"type-post","3":"status-publish","4":"format-standard","5":"has-post-thumbnail","7":"category-france","8":"tag-5734","9":"tag-actualites","10":"tag-au","11":"tag-cette","12":"tag-comme","13":"tag-considere","14":"tag-date","15":"tag-de","16":"tag-dela","17":"tag-est","18":"tag-fr","19":"tag-france","20":"tag-garder","21":"tag-mauvais","22":"tag-news","23":"tag-noel","24":"tag-pour","25":"tag-presage","26":"tag-republique-francaise","27":"tag-sapin","28":"tag-son","29":"tag-un"},"share_on_mastodon":{"url":"https:\/\/pubeurope.com\/@fr\/115816307429968759","error":""},"_links":{"self":[{"href":"https:\/\/www.europesays.com\/fr\/wp-json\/wp\/v2\/posts\/632951","targetHints":{"allow":["GET"]}}],"collection":[{"href":"https:\/\/www.europesays.com\/fr\/wp-json\/wp\/v2\/posts"}],"about":[{"href":"https:\/\/www.europesays.com\/fr\/wp-json\/wp\/v2\/types\/post"}],"author":[{"embeddable":true,"href":"https:\/\/www.europesays.com\/fr\/wp-json\/wp\/v2\/users\/2"}],"replies":[{"embeddable":true,"href":"https:\/\/www.europesays.com\/fr\/wp-json\/wp\/v2\/comments?post=632951"}],"version-history":[{"count":0,"href":"https:\/\/www.europesays.com\/fr\/wp-json\/wp\/v2\/posts\/632951\/revisions"}],"wp:featuredmedia":[{"embeddable":true,"href":"https:\/\/www.europesays.com\/fr\/wp-json\/wp\/v2\/media\/632952"}],"wp:attachment":[{"href":"https:\/\/www.europesays.com\/fr\/wp-json\/wp\/v2\/media?parent=632951"}],"wp:term":[{"taxonomy":"category","embeddable":true,"href":"https:\/\/www.europesays.com\/fr\/wp-json\/wp\/v2\/categories?post=632951"},{"taxonomy":"post_tag","embeddable":true,"href":"https:\/\/www.europesays.com\/fr\/wp-json\/wp\/v2\/tags?post=632951"}],"curies":[{"name":"wp","href":"https:\/\/api.w.org\/{rel}","templated":true}]}}