{"id":632955,"date":"2025-12-31T21:30:20","date_gmt":"2025-12-31T21:30:20","guid":{"rendered":"https:\/\/www.europesays.com\/fr\/632955\/"},"modified":"2025-12-31T21:30:20","modified_gmt":"2025-12-31T21:30:20","slug":"loire-un-spectaculaire-incendie-ravage-une-maison-en-plein-centre-de-saint-genest-malifaux","status":"publish","type":"post","link":"https:\/\/www.europesays.com\/fr\/632955\/","title":{"rendered":"Loire. Un spectaculaire incendie ravage une maison en plein centre de\u00a0Saint-Genest-Malifaux"},"content":{"rendered":"<p>Un incendie s\u2019est d\u00e9clar\u00e9 ce mercredi 31\u00a0d\u00e9cembre, vers 12\u00a0h\u00a040, rue du Forez, en plein centre de Saint-Genest-Malifaux. La maison incendi\u00e9e est mitoyenne avec d\u2019autres et nombreuses constructions et un important panache de fum\u00e9e \u00e9tait visible de tr\u00e8s loin.<\/p>\n<p>Pour faciliter l\u2019intervention des secours, la rue principale du village a \u00e9t\u00e9 coup\u00e9e dans les deux sens, en direction de Saint-Etienne et en direction du centre-bourg, par la gendarmerie qui \u00e9tait pr\u00e9sente sur les lieux.<\/p>\n<p>  La charpente d\u00e9truite<\/p>\n<p>Plusieurs casernes de pompiers sont intervenues avec, au plus fort de l\u2019incendie, au moins 25 soldats du feu et une dizaine de v\u00e9hicules. Selon les premiers \u00e9l\u00e9ments, le feu a pris dans les \u00e9tages de la maison. La charpente a \u00e9t\u00e9 d\u00e9truite ainsi qu\u2019une partie de toit. La grande \u00e9chelle a \u00e9t\u00e9 d\u00e9ploy\u00e9e pour intervenir au-dessus des toitures.<\/p>\n<p>Quatre locataires vivaient dans cette maison, mais fort heureusement, il n\u2019y a aucun bless\u00e9 dans le sinistre. Les circonstances du d\u00e9part des flammes ne sont pas encore connues. L\u2019\u00e9lectricit\u00e9 a \u00e9t\u00e9 coup\u00e9e imm\u00e9diatement dans le quartier et a \u00e9t\u00e9 r\u00e9tablie vers 16\u00a0h\u00a030 par Enedis.<\/p>\n","protected":false},"excerpt":{"rendered":"Un incendie s\u2019est d\u00e9clar\u00e9 ce mercredi 31\u00a0d\u00e9cembre, vers 12\u00a0h\u00a040, rue du Forez, en plein centre de Saint-Genest-Malifaux. La&hellip;\n","protected":false},"author":2,"featured_media":632956,"comment_status":"","ping_status":"","sticky":false,"template":"","format":"standard","meta":{"footnotes":""},"categories":[9653],"tags":[1111,11,2430,7539,1777,674,274,1011,27,1310,3367,12,25,4001,15342,15343],"class_list":{"0":"post-632955","1":"post","2":"type-post","3":"status-publish","4":"format-standard","5":"has-post-thumbnail","7":"category-saint-etienne","8":"tag-actu","9":"tag-actualites","10":"tag-auvergne-rhone-alpes","11":"tag-edition-loire-sud","12":"tag-eu","13":"tag-europe","14":"tag-faits-divers-justice","15":"tag-fr","16":"tag-france","17":"tag-incendie","18":"tag-loire","19":"tag-news","20":"tag-republique-francaise","21":"tag-saint-etienne","22":"tag-saint-genest-malifaux","23":"tag-saint-genest-malifaux-bassin"},"share_on_mastodon":{"url":"https:\/\/pubeurope.com\/@fr\/115816315270828449","error":""},"_links":{"self":[{"href":"https:\/\/www.europesays.com\/fr\/wp-json\/wp\/v2\/posts\/632955","targetHints":{"allow":["GET"]}}],"collection":[{"href":"https:\/\/www.europesays.com\/fr\/wp-json\/wp\/v2\/posts"}],"about":[{"href":"https:\/\/www.europesays.com\/fr\/wp-json\/wp\/v2\/types\/post"}],"author":[{"embeddable":true,"href":"https:\/\/www.europesays.com\/fr\/wp-json\/wp\/v2\/users\/2"}],"replies":[{"embeddable":true,"href":"https:\/\/www.europesays.com\/fr\/wp-json\/wp\/v2\/comments?post=632955"}],"version-history":[{"count":0,"href":"https:\/\/www.europesays.com\/fr\/wp-json\/wp\/v2\/posts\/632955\/revisions"}],"wp:featuredmedia":[{"embeddable":true,"href":"https:\/\/www.europesays.com\/fr\/wp-json\/wp\/v2\/media\/632956"}],"wp:attachment":[{"href":"https:\/\/www.europesays.com\/fr\/wp-json\/wp\/v2\/media?parent=632955"}],"wp:term":[{"taxonomy":"category","embeddable":true,"href":"https:\/\/www.europesays.com\/fr\/wp-json\/wp\/v2\/categories?post=632955"},{"taxonomy":"post_tag","embeddable":true,"href":"https:\/\/www.europesays.com\/fr\/wp-json\/wp\/v2\/tags?post=632955"}],"curies":[{"name":"wp","href":"https:\/\/api.w.org\/{rel}","templated":true}]}}