{"id":632959,"date":"2025-12-31T21:33:19","date_gmt":"2025-12-31T21:33:19","guid":{"rendered":"https:\/\/www.europesays.com\/fr\/632959\/"},"modified":"2025-12-31T21:33:19","modified_gmt":"2025-12-31T21:33:19","slug":"gagnez-vos-places-pour-le-spectacle-de-yann-guillarme-a-nancy","status":"publish","type":"post","link":"https:\/\/www.europesays.com\/fr\/632959\/","title":{"rendered":"Gagnez vos places pour le spectacle de Yann Guillarm\u00e9 \u00e0 Nancy"},"content":{"rendered":"\n<p>Samedi 24 janvier \u00e0 20h \u00e0 l\u2019auditorium du centre Prouv\u00e9 \u00e0 Nancy, retrouvez sur sc\u00e8ne l\u2019humoriste Yann Guillarm\u00e9, \u00ab Libre \u00bb.<\/p>\n<p>Libre : Adjectif. Se dit d&rsquo;une personne qui a le pouvoir, le droit de d\u00e9cider, d&rsquo;agir par soi-m\u00eame, quitte \u00e0 porter des lunettes fum\u00e9es, Libre d&rsquo;\u00eatre de gauche tout en esp\u00e9rant devenir riche pour fuir en suisse afin de se beurrer la biscotte sous le soleil de l&rsquo;\u00e9vasion fiscal. Libre d&rsquo;\u00eatre un peu beauf un peu gay mais quand m\u00eame compl\u00e8tement hetero, libre d&rsquo;\u00eatre un humain qui assume ses pens\u00e9es et ses paradoxes, libre de vous les livrer sur scene, Libre \u00e0 vous de les prendre&#8230; (prenez les je souhaite devenir riche assez vite)<\/p>\n<p>Alors, venez, viens, venons libre comme on est, libre tant qu&rsquo;on est vivant, libre tant qu&rsquo;on peut aimer, d\u00e9conner et rire.<\/p>\n<p>Gagnez 2 invitations.<\/p>\n","protected":false},"excerpt":{"rendered":"Samedi 24 janvier \u00e0 20h \u00e0 l\u2019auditorium du centre Prouv\u00e9 \u00e0 Nancy, retrouvez sur sc\u00e8ne l\u2019humoriste Yann Guillarm\u00e9,&hellip;\n","protected":false},"author":2,"featured_media":632960,"comment_status":"","ping_status":"","sticky":false,"template":"","format":"standard","meta":{"footnotes":""},"categories":[9635],"tags":[1111,11,2389,74160,1777,674,1011,27,775,30237,2701,73687,71518,3457,11209,1702,12,1825,25,3140,774,74159],"class_list":{"0":"post-632959","1":"post","2":"type-post","3":"status-publish","4":"format-standard","5":"has-post-thumbnail","7":"category-nancy","8":"tag-actu","9":"tag-actualites","10":"tag-alsace","11":"tag-centre-prouve","12":"tag-eu","13":"tag-europe","14":"tag-fr","15":"tag-france","16":"tag-grand-est","17":"tag-haute-marne","18":"tag-humoriste","19":"tag-magnum","20":"tag-magnum-la-radio","21":"tag-meurthe-et-moselle","22":"tag-meuse","23":"tag-nancy","24":"tag-news","25":"tag-radio","26":"tag-republique-francaise","27":"tag-spectacle","28":"tag-vosges","29":"tag-yann-guillarme"},"share_on_mastodon":{"url":"https:\/\/pubeurope.com\/@fr\/115816326924239055","error":""},"_links":{"self":[{"href":"https:\/\/www.europesays.com\/fr\/wp-json\/wp\/v2\/posts\/632959","targetHints":{"allow":["GET"]}}],"collection":[{"href":"https:\/\/www.europesays.com\/fr\/wp-json\/wp\/v2\/posts"}],"about":[{"href":"https:\/\/www.europesays.com\/fr\/wp-json\/wp\/v2\/types\/post"}],"author":[{"embeddable":true,"href":"https:\/\/www.europesays.com\/fr\/wp-json\/wp\/v2\/users\/2"}],"replies":[{"embeddable":true,"href":"https:\/\/www.europesays.com\/fr\/wp-json\/wp\/v2\/comments?post=632959"}],"version-history":[{"count":0,"href":"https:\/\/www.europesays.com\/fr\/wp-json\/wp\/v2\/posts\/632959\/revisions"}],"wp:featuredmedia":[{"embeddable":true,"href":"https:\/\/www.europesays.com\/fr\/wp-json\/wp\/v2\/media\/632960"}],"wp:attachment":[{"href":"https:\/\/www.europesays.com\/fr\/wp-json\/wp\/v2\/media?parent=632959"}],"wp:term":[{"taxonomy":"category","embeddable":true,"href":"https:\/\/www.europesays.com\/fr\/wp-json\/wp\/v2\/categories?post=632959"},{"taxonomy":"post_tag","embeddable":true,"href":"https:\/\/www.europesays.com\/fr\/wp-json\/wp\/v2\/tags?post=632959"}],"curies":[{"name":"wp","href":"https:\/\/api.w.org\/{rel}","templated":true}]}}