{"id":632961,"date":"2025-12-31T21:36:08","date_gmt":"2025-12-31T21:36:08","guid":{"rendered":"https:\/\/www.europesays.com\/fr\/632961\/"},"modified":"2025-12-31T21:36:08","modified_gmt":"2025-12-31T21:36:08","slug":"on-aurait-merite-deux-ou-trois-points-de-plus","status":"publish","type":"post","link":"https:\/\/www.europesays.com\/fr\/632961\/","title":{"rendered":"On aurait m\u00e9rit\u00e9 deux ou trois points de plus"},"content":{"rendered":"<p>Apr\u00e8s une courte parenth\u00e8se de six jours pour les f\u00eates, les joueurs de l&rsquo;AS Nancy Lorraine ont retrouv\u00e9 les terrains d&rsquo;entra\u00eenement ce samedi, comme le rapporte <a href=\"https:\/\/www.estrepublicain.fr\/sport\/2025\/12\/28\/l-as-nancy-lorraine-s-est-remise-en-action-avec-un-plan-comptable-en-tete\" target=\"_blank\" rel=\"noopener\">l&rsquo;Est R\u00e9publicain<\/a>. L\u2019heure est \u00e0 la mobilisation pour le club lorrain qui pointe actuellement \u00e0 une d\u00e9licate quinzi\u00e8me place en Ligue 2. Avec un bilan comptable de cinq victoires, trois nuls et neuf d\u00e9faites, les Nanc\u00e9iens ne comptent que 18 unit\u00e9s, soit seulement trois points d&rsquo;avance sur la zone de rel\u00e9gation. Ce retour aux affaires marque le d\u00e9but d&rsquo;une mission maintien cruciale, qui d\u00e9butera par un d\u00e9placement p\u00e9rilleux en Picardie pour d\u00e9fier Amiens, le samedi 3 janvier \u00e0 20h, lors de <a href=\"https:\/\/www.foot-national.com\/data\/calendrier-ligue2.html\" target=\"_blank\" rel=\"noopener\">la dix-huiti\u00e8me journ\u00e9e<\/a> de championnat. Un match qui sera, bien \u00e9videmment, \u00e0 suivre <a href=\"https:\/\/www.foot-national.com\/data\/live-ligue2.html\" target=\"_blank\" rel=\"noopener\">en direct<\/a> sur Foot-National.<\/p>\n<p><strong>Pablo Correa mise sur la stabilit\u00e9<\/strong><\/p>\n<p>Malgr\u00e9 cette position inconfortable au classement, l&rsquo;entra\u00eeneur embl\u00e9matique Pablo Correa refuse de c\u00e9der \u00e0 l&rsquo;alarmisme et dresse un bilan teint\u00e9 d&rsquo;optimisme. Analysant la situation avec recul, il a d\u00e9clar\u00e9 : \u00ab\u00a0Compte tenu d\u2019o\u00f9 on vient, de ce qu\u2019a v\u00e9cu le club et du fait qu\u2019une majorit\u00e9 de joueurs ne connaissait pas la Ligue 2, notre position est normale. Je trouve simplement qu\u2019on aurait m\u00e9rit\u00e9 deux ou trois points de plus, ce qui nous mettrait en milieu de tableau et changerait la perception qu\u2019on peut avoir de notre premi\u00e8re moiti\u00e9 de saison.\u00a0\u00bb Pour le promu, l&rsquo;enjeu de cette seconde partie de saison sera donc de transformer ce contenu encourageant en points afin de s&rsquo;\u00e9loigner rapidement de la zone rouge.<\/p>\n<p>Partagez cette info avec vos amis et vos proches en cliquant ici<br \/>Pour r\u00e9sumer<\/p>\n<p>Apr\u00e8s une courte tr\u00eave de six jours, les joueurs de l&rsquo;AS Nancy Lorraine ont retrouv\u00e9 le chemin de l&rsquo;entra\u00eenement ce samedi pour pr\u00e9parer un mois de janvier d\u00e9cisif. Malgr\u00e9 une quinzi\u00e8me place inconfortable au classement, l&rsquo;entra\u00eeneur Pablo Correa affiche sa s\u00e9r\u00e9nit\u00e9 et compte sur le d\u00e9placement \u00e0 Amiens pour lancer une seconde partie de saison plus ambitieuse.<\/p>\n<p> <img decoding=\"async\" width=\"76\" height=\"76\" loading=\"lazy\" src=\"https:\/\/static.wui.fr\/images_v3\/avatar-footnational.png\" alt=\"Aris Djennadi\"\/><\/p>\n","protected":false},"excerpt":{"rendered":"Apr\u00e8s une courte parenth\u00e8se de six jours pour les f\u00eates, les joueurs de l&rsquo;AS Nancy Lorraine ont retrouv\u00e9&hellip;\n","protected":false},"author":2,"featured_media":632962,"comment_status":"","ping_status":"","sticky":false,"template":"","format":"standard","meta":{"footnotes":""},"categories":[9635],"tags":[1111,11,1777,674,1011,27,775,59995,1702,12,25],"class_list":{"0":"post-632961","1":"post","2":"type-post","3":"status-publish","4":"format-standard","5":"has-post-thumbnail","7":"category-nancy","8":"tag-actu","9":"tag-actualites","10":"tag-eu","11":"tag-europe","12":"tag-fr","13":"tag-france","14":"tag-grand-est","15":"tag-ligue-2-actus","16":"tag-nancy","17":"tag-news","18":"tag-republique-francaise"},"share_on_mastodon":{"url":"https:\/\/pubeurope.com\/@fr\/115816338748560173","error":""},"_links":{"self":[{"href":"https:\/\/www.europesays.com\/fr\/wp-json\/wp\/v2\/posts\/632961","targetHints":{"allow":["GET"]}}],"collection":[{"href":"https:\/\/www.europesays.com\/fr\/wp-json\/wp\/v2\/posts"}],"about":[{"href":"https:\/\/www.europesays.com\/fr\/wp-json\/wp\/v2\/types\/post"}],"author":[{"embeddable":true,"href":"https:\/\/www.europesays.com\/fr\/wp-json\/wp\/v2\/users\/2"}],"replies":[{"embeddable":true,"href":"https:\/\/www.europesays.com\/fr\/wp-json\/wp\/v2\/comments?post=632961"}],"version-history":[{"count":0,"href":"https:\/\/www.europesays.com\/fr\/wp-json\/wp\/v2\/posts\/632961\/revisions"}],"wp:featuredmedia":[{"embeddable":true,"href":"https:\/\/www.europesays.com\/fr\/wp-json\/wp\/v2\/media\/632962"}],"wp:attachment":[{"href":"https:\/\/www.europesays.com\/fr\/wp-json\/wp\/v2\/media?parent=632961"}],"wp:term":[{"taxonomy":"category","embeddable":true,"href":"https:\/\/www.europesays.com\/fr\/wp-json\/wp\/v2\/categories?post=632961"},{"taxonomy":"post_tag","embeddable":true,"href":"https:\/\/www.europesays.com\/fr\/wp-json\/wp\/v2\/tags?post=632961"}],"curies":[{"name":"wp","href":"https:\/\/api.w.org\/{rel}","templated":true}]}}