{"id":632968,"date":"2025-12-31T21:42:12","date_gmt":"2025-12-31T21:42:12","guid":{"rendered":"https:\/\/www.europesays.com\/fr\/632968\/"},"modified":"2025-12-31T21:42:12","modified_gmt":"2025-12-31T21:42:12","slug":"challenge-dv-amateur-le-vc-rouen-76-pose-sa-griffe-actualite","status":"publish","type":"post","link":"https:\/\/www.europesays.com\/fr\/632968\/","title":{"rendered":"Challenge DV Amateur : Le VC Rouen 76 pose sa griffe &#8211; Actualit\u00e9"},"content":{"rendered":"<p>Cette saison, un club a domin\u00e9 la situation, le VC Rouen 76. Plus de 3000 points d&rsquo;avance au classement par \u00e9quipes du Challenge DV sur le SCO Dijon-Team Materiel-Velo.com et 3500 sur Bourg-en-Bresse Ain Cyclisme. La Conti F\u00e9d\u00e9rale normande est rest\u00e9e en t\u00eate 37 semaines d&rsquo;affil\u00e9e.\u00a0<\/p>\n<p><strong>UNE LOCOMOTIVE ET DES WAGONS QUI VONT TR\u00c8S VITE<\/strong><\/p>\n<p>Avec sa locomotive Matthew Fox, longtemps leader du Challenge DirectVelo, le VC Rouen 76 a pu aussi compter sur tous ses coureurs. Florentin Lecamus-Lambert signe le doubl\u00e9 Route Bretonne-Manche-Atlantique, Louka Lesueur gagne le Circuit du Men\u00e9 avant de remporter trois Elite Nationale, de terminer 2e du Tour du Pays Roannais et du Tour du Cher, 4e du Tour des Deux-S\u00e8vres, avant de finir la saison avec l&rsquo;\u00e9quipe de France Espoirs au Tour de l&rsquo;Avenir et au Championnat d&rsquo;Europe. Ilan Larmet conclut le mois d&rsquo;avril avec le premier succ\u00e8s de l&rsquo;\u00e9quipe au niveau UCI, d\u00e8s la premi\u00e8re \u00e9tape du Tour de Bretagne. Ce n&rsquo;est pas le dernier bouquet en 2.2 puisque Jean-Louis Le Ny gagne une \u00e9tape du KBE. Gr\u00e2ce \u00e0 son statut de Continentale, le VC Rouen 76 a disput\u00e9 une Classe 1 en Belgique, la Muur Classic. Esteban Foucher s&rsquo;y est class\u00e9 11e.<\/p>\n<p>La force collective brille dans les courses par \u00e9tapes. Jean-Louis Le Ny s&rsquo;offre l&rsquo;Essor Breton quand L\u00e9andre Huck remporte le Tour de la Manche et le Tour des Deux-S\u00e8vres. L\u00e9andre Huck est <a href=\"https:\/\/www.directvelo.com\/actualite\/121805\/on-ne-peut-pas-avoir-de-regrets-leandre-huck-malheureux-du-jour\" target=\"_blank\" rel=\"noopener\"><strong>pass\u00e9 tout pr\u00e8s du titre de Champion de France Amateurs<\/strong><\/a>. En tout, ce sont treize coureurs de l&rsquo;effectif qui ont lev\u00e9 les bras en 2025. Et le VC Rouen 76 a gagn\u00e9 <a href=\"https:\/\/www.directvelo.com\/actualite\/124291\/vc-rouen-76-la-partition-collective-est-juste-magnifique\" target=\"_blank\" rel=\"noopener\"><strong>sa deuxi\u00e8me Coupe de France N1 de suite<\/strong><\/a>.\u00a0<\/p>\n<p><strong>L&rsquo;UC CHOLET 49 DANS LA COUR DES GRANDS<\/strong><\/p>\n<p>Un autre club a largement domin\u00e9 sa cat\u00e9gorie, l&rsquo;UC Cholet 49. Mais ses coureurs ne se sont pas content\u00e9s d&rsquo;\u00eatre la meilleure N2, ils placent \u00a0leur \u00e9quipe 5e du classement par \u00e9quipes du Challenge DV. D\u00e8s le d\u00e9but de saison, les places d&rsquo;honneur se suivent. L&rsquo;UC Cholet 49 va m\u00eame se porter \u00e0 la 3e place quelques semaines. Les Choletais gagnent trois manches de la Coupe de France N2 : le Chrono 47, le Prix de Saint-Sulpice-les-Feuilles avec Anatole Leboucher et le Tour du P\u00e9rigord avec Thomas Garel, le coureur le mieux plac\u00e9 au classement individuel.<\/p>\n<p>Dans le Top 10 du classement par \u00e9quipes, on retrouve les cinq Conti F\u00e9d\u00e9rale, trois N1, une N2 et une \u00e9quipe Hors National, le Team Madras Capesterre Belle-eau. Le calendrier guadeloup\u00e9en fait l&rsquo;effort de proposer de nombreuses courses par \u00e9tapes et les deux fers de lance du club, K\u00e9vin Le Cunff et Damien Urcel cumulent 33 victoires.<\/p>\n<p><strong>MARTIGUES SC-PAYDEN&amp;RYGEL, LES VOYAGEURS<\/strong><\/p>\n<p>Pour remporter le classement par \u00e9quipes des N3, le Martigues SC-Payden&amp;Rygel a beaucoup voyag\u00e9. Le Tour de la Martinique (Elite Nationale), les Classe 2 en Italie et le Tour de Bulgarie (2.2) lui ont rapport\u00e9 des points gr\u00e2ce \u00e0 Noah Mollamby, 2e en Martinique, son compatriote n\u00e9o-z\u00e9landais 11e du Tour de Bulgarie, ou encore l&rsquo;Irlandais Dean Harvey, 7e du GP de l&rsquo;Industrie et du Commerce de San Vendemiano et Neriah Meunier Sow qui a choisi la nationalit\u00e9 sportive s\u00e9n\u00e9galaise. C&rsquo;est gr\u00e2ce \u00e0 lui que le club de Martigues \u00e9tait pr\u00e9sent au Championnat du Monde au Rwanda. Neriah Meunier Sow a particip\u00e9 \u00e0 la course Espoirs.<\/p>\n<p>Le club au maillot rose a aussi marqu\u00e9 des points dans l&rsquo;Hexagone. Lachlan McNabb termine 3e de la manche de Coupe de France \u00e0 Valberg. Dean Harvey se classe 2e le premier jour du Tour de l&rsquo;Ard\u00e8che M\u00e9ridionale et Noah Hollamby prend la 4e place de la 1\u00e8re \u00e9tape du Circuit de Sa\u00f4ne-et-Loire. C&rsquo;est la deuxi\u00e8me saison de suite que Martigues SC-Payden&amp;Rygel remporte le classement des N3 du Challenge DirectVelo.<\/p>\n<p>Suivez <a href=\"https:\/\/www.directvelo.com\/challenge\/equipe\/2025\/10\" target=\"_blank\" rel=\"noopener\"><strong>le classement par \u00e9quipes du Challenge DV Amateur<\/strong><\/a>.<\/p>\n<p><strong>Top 10 du classement par \u00e9quipes<\/strong> :<\/p>\n<p><strong>Classement des N1<\/strong><\/p>\n<p><strong>Classement des N2<\/strong><\/p>\n<p><strong>Classement des N3<\/strong><\/p>\n<p><strong>Classement Hors National<\/strong><\/p>\n<p>\u00a0<\/p>\n<p style=\"text-align: justify;\">\u00a0<\/p>\n","protected":false},"excerpt":{"rendered":"Cette saison, un club a domin\u00e9 la situation, le VC Rouen 76. Plus de 3000 points d&rsquo;avance au&hellip;\n","protected":false},"author":2,"featured_media":632969,"comment_status":"","ping_status":"","sticky":false,"template":"","format":"standard","meta":{"footnotes":""},"categories":[9587],"tags":[1111,11,834,828,836,829,837,827,83,826,824,823,207,814,817,815,816,822,821,1777,674,832,211,839,1011,27,820,818,819,12,5161,835,831,830,833,838,25,9590,212,208,825],"class_list":{"0":"post-632968","1":"post","2":"type-post","3":"status-publish","4":"format-standard","5":"has-post-thumbnail","7":"category-rouen","8":"tag-actu","9":"tag-actualites","10":"tag-attaque","11":"tag-belgique","12":"tag-braquet","13":"tag-bretagne","14":"tag-chute","15":"tag-competition","16":"tag-coupe-de-france","17":"tag-coureur","18":"tag-course-cyclisme","19":"tag-course-cycliste","20":"tag-cyclisme","21":"tag-direct","22":"tag-direct-velo","23":"tag-directvelo","24":"tag-directvelo-com","25":"tag-epreuve","26":"tag-epreuve-cycliste","27":"tag-eu","28":"tag-europe","29":"tag-federation-francaise-de-cyclisme","30":"tag-ffc","31":"tag-flandres","32":"tag-fr","33":"tag-france","34":"tag-live","35":"tag-live-course","36":"tag-live-epreuve","37":"tag-news","38":"tag-normandie","39":"tag-peloton","40":"tag-radio-peloton","41":"tag-radio-tour","42":"tag-ravitaillement","43":"tag-relance","44":"tag-republique-francaise","45":"tag-rouen","46":"tag-uci","47":"tag-velo","48":"tag-velos"},"share_on_mastodon":{"url":"","error":"Validation failed: Text character limit of 500 exceeded"},"_links":{"self":[{"href":"https:\/\/www.europesays.com\/fr\/wp-json\/wp\/v2\/posts\/632968","targetHints":{"allow":["GET"]}}],"collection":[{"href":"https:\/\/www.europesays.com\/fr\/wp-json\/wp\/v2\/posts"}],"about":[{"href":"https:\/\/www.europesays.com\/fr\/wp-json\/wp\/v2\/types\/post"}],"author":[{"embeddable":true,"href":"https:\/\/www.europesays.com\/fr\/wp-json\/wp\/v2\/users\/2"}],"replies":[{"embeddable":true,"href":"https:\/\/www.europesays.com\/fr\/wp-json\/wp\/v2\/comments?post=632968"}],"version-history":[{"count":0,"href":"https:\/\/www.europesays.com\/fr\/wp-json\/wp\/v2\/posts\/632968\/revisions"}],"wp:featuredmedia":[{"embeddable":true,"href":"https:\/\/www.europesays.com\/fr\/wp-json\/wp\/v2\/media\/632969"}],"wp:attachment":[{"href":"https:\/\/www.europesays.com\/fr\/wp-json\/wp\/v2\/media?parent=632968"}],"wp:term":[{"taxonomy":"category","embeddable":true,"href":"https:\/\/www.europesays.com\/fr\/wp-json\/wp\/v2\/categories?post=632968"},{"taxonomy":"post_tag","embeddable":true,"href":"https:\/\/www.europesays.com\/fr\/wp-json\/wp\/v2\/tags?post=632968"}],"curies":[{"name":"wp","href":"https:\/\/api.w.org\/{rel}","templated":true}]}}