{"id":632970,"date":"2025-12-31T21:44:17","date_gmt":"2025-12-31T21:44:17","guid":{"rendered":"https:\/\/www.europesays.com\/fr\/632970\/"},"modified":"2025-12-31T21:44:17","modified_gmt":"2025-12-31T21:44:17","slug":"attention-a-ces-interdictions-qui-entrent-en-vigueur-a-partir-de-ce-1er-janvier","status":"publish","type":"post","link":"https:\/\/www.europesays.com\/fr\/632970\/","title":{"rendered":"attention\u00a0\u00e0 ces interdictions qui entrent en vigueur \u00e0 partir de ce 1er\u00a0janvier"},"content":{"rendered":"<p>Chemin\u00e9es \u00e0 foyer ouvert, inserts anciens, po\u00eales \u00e0 bois\u2026 La r\u00e9glementation sur le chauffage au bois se durcit en Is\u00e8re. D\u00e8s ce 1er\u00a0janvier, de nouvelles interdictions entrent en vigueur dans de nombreuses communes, avec un calendrier d\u2019extensions jusqu\u2019en 2030.<\/p>\n<p>  Chauffage au bois\u00a0: des interdictions \u00e9largies<\/p>\n<p>C\u2019est l\u2019un des changements les plus significatifs. \u00c0 partir du 1er\u00a0janvier, l\u2019interdiction d\u2019utiliser des chemin\u00e9es \u00e0 foyer ouvert s\u2019\u00e9tend \u00e0 174 nouvelles communes is\u00e9roises, en plus des territoires d\u00e9j\u00e0 concern\u00e9s depuis octobre\u00a02024 (Grenoble Alpes M\u00e9tropole, le Gr\u00e9sivaudan et le Pays voironnais).<\/p>\n<p>Sont d\u00e9sormais concern\u00e9s les habitants des communaut\u00e9s de communes de Bi\u00e8vre Est, Bi\u00e8vre Is\u00e8re, Saint-Marcellin Vercors Is\u00e8re, le Tri\u00e8ves et les Vals du Dauphin\u00e9.<\/p>\n<p>Objectif affich\u00e9 par l\u2019\u00c9tat\u00a0: r\u00e9duire les \u00e9missions de particules fines, dont le chauffage au bois constitue la premi\u00e8re source en Is\u00e8re.<\/p>\n<p>Les foyers ouverts d\u00e9j\u00e0 install\u00e9s ne peuvent plus \u00eatre utilis\u00e9s, sauf s\u2019ils sont \u00e9quip\u00e9s d\u2019un dispositif performant de r\u00e9duction des polluants. En revanche, les appareils r\u00e9cents labellis\u00e9s Flamme verte restent autoris\u00e9s. Des aides financi\u00e8res existent pour remplacer les \u00e9quipements anciens (MaPrimeR\u00e9nov\u2019, prime Air bois, \u00e9co-pr\u00eat \u00e0 taux z\u00e9ro).<\/p>\n<p>Les communaut\u00e9s de communes de Vienne Condrieu Agglom\u00e9ration, Lyon Saint-Exup\u00e9ry en Dauphin\u00e9 et Entre Bi\u00e8vre et Rh\u00f4ne disposent, elles, encore de trois mois pour se conformer \u00e0 ce durcissement de la r\u00e9glementation. \u00c0 partir du 1er\u00a0avril 2026, elles seront \u00e9galement concern\u00e9es par cette interdiction.<\/p>\n<p>  Les foyers ferm\u00e9s aussi concern\u00e9s<\/p>\n<p>\u00c0 compter du 1er\u00a0janvier 2026, l\u2019utilisation des foyers ferm\u00e9s (inserts et po\u00eales \u00e0 bois) install\u00e9s avant 2002 sera interdite dans trois territoires is\u00e9rois d\u00e9j\u00e0 fortement expos\u00e9s \u00e0 la pollution de l\u2019air\u00a0: Grenoble Alpes M\u00e9tropole, le Gr\u00e9sivaudan et le Pays voironnais.<\/p>\n<p>Ces appareils anciens, m\u00eame ferm\u00e9s, sont jug\u00e9s trop \u00e9metteurs de particules fines. Ils devront \u00eatre remplac\u00e9s par des \u00e9quipements plus performants, r\u00e9pondant aux normes actuelles (label Flamme verte notamment), ou abandonn\u00e9s.<\/p>\n<p>Cette interdiction sera \u00e9tendue \u00e0 trois autres communaut\u00e9s de communes du nord du d\u00e9partement au 1er\u00a0avril 2028\u00a0: Vienne Condrieu Agglom\u00e9ration, Lyon Saint-Exup\u00e9ry en Dauphin\u00e9 et Entre Bi\u00e8vre et Rh\u00f4ne.<\/p>\n<p>  Cinq autres intercommunalit\u00e9s au 1er janvier 2030<\/p>\n<p>Puis, \u00e0 partir du 1er\u00a0janvier 2030, cinq autres intercommunalit\u00e9s seront concern\u00e9es\u00a0: Bi\u00e8vre Est, Bi\u00e8vre Is\u00e8re, Saint-Marcellin Vercors Is\u00e8re, le Tri\u00e8ves et les Vals du Dauphin\u00e9.<\/p>\n<p>Comme pour les foyers ouverts, des aides financi\u00e8res existent pour accompagner les m\u00e9nages concern\u00e9s. Les collectivit\u00e9s appellent les habitants \u00e0 anticiper d\u00e8s maintenant ces \u00e9ch\u00e9ances, afin d\u2019\u00e9viter un afflux de demandes de derni\u00e8re minute.<\/p>\n","protected":false},"excerpt":{"rendered":"Chemin\u00e9es \u00e0 foyer ouvert, inserts anciens, po\u00eales \u00e0 bois\u2026 La r\u00e9glementation sur le chauffage au bois se durcit&hellip;\n","protected":false},"author":2,"featured_media":632971,"comment_status":"","ping_status":"","sticky":false,"template":"","format":"standard","meta":{"footnotes":""},"categories":[9566],"tags":[1111,11,2430,130,115,112,113,116,111,114,436,1777,674,107,1795,1011,27,2731,108,12,25,104],"class_list":{"0":"post-632970","1":"post","2":"type-post","3":"status-publish","4":"format-standard","5":"has-post-thumbnail","7":"category-grenoble","8":"tag-actu","9":"tag-actualites","10":"tag-auvergne-rhone-alpes","11":"tag-consommation","12":"tag-edition-bourgoin-jallieu-nord-dauphine","13":"tag-edition-grenoble-agglomeration","14":"tag-edition-gresivaudan-oisans","15":"tag-edition-la-tour-du-pin-nord-dauphine","16":"tag-edition-vienne-roussillon","17":"tag-edition-voiron-saint-marcellin","18":"tag-environnement","19":"tag-eu","20":"tag-europe","21":"tag-fil-info","22":"tag-fil-web","23":"tag-fr","24":"tag-france","25":"tag-grenoble","26":"tag-isere","27":"tag-news","28":"tag-republique-francaise","29":"tag-societe"},"share_on_mastodon":{"url":"https:\/\/pubeurope.com\/@fr\/115816370370829810","error":""},"_links":{"self":[{"href":"https:\/\/www.europesays.com\/fr\/wp-json\/wp\/v2\/posts\/632970","targetHints":{"allow":["GET"]}}],"collection":[{"href":"https:\/\/www.europesays.com\/fr\/wp-json\/wp\/v2\/posts"}],"about":[{"href":"https:\/\/www.europesays.com\/fr\/wp-json\/wp\/v2\/types\/post"}],"author":[{"embeddable":true,"href":"https:\/\/www.europesays.com\/fr\/wp-json\/wp\/v2\/users\/2"}],"replies":[{"embeddable":true,"href":"https:\/\/www.europesays.com\/fr\/wp-json\/wp\/v2\/comments?post=632970"}],"version-history":[{"count":0,"href":"https:\/\/www.europesays.com\/fr\/wp-json\/wp\/v2\/posts\/632970\/revisions"}],"wp:featuredmedia":[{"embeddable":true,"href":"https:\/\/www.europesays.com\/fr\/wp-json\/wp\/v2\/media\/632971"}],"wp:attachment":[{"href":"https:\/\/www.europesays.com\/fr\/wp-json\/wp\/v2\/media?parent=632970"}],"wp:term":[{"taxonomy":"category","embeddable":true,"href":"https:\/\/www.europesays.com\/fr\/wp-json\/wp\/v2\/categories?post=632970"},{"taxonomy":"post_tag","embeddable":true,"href":"https:\/\/www.europesays.com\/fr\/wp-json\/wp\/v2\/tags?post=632970"}],"curies":[{"name":"wp","href":"https:\/\/api.w.org\/{rel}","templated":true}]}}