{"id":632972,"date":"2025-12-31T21:45:56","date_gmt":"2025-12-31T21:45:56","guid":{"rendered":"https:\/\/www.europesays.com\/fr\/632972\/"},"modified":"2025-12-31T21:45:56","modified_gmt":"2025-12-31T21:45:56","slug":"un-geste-civique-de-nouveaux-creneaux-disponibles-pendant-les-fetes-a-la-maison-du","status":"publish","type":"post","link":"https:\/\/www.europesays.com\/fr\/632972\/","title":{"rendered":"\u00ab\u00a0Un geste civique\u00a0\u00bb\u00a0: de nouveaux cr\u00e9neaux disponibles pendant les f\u00eates \u00e0 la Maison du"},"content":{"rendered":"<p>Manque de temps, flemme, pr\u00e9sence de votre famille, nouveau <a href=\"https:\/\/rennes.maville.com\/actu\/actudet_-les-tatouages-augmentent-ils-le-risque-de-developper-un-cancer-on-vous-repond-_54135-7068760_actu.Htm\" target=\"_blank\" rel=\"noopener\">tatouage<\/a>, ou m\u00eame dernier \u00e9pisode de votre <a href=\"https:\/\/www.ouest-france.fr\/leditiondusoir\/2025-12-12\/vous-croyez-aimer-la-serie-stranger-things-pour-son-intrigue-voici-ce-qui-vous-attire-vraiment-selon-une-chercheuse-8120f78f-6628-4c01-907a-8a16e8c8b534\" target=\"_blank\" rel=\"noopener\">s\u00e9rie pr\u00e9f\u00e9r\u00e9e<\/a>\u2026 On a tous de vraies bonnes excuses pour ne pas prendre le temps de donner son sang en cette p\u00e9riode de f\u00eates de fin d\u2019ann\u00e9e. Pourtant, les besoins ne faiblissent pas Ille-et-Vilaine.<\/p>\n<p>Face \u00e0 ce constat, <a href=\"https:\/\/rennes.maville.com\/actu\/actudet_-a-rennes-la-maison-du-don-fait-sa-rentree-du-jeudi-4-au-samedi-6-septembre-2025-_7-6952840_actu.Htm\" rel=\"nofollow noopener\" target=\"_blank\">la Maison du don de Rennes<\/a>, situ\u00e9e\u00a0\u00e0\u00a0Pontchaillou,\u00a0propose de nouveaux cr\u00e9neaux pour donner son sang du 29\u00a0d\u00e9cembre 2025 au 4\u00a0janvier 2026. La seule exception \u00e9tant le 1er\u00a0janvier.\u00a0Il est possible de prendre rendez-vous, m\u00eame \u00e0 la derni\u00e8re minute, sur <a href=\"https:\/\/dondesang.efs.sante.fr\/don-de-plasma?at_medium=sl&amp;at_campaign=Fil_rouge_2024&amp;at_platform=google&amp;at_creation=Don_du_sang&amp;at_network=Search&amp;at_term=dons%20plasma&amp;gclsrc=aw.ds&amp;gad_source=1&amp;gad_campaignid=20248876778&amp;gbraid=0AAAAAo6uHiGwbugdPdMeAvW0JdF98cS6P&amp;gclid=Cj0KCQiA6sjKBhCSARIsAJvYcpMNW_eYSaspa7MXAEASJ-QNUL9tlnWwJDqFDGFj7b9EKRcTMwY-z1saAkmeEALw_wcB\" rel=\"nofollow noopener\" target=\"_blank\">dondesang.efs.sante.fr<\/a>, l\u2019application mobile \u00ab\u00a0don de sang\u00a0\u00bb ou directement par t\u00e9l\u00e9phone au 02\u00a023\u00a022\u00a053\u00a097.<\/p>\n<p><strong>Lire aussi\u00a0:<\/strong> <a href=\"https:\/\/rennes.maville.com\/actu\/actudet_-don-du-sang-et-plasma-la-maison-du-don-de-rennes-lance-un-appel-a-mobilisation-_7-7104516_actu.Htm\" target=\"_blank\" rel=\"noopener\">Don du sang et plasma\u00a0: la Maison du don de Rennes lance un appel \u00e0 mobilisation<\/a><\/p>\n<p>Une exposition \u00e0 d\u00e9couvrir lors de votre don<\/p>\n<p>Pour motiver les donateurs, la Maison du don rennaise organise une nouvelle exposition de l\u2019artiste peintre Emilie Grison, du 31\u00a0d\u00e9cembre 2025 au 28\u00a0f\u00e9vrier 2026.<\/p>\n<p>\u00a0Je suis \u00e9mue d\u2019exposer \u00e0 la Maison du don,raconte l\u2019artiste connue pour ses grandes toiles de femmes p\u00eachues et color\u00e9es. Je donnais r\u00e9guli\u00e8rement mon sang depuis une vingtaine d\u2019ann\u00e9es et maintenant mon plasma. Ce geste que je trouve civique a pris encore plus de sens il y a quelques ann\u00e9es, lorsque j\u2019ai perdu mon grand-p\u00e8re d\u2019une leuc\u00e9mie. \u00c0 chaque don maintenant, j\u2019ai une pens\u00e9e pour lui et pour toutes personnes qui ont besoin de sang, de plasma et de plaquettes.\u00a0<\/p>\n<p>\u00a0<\/p>\n","protected":false},"excerpt":{"rendered":"Manque de temps, flemme, pr\u00e9sence de votre famille, nouveau tatouage, ou m\u00eame dernier \u00e9pisode de votre s\u00e9rie pr\u00e9f\u00e9r\u00e9e\u2026&hellip;\n","protected":false},"author":2,"featured_media":632973,"comment_status":"","ping_status":"","sticky":false,"template":"","format":"standard","meta":{"footnotes":""},"categories":[2821],"tags":[1111,11,829,73890,48357,48087,1777,674,14537,1011,27,24671,2142,12,2845,584,25,7233],"class_list":{"0":"post-632972","1":"post","2":"type-post","3":"status-publish","4":"format-standard","5":"has-post-thumbnail","7":"category-rennes","8":"tag-actu","9":"tag-actualites","10":"tag-bretagne","11":"tag-civique","12":"tag-creneaux","13":"tag-disponibles","14":"tag-eu","15":"tag-europe","16":"tag-fetes","17":"tag-fr","18":"tag-france","19":"tag-geste","20":"tag-maison","21":"tag-news","22":"tag-nouveaux","23":"tag-rennes","24":"tag-republique-francaise","25":"tag-sang"},"share_on_mastodon":{"url":"https:\/\/pubeurope.com\/@fr\/115816378110196193","error":""},"_links":{"self":[{"href":"https:\/\/www.europesays.com\/fr\/wp-json\/wp\/v2\/posts\/632972","targetHints":{"allow":["GET"]}}],"collection":[{"href":"https:\/\/www.europesays.com\/fr\/wp-json\/wp\/v2\/posts"}],"about":[{"href":"https:\/\/www.europesays.com\/fr\/wp-json\/wp\/v2\/types\/post"}],"author":[{"embeddable":true,"href":"https:\/\/www.europesays.com\/fr\/wp-json\/wp\/v2\/users\/2"}],"replies":[{"embeddable":true,"href":"https:\/\/www.europesays.com\/fr\/wp-json\/wp\/v2\/comments?post=632972"}],"version-history":[{"count":0,"href":"https:\/\/www.europesays.com\/fr\/wp-json\/wp\/v2\/posts\/632972\/revisions"}],"wp:featuredmedia":[{"embeddable":true,"href":"https:\/\/www.europesays.com\/fr\/wp-json\/wp\/v2\/media\/632973"}],"wp:attachment":[{"href":"https:\/\/www.europesays.com\/fr\/wp-json\/wp\/v2\/media?parent=632972"}],"wp:term":[{"taxonomy":"category","embeddable":true,"href":"https:\/\/www.europesays.com\/fr\/wp-json\/wp\/v2\/categories?post=632972"},{"taxonomy":"post_tag","embeddable":true,"href":"https:\/\/www.europesays.com\/fr\/wp-json\/wp\/v2\/tags?post=632972"}],"curies":[{"name":"wp","href":"https:\/\/api.w.org\/{rel}","templated":true}]}}