{"id":632976,"date":"2025-12-31T21:48:40","date_gmt":"2025-12-31T21:48:40","guid":{"rendered":"https:\/\/www.europesays.com\/fr\/632976\/"},"modified":"2025-12-31T21:48:40","modified_gmt":"2025-12-31T21:48:40","slug":"dix-articles-de-rue89-strasbourg-qui-ont-eu-de-limpact-en-2025","status":"publish","type":"post","link":"https:\/\/www.europesays.com\/fr\/632976\/","title":{"rendered":"Dix articles de Rue89 Strasbourg qui ont eu de l&rsquo;impact en 2025"},"content":{"rendered":"<p class=\"wp-block-post-excerpt__excerpt\">Permettre le d\u00e9bat public, mettre les d\u00e9cideurs face \u00e0 leurs responsabilit\u00e9s, les pousser \u00e0 agir\u2026 Un m\u00e9dia d\u2019investigation locale comme Rue89 Strasbourg produit des effets concrets. Passage en revue de nos impacts en 2025. <\/p>\n<p class=\"font-sans\">\n\t\t\tCet article est en acc\u00e8s libre. Pour soutenir Rue89 Strasbourg,<br \/>\n\t\t\t<a class=\"underline\" href=\"https:\/\/www.rue89strasbourg.com\/abonnement\" target=\"_blank\" rel=\"noopener\">abonnez-vous<\/a>.\n\t\t<\/p>\n<p>Guillaume Krempp<\/p>\n<p>Publi\u00e9 le 31 d\u00e9cembre 2025\u00a0\u00a0\u00b7\u00a0\u00a0<\/p>\n<p>Imprim\u00e9 le 31 d\u00e9cembre 2025 \u00e0 22h33\u00a0\u00a0\u00b7\u00a0\u00a0<\/p>\n<p>\t\t\t\t\t5\u00a0minutes\n<\/p>\n<p class=\"has-drop-cap\">Apr\u00e8s avoir \u00e9t\u00e9 <a href=\"https:\/\/www.rue89strasbourg.com\/dossier\/derives-expertise-psychiatrique\" target=\"_blank\" rel=\"noreferrer noopener\">l\u2019unique m\u00e9dia \u00e0 s\u2019int\u00e9resser \u00e0 l\u2019expert-psychiatre Henri Brunner<\/a>, plusieurs de nos confr\u00e8res et cons\u0153urs ont fini par \u00e9voquer dans leurs m\u00e9dias sa <a href=\"https:\/\/www.rue89strasbourg.com\/henri-brunner-appel-radiation-330788\" target=\"_blank\" rel=\"noreferrer noopener\">radiation par la chambre disciplinaire de l\u2019ordre des m\u00e9decins du Grand Est en janvier 2025<\/a>. Depuis plusieurs ann\u00e9es, Rue89 Strasbourg donnait <a href=\"https:\/\/www.rue89strasbourg.com\/docteur-brunner-plainte-sept-psychiatres-ordre-des-medecins-224959\" target=\"_blank\" rel=\"noreferrer noopener\">la parole aux victimes du docteur Brunner<\/a>, qui ont d\u00e9nonc\u00e9 chez l\u2019expert-psychiatre <a href=\"https:\/\/www.rue89strasbourg.com\/cinq-medecins-et-12-temoins-une-nouvelle-plainte-contre-lexpert-psychiatre-henri-brunner-a-lordre-des-medecins-256651\" target=\"_blank\" rel=\"noreferrer noopener\">un manque de respect allant jusqu\u2019\u00e0 l\u2019humiliation<\/a>. <\/p>\n<p>Gr\u00e2ce \u00e0 l\u2019engagement du psychiatre Georges Yoram Federmann et de l\u2019avocate Nohra Boukara, l\u2019ordre des m\u00e9decins a fini par reconna\u00eetre que les expertises b\u00e2cl\u00e9es de Henri Brunner \u00e9taient <a href=\"https:\/\/www.rue89strasbourg.com\/ordre-medecins-psychiatre-henri-brunner-expertises-charge-322783\" target=\"_blank\" rel=\"noreferrer noopener\">tr\u00e8s souvent orient\u00e9es dans l\u2019int\u00e9r\u00eat des institutions qui le missionnaient<\/a>. Le m\u00e9decin strasbourgeois a fait appel de la d\u00e9cision aupr\u00e8s de l\u2019ordre national des m\u00e9decins. Rue89 Strasbourg sera pr\u00e9sent pour publier les suites de cette affaire.<\/p>\n<p><a href=\"https:\/\/www.rue89strasbourg.com\/user\/offrez-rue89-strasbourg\" target=\"_blank\" rel=\" noreferrer noopener\"><img loading=\"lazy\" decoding=\"async\" width=\"1940\" height=\"500\" src=\"https:\/\/www.europesays.com\/fr\/wp-content\/uploads\/2025\/11\/banner-970x250px-promo-v2-.png\" alt=\"\" class=\"wp-image-367072\" style=\"object-fit:cover;width:970px;height:250px\"  \/><\/a><\/p>\n<p>Des effets imm\u00e9diats, concrets<\/p>\n<p>Sur certains sujets, l\u2019impact d\u2019un petit m\u00e9dia comme Rue89 Strasbourg est plus imm\u00e9diat. Ainsi apr\u00e8s que nous ayons publi\u00e9 <a href=\"https:\/\/www.rue89strasbourg.com\/universite-antisemitisme-uni-strasbourg-snu-exclusion-345684\" target=\"_blank\" rel=\"noreferrer noopener\">l\u2019exclusion de l\u2019Universit\u00e9 de Strasbourg du pr\u00e9sident du syndicat \u00e9tudiant UNI Strasbourg<\/a> pour antis\u00e9mitisme, nous avions sollicit\u00e9 la pr\u00e9fecture quant aux engagements de Samy Amokrane en tant que r\u00e9f\u00e9rent pour le Service national universel (SNU). Elle nous a r\u00e9pondu que son recrutement \u00e9tait annul\u00e9. Notre travail a ainsi eu un impact avant m\u00eame qu\u2019un article soit publi\u00e9\u00a0!<\/p>\n<p>Il y a d\u2019autres impacts qui passent inaper\u00e7us. N\u2019h\u00e9sitez donc jamais \u00e0 nous \u00e9crire ou nous appeler pour nous faire part des suites qu\u2019ont eu nos articles. Lors d\u2019un entretien avec le directeur de la Haute \u00e9cole des arts du Rhin (HEAR), Camille Balzinger a appris que St\u00e9phane Sauzedde avait soutenu la candidature de <a href=\"https:\/\/www.rue89strasbourg.com\/apres-avoir-fui-gaza-dalia-trouve-enfin-refuge-a-strasbourg-330741\" target=\"_blank\" rel=\"noreferrer noopener\">l\u2019artiste palestinienne Dalia Rahma<\/a> dans le cadre d\u2019un programme donnant l\u2019asile \u00e0 des chercheurs et artistes suite \u00e0 un <a href=\"https:\/\/www.rue89strasbourg.com\/de-gaza-a-strasbourg-le-combat-disabelle-pour-faire-venir-son-amie-dalia-299619\" target=\"_blank\" rel=\"noreferrer noopener\">portrait d\u2019elle publi\u00e9 sur Rue89 Strasbourg<\/a>. Quelques jours plus tard, nous apprenions qu\u2019<a href=\"https:\/\/www.rue89strasbourg.com\/ligue-droits-homme-conteste-autorisation-drones-prefecture-330956\" target=\"_blank\" rel=\"noopener\">une proc\u00e9dure contre le d\u00e9ploiement de drones<\/a> devant le tribunal administratif par la Ligue des Droits de l\u2019Homme du Bas-Rhin faisait suite \u00e0 <a href=\"https:\/\/www.rue89strasbourg.com\/strasbourg-prefecture-banalise-videosurveillance-drone-330647\" target=\"_blank\" rel=\"noreferrer noopener\">la lecture d\u2019un de nos articles<\/a>.<\/p>\n<p>\t\tUn lien fort avec les mobilisations<\/p>\n<p>De nos r\u00e9v\u00e9lations naissent des mobilisations. Apr\u00e8s avoir publi\u00e9 <a href=\"https:\/\/www.rue89strasbourg.com\/parole-aux-taulards-enquete-sur-les-conditions-de-detention-de-la-prison-de-strasbourg-250689\" target=\"_blank\" rel=\"noreferrer noopener\">de nombreux articles sur les conditions de d\u00e9tention \u00e0 la maison d\u2019arr\u00eat de Strasbourg<\/a>, Rue89 Strasbourg a relay\u00e9 <a href=\"https:\/\/www.rue89strasbourg.com\/strasbourg-mort-detenu-aveugle-seul-cellule-colere-prison-349067\" target=\"_blank\" rel=\"noreferrer noopener\">la parole et les revendications des d\u00e9tenus strasbourgeois<\/a>. <a href=\"https:\/\/www.rue89strasbourg.com\/conditions-detention-decentes-manifestation-prison-349697\" target=\"_blank\" rel=\"noreferrer noopener\">Cette m\u00e9diatisation<\/a> a abouti \u00e0 une manifestation in\u00e9dite devant la prison situ\u00e9e dans le quartier de l\u2019Elsau. Certes, les anciens d\u00e9tenus n\u2019\u00e9taient pas tr\u00e8s nombreux. Mais <a href=\"https:\/\/www.rue89strasbourg.com\/strasbourg-detenus-manifestation-349917\" target=\"_blank\" rel=\"noreferrer noopener\">ce rassemblement a permis de rappeler la r\u00e9alit\u00e9 carc\u00e9rale<\/a> de la maison d\u2019arr\u00eat de Strasbourg dans plusieurs journaux.<\/p>\n<p>Un m\u00e9dia engag\u00e9 comme Rue89 Strasbourg offre aussi un porte-voix utile \u00e0 des mobilisations en cours. Notre m\u00e9diatisation du combat de la Conf\u00e9d\u00e9ration syndicale des familles offre un exemple \u00e9loquent. En donnant \u00e0 voir <a href=\"https:\/\/www.rue89strasbourg.com\/nez-dans-moisissures-batigere-promet-renovations-deux-tours-lingolsheim-333722\" target=\"_blank\" rel=\"noreferrer noopener\">les conditions de vie dans deux tours HLM de Lingolsheim<\/a>, Thibault Vetter a pouss\u00e9 le bailleur Batig\u00e8re \u00e0 s\u2019engager. Et puisque nous gardons toujours un \u0153il sur nos dossiers, notre <a href=\"https:\/\/www.rue89strasbourg.com\/succes-mobilisation-insalubrite-tours-lingolsheim-363058\" target=\"_blank\" rel=\"noreferrer noopener\">article sur les suites concr\u00e8tes de ces engagements<\/a> a \u00e9t\u00e9 suivi d\u2019une <a href=\"https:\/\/www.rue89strasbourg.com\/batigere-prefecture-tours-moisies-lingolsheim-366451\" target=\"_blank\" rel=\"noreferrer noopener\">convocation de Batig\u00e8re en pr\u00e9fecture<\/a>.<\/p>\n<p>Susciter le d\u00e9bat<\/p>\n<p>Dans la liste de nos impacts de l\u2019ann\u00e9e, on trouve plusieurs d\u00e9bats publics rendus possibles par nos investigations. <a href=\"https:\/\/www.rue89strasbourg.com\/projet-europa-vallee-precise-reunions-confidentielles-365537\" target=\"_blank\" rel=\"noreferrer noopener\">Sans nos r\u00e9v\u00e9lations sur le projet de la famille Mack en Alsace centrale<\/a>, il n\u2019y aurait pas eu de r\u00e9union publique sur Europa Vall\u00e9e \u00e0 quelques mois des \u00e9lections municipales. Notre travail sur le sujet, qui <a href=\"https:\/\/www.rue89strasbourg.com\/en-alsace-centrale-europa-park-espere-construire-un-complexe-hotelier-sur-plus-de-150-hectares-de-terres-agricoles-169711\" target=\"_blank\" rel=\"noreferrer noopener\">remonte \u00e0 2020<\/a>, a permis aux habitants du Ried de s\u2019informer aupr\u00e8s de leurs \u00e9lus. C\u2019est l\u2019un des r\u00f4les primordiaux d\u2019un m\u00e9dia\u00a0: obliger les responsables, ici politiques, \u00e0 rendre des comptes. <\/p>\n<p>Il a fallu aussi le travail de Thibault Vetter pour permettre aux habitants de S\u00e9lestat de conna\u00eetre le comportement du candidat <a href=\"https:\/\/www.rue89strasbourg.com\/edouard-faller-mairie-selestat-appartements-insalubres-365074\" target=\"_blank\" rel=\"noreferrer noopener\">Edouard Faller en tant que propri\u00e9taire de logement<\/a>. Avec une question int\u00e9ressante pour le d\u00e9bat public s\u00e9lestadien\u00a0: le futur maire peut-il \u00eatre un ancien propri\u00e9taire de logements insalubres\u00a0?<\/p>\n<p>Des audits <\/p>\n<p>L\u2019effort de Roni Gocer pour <a href=\"https:\/\/www.rue89strasbourg.com\/rapport-egae-gestion-affaire-herve-polesi-367184\" target=\"_blank\" rel=\"noreferrer noopener\">r\u00e9v\u00e9ler l\u2019affaire Herv\u00e9 Polesi<\/a> a aussi abouti \u00e0 des effets concrets. Notre m\u00e9diatisation a <a href=\"https:\/\/www.rue89strasbourg.com\/jeanne-barseghian-affaire-polesi-harcelement-sexuel-367167\" target=\"_blank\" rel=\"noreferrer noopener\">pouss\u00e9 la maire de Strasbourg a reconna\u00eetre les manquements<\/a> dans la gestion des signalements de harc\u00e8lement sexuel qui ont vis\u00e9 cet \u00e9lu. Apr\u00e8s avoir command\u00e9 <a href=\"https:\/\/www.rue89strasbourg.com\/rapport-egae-gestion-affaire-herve-polesi-367184\" target=\"_blank\" rel=\"noreferrer noopener\">un audit sur cette gestion<\/a>, Jeanne Barseghian a promis une s\u00e9rie de mesures pour am\u00e9liorer la prise en charge des victimes de violences sexistes et sexuelle \u00e0 la Ville de Strasbourg.<\/p>\n<p>Plus r\u00e9cemment l\u2019enqu\u00eate de Thibault Vetter sur la gestion du TJP a \u00e9t\u00e9 suivie d\u2019une annonce. <a href=\"https:\/\/www.dna.fr\/culture-loisirs\/2025\/12\/22\/au-tjp-un-audit-a-la-suite-de-la-mise-en-cause-du-management-de-la-directrice-kaori-ito\" target=\"_blank\" rel=\"noreferrer noopener\">Comme l\u2019ont r\u00e9v\u00e9l\u00e9 les Derni\u00e8res nouvelles d\u2019Alsace<\/a>, la Ville de Strasbourg et les autres financeurs ont command\u00e9 un audit sur les risques psychosociaux pour les employ\u00e9s du th\u00e9\u00e2tre.<\/p>\n<p>ADMCS, Icans\u2026<\/p>\n<p>Difficile d\u2019\u00eatre exhaustif sur nos impacts. Pour conclure, citons p\u00eale-m\u00eale la cr\u00e9ation d\u2019un groupe Whatsapp \u00e0 la suite de notre <a href=\"https:\/\/www.rue89strasbourg.com\/admcs-alsaciens-millions-euros-projet-vide-368225\" target=\"_blank\" rel=\"noreferrer noopener\">enqu\u00eate sur l\u2019entreprise ADMCS<\/a>. Nos r\u00e9v\u00e9lations sur cette lev\u00e9e de fonds \u00e0 plus de 17 millions d\u2019euros aura au moins pouss\u00e9 des investisseurs \u00e0 \u00e9changer entre eux pour construire un regard plus critique sur ce projet. <a href=\"https:\/\/www.rue89strasbourg.com\/tag\/icans\" target=\"_blank\" rel=\"noreferrer noopener\">Du c\u00f4t\u00e9 de l\u2019Icans<\/a>, <a href=\"https:\/\/www.rue89strasbourg.com\/gachis-monumental-opacite-precipitation-icans-366283\" target=\"_blank\" rel=\"noreferrer noopener\">notre derni\u00e8re enqu\u00eate<\/a> a \u00e9t\u00e9 suivie d\u2019une communication plus r\u00e9guli\u00e8re de l\u2019Agence r\u00e9gionale de sant\u00e9 du Grand Est sur les conditions de la s\u00e9paration entre les H\u00f4pitaux universitaires de Strasbourg (HUS) et le Centre Paul Strauss. Et faire communiquer l\u2019ARS, \u00e7a a l\u2019air \u00e9vident dit comme \u00e7a, mais c\u2019est un changement tr\u00e8s important\u00a0!<\/p>\n<p>Et \u00e0 quelques pas de notre r\u00e9daction, il semblerait que la queue de personnes \u00e9trang\u00e8res devant la pr\u00e9fecture soit de moins en moins importante. <a href=\"https:\/\/www.rue89strasbourg.com\/appel-solidarite-migrants-prefecture-strasbourg-306192\" target=\"_blank\" rel=\"noreferrer noopener\">Comme si notre m\u00e9diatisation de cette file d\u2019attente<\/a>, qui <a href=\"https:\/\/www.rue89strasbourg.com\/prefecture-file-etrangers-335275\" target=\"_blank\" rel=\"noreferrer noopener\">commence parfois la nuit, malgr\u00e9 le froid<\/a>, avait pouss\u00e9 \u00e0 r\u00e9organiser le syst\u00e8me d\u2019accueil des personnes en attente de r\u00e9gularisation de leur situation administrative. Un sujet sur lequel nous vous tiendrons inform\u00e9s au courant de l\u2019ann\u00e9e 2026.<\/p>\n<p>D\u2019autres impacts ?<\/p>\n<p>N\u2019h\u00e9sitez pas \u00e0 nous \u00e9crire en commentaire ci-dessous, par courriel \u00e0 redaction@rue89strasbourg.com ou sur via r\u00e9seaux sociaux (<a href=\"https:\/\/www.facebook.com\/Rue89Strasbourg\" target=\"_blank\" rel=\"noreferrer noopener\">Facebook<\/a>, <a href=\"https:\/\/www.instagram.com\/rue89strasbourg\/?hl=fr\" target=\"_blank\" rel=\"noreferrer noopener\">Instagram<\/a>, <a href=\"https:\/\/bsky.app\/profile\/rue89strasbourg.com\" target=\"_blank\" rel=\"noreferrer noopener\">BlueSky<\/a>\u2026) si vous avez connaissance d\u2019autres impacts de Rue89 Strasbourg. Vos retours sont toujours les bienvenus. Pour les alertes qui n\u00e9cessitent une plus grande confidentialit\u00e9, nous disposons d\u2019une plateforme anonyme et s\u00e9curis\u00e9e \u00e0 l\u2019adresse suivante : <a href=\"https:\/\/alerte.rue89locaux.com\/#\/\" target=\"_blank\" rel=\"noopener\">https:\/\/alerte.rue89locaux.com\/<\/a><\/p>\n<p>Aller <strong>plus loin<\/strong><\/p>\n<p><strong>Pour soutenir Rue89 Strasbourg : <\/strong><\/p>\n<p><strong>Partager nos articles sur les r\u00e9seaux sociaux<\/strong>, permet de nous faire conna\u00eetre, de renouveler notre public et d\u2019acqu\u00e9rir de nouveaux et de nouvelles abonn\u00e9es.<\/p>\n<p><strong>Faire fuiter des documents et des informations<\/strong>, soit par courrier, soit par <a href=\"https:\/\/alerte.rue89locaux.com\" target=\"_blank\" rel=\"noopener\">notre plate-forme anonyme<\/a>, pour nous alerter sur des sujets qui peuvent avoir un int\u00e9r\u00eat public,<\/p>\n<p><strong><a href=\"https:\/\/www.rue89strasbourg.com\/abonnement\" target=\"_blank\" rel=\"noreferrer noopener\">L\u2019abonnement \u00e0 7\u20ac par mois<\/a>,<\/strong> sans engagement, apporte des ressources stables et r\u00e9guli\u00e8res \u00e0 notre entreprise. La r\u00e9daction est directement dimensionn\u00e9e en fonction du nombre d\u2019abonnements actifs.<\/p>\n<p><strong><a href=\"https:\/\/www.rue89strasbourg.com\/.\/soutenir\" target=\"_blank\" rel=\"noopener\">Les dons via J\u2019aime l\u2019info<\/a>,<\/strong> d\u00e9fiscalisables jusqu\u2019\u00e0 66%, permettent d\u2019am\u00e9liorer nos capacit\u00e9s de production.<\/p>\n<p><script async src=\"\/\/www.instagram.com\/embed.js\"><\/script><\/p>\n","protected":false},"excerpt":{"rendered":"Permettre le d\u00e9bat public, mettre les d\u00e9cideurs face \u00e0 leurs responsabilit\u00e9s, les pousser \u00e0 agir\u2026 Un m\u00e9dia d\u2019investigation&hellip;\n","protected":false},"author":2,"featured_media":632977,"comment_status":"","ping_status":"","sticky":false,"template":"","format":"standard","meta":{"footnotes":""},"categories":[2820],"tags":[1111,11,1777,674,1011,27,775,500,12,25,640],"class_list":{"0":"post-632976","1":"post","2":"type-post","3":"status-publish","4":"format-standard","5":"has-post-thumbnail","7":"category-strasbourg","8":"tag-actu","9":"tag-actualites","10":"tag-eu","11":"tag-europe","12":"tag-fr","13":"tag-france","14":"tag-grand-est","15":"tag-medias","16":"tag-news","17":"tag-republique-francaise","18":"tag-strasbourg"},"share_on_mastodon":{"url":"https:\/\/pubeurope.com\/@fr\/115816385945546427","error":""},"_links":{"self":[{"href":"https:\/\/www.europesays.com\/fr\/wp-json\/wp\/v2\/posts\/632976","targetHints":{"allow":["GET"]}}],"collection":[{"href":"https:\/\/www.europesays.com\/fr\/wp-json\/wp\/v2\/posts"}],"about":[{"href":"https:\/\/www.europesays.com\/fr\/wp-json\/wp\/v2\/types\/post"}],"author":[{"embeddable":true,"href":"https:\/\/www.europesays.com\/fr\/wp-json\/wp\/v2\/users\/2"}],"replies":[{"embeddable":true,"href":"https:\/\/www.europesays.com\/fr\/wp-json\/wp\/v2\/comments?post=632976"}],"version-history":[{"count":0,"href":"https:\/\/www.europesays.com\/fr\/wp-json\/wp\/v2\/posts\/632976\/revisions"}],"wp:featuredmedia":[{"embeddable":true,"href":"https:\/\/www.europesays.com\/fr\/wp-json\/wp\/v2\/media\/632977"}],"wp:attachment":[{"href":"https:\/\/www.europesays.com\/fr\/wp-json\/wp\/v2\/media?parent=632976"}],"wp:term":[{"taxonomy":"category","embeddable":true,"href":"https:\/\/www.europesays.com\/fr\/wp-json\/wp\/v2\/categories?post=632976"},{"taxonomy":"post_tag","embeddable":true,"href":"https:\/\/www.europesays.com\/fr\/wp-json\/wp\/v2\/tags?post=632976"}],"curies":[{"name":"wp","href":"https:\/\/api.w.org\/{rel}","templated":true}]}}