{"id":632978,"date":"2025-12-31T21:49:16","date_gmt":"2025-12-31T21:49:16","guid":{"rendered":"https:\/\/www.europesays.com\/fr\/632978\/"},"modified":"2025-12-31T21:49:16","modified_gmt":"2025-12-31T21:49:16","slug":"quels-ont-ete-les-10-articles-les-plus-lus-sur-pokaa-en-2025","status":"publish","type":"post","link":"https:\/\/www.europesays.com\/fr\/632978\/","title":{"rendered":"quels ont \u00e9t\u00e9 les 10 articles les plus lus sur Pokaa en 2025 ?"},"content":{"rendered":"<p>    <img loading=\"lazy\" width=\"1800\" height=\"900\" src=\"https:\/\/www.europesays.com\/fr\/wp-content\/uploads\/2025\/11\/jeanne-callthepolice.jpg\" class=\"attachment-full size-full\" alt=\"\" id=\"imageLove\" decoding=\"async\"  \/><\/p>\n<p id=\"breadcrumbs\"><a href=\"https:\/\/pokaa.fr\/\" target=\"_blank\" rel=\"noopener\">Accueil<\/a> \/ <a href=\"https:\/\/pokaa.fr\/categories\/actu\/\" target=\"_blank\" rel=\"noopener\">Info locale<\/a> \/ Strasbourg : quels ont \u00e9t\u00e9 les 10 articles les plus lus sur Pokaa en 2025 ?<\/p>\n<p>                    Info locale<\/p>\n<p><b>Alors que l\u2019ann\u00e9e s\u2019est cl\u00f4tur\u00e9e hier, petit retour sur les articles les plus lus de 2025 sur Pokaa. Au menu : de l\u2019actualit\u00e9 locale, de la conso\u2019 et m\u00eame un article humoristique pour le 1er avril. Petite plong\u00e9e dans les chiffres strasbourgeois.\u00a0<\/b><\/p>\n<p class=\"p1\">\u00c7a y est, on est en 2026. Une ann\u00e9e qui comportera son lot de bouleversements \u00e0 Strasbourg, <b>avec notamment les \u00e9lections municipales qui verront peut-\u00eatre un nouveau ou une nouvelle maire \u00eatre \u00e9lu(e).\u00a0<\/b><\/p>\n<p class=\"p1\">Ce passage \u00e0 la nouvelle ann\u00e9e donne l\u2019opportunit\u00e9 de se replonger dans les chiffres de 2025, notamment vis-\u00e0-vis des articles. <b>Sur l\u2019ann\u00e9e \u00e9coul\u00e9e, ce sont presque 9 millions de pages qui ont \u00e9t\u00e9 vues, pour 1 029 articles r\u00e9dig\u00e9s, soit un peu moins de 3 articles \u00e9crits par jour<\/b>. Mais qu\u2019est-ce qui a le mieux fonctionn\u00e9 sur Pokaa en 2025 ?<\/p>\n<p>    <img width=\"800\" height=\"600\" src=\"https:\/\/www.europesays.com\/fr\/wp-content\/uploads\/2025\/09\/314418045-3527526350809161-4336879267797697231-n-800x600.jpg\" class=\"attachment-image-size-L size-image-size-L\" alt=\"Strasbourg nacelle nacel + hauteur panorama cath\u00e9drale toits hauteur\" decoding=\"async\" loading=\"lazy\"  \/>         \u00a9 Coraline Lafon \/ Pokaa <\/p>\n<p>De l\u2019actu locale, des restaurants et le 1er avril : le top 10 des articles les plus lus sur Pokaa<\/p>\n<p class=\"p1\">On conna\u00eet souvent la r\u00e8gle : <b>ce n\u2019est pas toujours les articles sur lesquels on passe le plus de temps qui fonctionnent le mieux en termes de lectures<\/b>. Et ce, m\u00eame si les<a href=\"https:\/\/pokaa.fr\/2025\/12\/11\/fermeture-imposee-et-conflit-avec-la-mairie-a-strasbourg-quel-avenir-pour-le-wagon-souk\/\" target=\"_blank\" rel=\"noopener\"> deux enqu\u00eates sur le Wagon Souk<\/a> ont d\u00e9pass\u00e9 les 20 000 lectures, tout comme <a href=\"https:\/\/pokaa.fr\/2025\/09\/14\/les-docks-citadelle-prennent-leau-a-strasbourg-des-malfacons-gachent-la-vie-dhabitantes\/\" target=\"_blank\" rel=\"noopener\">celle sur les Docks Citadelle aux Deux-Rives<\/a>. Encore plus surprenant, <a href=\"https:\/\/pokaa.fr\/2025\/02\/04\/gros-projet-au-neudorf-ikea-et-revanche-du-tram-nord-ce-que-strasbourg-a-decide-hier\/\" target=\"_blank\" rel=\"noopener\">un article sur le conseil municipal de f\u00e9vrier<\/a> a titill\u00e9 les 30 000 lectures, portant sur un grand projet au Neudorf, IKEA et le retour du tram Nord.<\/p>\n<p class=\"p1\">Dans le top 10 de ce qui a le plus fonctionn\u00e9 cette ann\u00e9e, <b>on retrouve d\u2019abord un m\u00e9lange d\u2019actu locale, parfois insolite, et m\u00eame un article du 1er avril<\/b>, signature de Pokaa depuis des ann\u00e9es. Le reste du classement est compos\u00e9 d\u2019articles sur la restauration. Sans plus attendre, le voici :<b\/><\/p>\n<p class=\"p1\">1. <a href=\"https:\/\/pokaa.fr\/2025\/08\/20\/lenseigne-americaine-costco-ouvrira-un-immense-magasin-de-9000-m2-en-alsace-fin-2025\/\" target=\"_blank\" rel=\"noopener\">L\u2019enseigne am\u00e9ricaine \u00ab Costco \u00bb ouvrira un immense magasin de 9000 m2 en Alsace fin 2025<\/a> \u2013 <strong>88 175 vues<\/strong><\/p>\n<p class=\"p1\">2. <a href=\"https:\/\/pokaa.fr\/2025\/04\/01\/apres-avoir-demenage-au-centre-ville-jeanne-barseghian-trouve-aussi-que-cest-un-peu-la-zone\/\" target=\"_blank\" rel=\"noopener\">Apr\u00e8s avoir d\u00e9m\u00e9nag\u00e9 au centre-ville, Jeanne Barseghian trouve aussi que c\u2019est \u00ab un peu la zone \u00bb<\/a> \u2013 <strong>73 482 vues (article humoristique du 1er avril)<\/strong><\/p>\n<p class=\"p1\">3. <a href=\"https:\/\/pokaa.fr\/2025\/08\/20\/surprise-un-nouveau-radar-a-fait-son-apparition-sur-la-m35-vers-strasbourg\/\" target=\"_blank\" rel=\"noopener\">Surprise : un nouveau radar a fait son apparition sur la M35 vers Strasbourg<\/a> \u2013 <strong>68 837 vues<\/strong><\/p>\n<p class=\"p1\">4. <a href=\"https:\/\/pokaa.fr\/2025\/08\/13\/envie-de-vivre-dans-un-chateau-alsacien-le-haut-koenigsbourg-cherche-un-nouvel-employe\/\" target=\"_blank\" rel=\"noopener\">Envie de vivre dans un ch\u00e2teau alsacien ? Le Haut-Koenigsbourg cherche un nouvel employ\u00e9<\/a> \u2013 <strong>62 343 vues<\/strong><\/p>\n<p class=\"p1\">5. <a href=\"https:\/\/pokaa.fr\/2025\/01\/11\/strasbourg-un-violent-accident-entre-2-trams-vient-darriver-a-la-gare\/\" target=\"_blank\" rel=\"noopener\">Strasbourg : un violent accident entre 2 trams vient d\u2019arriver \u00e0 la gare<\/a> \u2013 <strong>56 013 vues<\/strong><\/p>\n<p class=\"p1\">6. <a href=\"https:\/\/pokaa.fr\/2025\/02\/16\/la-fnac-quitte-la-place-kleber-a-strasbourg-lavenir-de-la-celebre-maison-rouge-en-question\/\" target=\"_blank\" rel=\"noopener\">La Fnac quitte la place Kl\u00e9ber ? \u00c0 Strasbourg, l\u2019avenir de la c\u00e9l\u00e8bre Maison Rouge en question<\/a> \u2013 <strong>55 964 vues<\/strong><\/p>\n<p class=\"p1\">7. <a href=\"https:\/\/pokaa.fr\/2025\/02\/02\/ils-viennent-ou-vont-ouvrir-a-strasbourg-16-nouveaux-restaurants-bars-et-patisseries-a-tester-2025\/\" target=\"_blank\" rel=\"noopener\">Ils viennent ou vont ouvrir \u00e0 Strasbourg : 16 nouveaux restaurants, bars et p\u00e2tisseries \u00e0 tester<\/a> \u2013 <strong>54 186 vues<\/strong><\/p>\n<p class=\"p1\">8. <a href=\"https:\/\/pokaa.fr\/2025\/08\/03\/strasbourg-en-vente-pour-25-000-e-une-villa-historique-attend-sa-renovation-au-neudorf\/\" target=\"_blank\" rel=\"noopener\">Strasbourg : en vente pour 25 000 \u20ac, une villa historique attend sa r\u00e9novation au Neudorf<\/a> \u2013 <strong>51 984 vues<\/strong><\/p>\n<p class=\"p1\">9. <a href=\"https:\/\/pokaa.fr\/2025\/01\/23\/bon-et-pas-cher-le-premier-vrai-bouillon-de-strasbourg-ouvre-aujourdhui-avec-180-couverts\/\" target=\"_blank\" rel=\"noopener\">Bon et pas cher : le premier (vrai) bouillon de Strasbourg ouvre aujourd\u2019hui avec 180 couverts<\/a> \u2013 <strong>47 559 vues<\/strong><\/p>\n<p class=\"p1\">10. <a href=\"https:\/\/pokaa.fr\/2025\/10\/17\/cest-ouvert-a-cote-de-strasbourg-ils-ont-construit-une-ville-de-1000-m2-pour-enfants\/\" target=\"_blank\" rel=\"noopener\">C\u2019est ouvert : \u00e0 c\u00f4t\u00e9 de Strasbourg, ils ont construit une \u00ab ville \u00bb de 1000 m2 pour enfants<\/a> \u2013 <strong>43 206 vues<\/strong><\/p>\n<p>                <a href=\"https:\/\/pokaa.fr\/2025\/12\/30\/nos-photographes-ont-du-talent-a-strasbourg-et-alentours-2025-racontee-en-25-photos\/\" target=\"_blank\" rel=\"noopener\"><br \/>\n                    <img width=\"450\" height=\"270\" src=\"https:\/\/www.europesays.com\/fr\/wp-content\/uploads\/2025\/12\/img-20240901-112949-450x270.jpg\" class=\"attachment-card-horizontal--same-subject size-card-horizontal--same-subject wp-post-image\" alt=\"\" decoding=\"async\" loading=\"lazy\"\/>                <\/a><\/p>\n<p style=\"text-align: left;\"><b>Il ne nous reste plus qu\u2019\u00e0 vous remercier pour 2025. On vous souhaite une bonne ann\u00e9e 2026 et on vous donne rendez-vous chaque jour avec de nombreux \u00e9v\u00e9nements !\u00a0<\/b><\/p>\n","protected":false},"excerpt":{"rendered":"Accueil \/ Info locale \/ Strasbourg : quels ont \u00e9t\u00e9 les 10 articles les plus lus sur Pokaa&hellip;\n","protected":false},"author":2,"featured_media":632979,"comment_status":"","ping_status":"","sticky":false,"template":"","format":"standard","meta":{"footnotes":""},"categories":[2820],"tags":[17,1111,11,39906,1777,674,1011,27,775,12,36416,25,640,58524,3030],"class_list":{"0":"post-632978","1":"post","2":"type-post","3":"status-publish","4":"format-standard","5":"has-post-thumbnail","7":"category-strasbourg","8":"tag-17","9":"tag-actu","10":"tag-actualites","11":"tag-articles","12":"tag-eu","13":"tag-europe","14":"tag-fr","15":"tag-france","16":"tag-grand-est","17":"tag-news","18":"tag-pokaa","19":"tag-republique-francaise","20":"tag-strasbourg","21":"tag-strasbourg-actualite","22":"tag-top"},"share_on_mastodon":{"url":"","error":""},"_links":{"self":[{"href":"https:\/\/www.europesays.com\/fr\/wp-json\/wp\/v2\/posts\/632978","targetHints":{"allow":["GET"]}}],"collection":[{"href":"https:\/\/www.europesays.com\/fr\/wp-json\/wp\/v2\/posts"}],"about":[{"href":"https:\/\/www.europesays.com\/fr\/wp-json\/wp\/v2\/types\/post"}],"author":[{"embeddable":true,"href":"https:\/\/www.europesays.com\/fr\/wp-json\/wp\/v2\/users\/2"}],"replies":[{"embeddable":true,"href":"https:\/\/www.europesays.com\/fr\/wp-json\/wp\/v2\/comments?post=632978"}],"version-history":[{"count":0,"href":"https:\/\/www.europesays.com\/fr\/wp-json\/wp\/v2\/posts\/632978\/revisions"}],"wp:featuredmedia":[{"embeddable":true,"href":"https:\/\/www.europesays.com\/fr\/wp-json\/wp\/v2\/media\/632979"}],"wp:attachment":[{"href":"https:\/\/www.europesays.com\/fr\/wp-json\/wp\/v2\/media?parent=632978"}],"wp:term":[{"taxonomy":"category","embeddable":true,"href":"https:\/\/www.europesays.com\/fr\/wp-json\/wp\/v2\/categories?post=632978"},{"taxonomy":"post_tag","embeddable":true,"href":"https:\/\/www.europesays.com\/fr\/wp-json\/wp\/v2\/tags?post=632978"}],"curies":[{"name":"wp","href":"https:\/\/api.w.org\/{rel}","templated":true}]}}