{"id":632988,"date":"2025-12-31T21:55:14","date_gmt":"2025-12-31T21:55:14","guid":{"rendered":"https:\/\/www.europesays.com\/fr\/632988\/"},"modified":"2025-12-31T21:55:14","modified_gmt":"2025-12-31T21:55:14","slug":"le-nouveau-restaurant-de-philippe-etchebest-met-la-cuisine-francaise-a-lhonneur","status":"publish","type":"post","link":"https:\/\/www.europesays.com\/fr\/632988\/","title":{"rendered":"le nouveau restaurant de Philippe Etchebest met la cuisine fran\u00e7aise \u00e0 l&rsquo;honneur"},"content":{"rendered":"<p>                        Par\u00a0<br \/>\n                        <a class=\"link-text\" href=\"https:\/\/www.cuisineaz.com\/communaute\/nina-wauthier-1765464.aspx\" target=\"_blank\" rel=\"noopener\"><br \/>\n                             Nina de CuisineAZ<br \/>\n                        <\/a><\/p>\n<p>                le 31\/12\/2025 \u00e0 21:03<\/p>\n<p><a target=\"_blank\" href=\"https:\/\/www.cuisineaz.com\/tous-des-chefs\/les-recettes-du-chef-philippe-etchebest-p1068\" rel=\"noopener\">Philippe Etchebest<\/a> n\u2019en finit plus de faire vibrer les papilles des Bordelais ! Avec l\u2019ouverture de Le Classique, son tout nouveau restaurant situ\u00e9 en plein c\u0153ur du quartier Saint-Pierre, le chef \u00e9toil\u00e9 revient \u00e0 l\u2019essence m\u00eame de la cuisine fran\u00e7aise : celle qui r\u00e9conforte, qui \u00e9voque des souvenirs\u2026 et qui se d\u00e9guste avec \u00e9motion. Ambiance chaleureuse, grands plats \u00e0 l\u2019ancienne et service en salle digne des brasseries d\u2019autrefois : ici, tout a \u00e9t\u00e9 pens\u00e9 pour faire revivre les grandes heures de la gastronomie. Envie d\u2019en savoir plus ? On vous dit tout.<\/p>\n<p>                            <img decoding=\"async\" alt=\"Le Classique restaurant \" fetchpriority=\"high\" height=\"495\" src=\"https:\/\/www.europesays.com\/fr\/wp-content\/uploads\/2025\/12\/i207720-le-classique-restaurant.jpg\" width=\"660\"\/><\/p>\n<p>                    Sommaire :<\/p>\n<p>                        Sur le m\u00eame th\u00e8me<\/p>\n<p>                Vous allez aimer<\/p>\n<p>            <a href=\"https:\/\/www.cuisineaz.com\/actualites\/chefs-cuisiniers-patissiers-p773\" class=\"link-full\" target=\"_blank\" rel=\"noopener\">+ de contenu Chefs<\/a><\/p>\n<p>            <img decoding=\"async\" alt=\"Top 30 des recettes\" height=\"660\" loading=\"lazy\" src=\"https:\/\/www.europesays.com\/fr\/wp-content\/uploads\/2025\/12\/newsletter_img.jpg\" width=\"660\"\/><\/p>\n<p class=\"newsletter_title\">\n                Abonnez-vous \u00e0 notre newsletter\u00a0!\n            <\/p>\n<p class=\"newsletter_text\">\n                Recevez votre ebook gratuit et d\u00e9couvrez les derni\u00e8res recettes faciles, pas ch\u00e8res et de saison !\n            <\/p>\n<p class=\"newsletter_mentions\">\n        Votre adresse email sera uniquement utilis\u00e9e par Digital Prisma Players pour vous envoyer votre newsletter contenant des offres commerciales personnalis\u00e9es. Vous pouvez vous d\u00e9sinscrire \u00e0 tout moment en utilisant le lien de d\u00e9sabonnement int\u00e9gr\u00e9 dans la newsletter. Pour en savoir plus et exercer vos droits, prenez connaissance de notre <a href=\"https:\/\/rgpd.digitalprismatech.com\/charte-confidentialite-dpp.pdf\" target=\"_blank\" rel=\"noopener\">Charte de confidentialit\u00e9<\/a>.\n    <\/p>\n","protected":false},"excerpt":{"rendered":"Par\u00a0 Nina de CuisineAZ le 31\/12\/2025 \u00e0 21:03 Philippe Etchebest n\u2019en finit plus de faire vibrer les papilles&hellip;\n","protected":false},"author":2,"featured_media":632989,"comment_status":"","ping_status":"","sticky":false,"template":"","format":"standard","meta":{"footnotes":""},"categories":[2817],"tags":[1111,11,58711,1997,3012,58710,17674,1777,674,1011,27,12,2219,35359,14212,25,58709],"class_list":{"0":"post-632988","1":"post","2":"type-post","3":"status-publish","4":"format-standard","5":"has-post-thumbnail","7":"category-bordeaux","8":"tag-actu","9":"tag-actualites","10":"tag-autres-recettes","11":"tag-bordeaux","12":"tag-cuisines","13":"tag-desserts","14":"tag-entres","15":"tag-eu","16":"tag-europe","17":"tag-fr","18":"tag-france","19":"tag-news","20":"tag-nouvelle-aquitaine","21":"tag-plats","22":"tag-recette","23":"tag-republique-francaise","24":"tag-site-de-recettes-de-cuisine"},"share_on_mastodon":{"url":"https:\/\/pubeurope.com\/@fr\/115816413644822764","error":""},"_links":{"self":[{"href":"https:\/\/www.europesays.com\/fr\/wp-json\/wp\/v2\/posts\/632988","targetHints":{"allow":["GET"]}}],"collection":[{"href":"https:\/\/www.europesays.com\/fr\/wp-json\/wp\/v2\/posts"}],"about":[{"href":"https:\/\/www.europesays.com\/fr\/wp-json\/wp\/v2\/types\/post"}],"author":[{"embeddable":true,"href":"https:\/\/www.europesays.com\/fr\/wp-json\/wp\/v2\/users\/2"}],"replies":[{"embeddable":true,"href":"https:\/\/www.europesays.com\/fr\/wp-json\/wp\/v2\/comments?post=632988"}],"version-history":[{"count":0,"href":"https:\/\/www.europesays.com\/fr\/wp-json\/wp\/v2\/posts\/632988\/revisions"}],"wp:featuredmedia":[{"embeddable":true,"href":"https:\/\/www.europesays.com\/fr\/wp-json\/wp\/v2\/media\/632989"}],"wp:attachment":[{"href":"https:\/\/www.europesays.com\/fr\/wp-json\/wp\/v2\/media?parent=632988"}],"wp:term":[{"taxonomy":"category","embeddable":true,"href":"https:\/\/www.europesays.com\/fr\/wp-json\/wp\/v2\/categories?post=632988"},{"taxonomy":"post_tag","embeddable":true,"href":"https:\/\/www.europesays.com\/fr\/wp-json\/wp\/v2\/tags?post=632988"}],"curies":[{"name":"wp","href":"https:\/\/api.w.org\/{rel}","templated":true}]}}