{"id":633000,"date":"2025-12-31T22:02:12","date_gmt":"2025-12-31T22:02:12","guid":{"rendered":"https:\/\/www.europesays.com\/fr\/633000\/"},"modified":"2025-12-31T22:02:12","modified_gmt":"2025-12-31T22:02:12","slug":"a-lyon-un-deuxieme-gymnase-ouvre-pour-doubler-les-capacites-daccueil-durgence","status":"publish","type":"post","link":"https:\/\/www.europesays.com\/fr\/633000\/","title":{"rendered":"\u00e0 Lyon, un deuxi\u00e8me gymnase ouvre pour doubler les capacit\u00e9s d\u2019accueil d\u2019urgence"},"content":{"rendered":"<p>La pr\u00e9fecture du Rh\u00f4ne d\u00e9clenchait le plan grand froid ce lundi 29\u00a0d\u00e9cembre \u00e0 minuit.<\/p>\n<p>D\u00e8s le lendemain, 110 personnes vivant \u00e0 la rue pouvaient \u00eatre h\u00e9berg\u00e9es pour la nuit dans le gymnase Rosset (Lyon 7e). Pour augmenter les capacit\u00e9s d\u2019accueil, la pr\u00e9fecture et la M\u00e9tropole de Lyon s\u2019accordent sur l\u2019ouverture d\u2019un second gymnase \u2013 Louis Chanfray (Lyon 2e) &#8211; ouvert depuis ce mercredi 31\u00a0d\u00e9cembre \u00e0 17\u00a0h\u00a030.<\/p>\n<p>G\u00e9r\u00e9 par la Croix-Rouge \u2013 puis \u00e0 partir du 1\u1d49\u02b3 janvier par l\u2019Arm\u00e9e du salut -, cet \u00e9quipement public situ\u00e9 \u00e0 Perrache permet ainsi de doubler le nombre de places\u00a0: en tout 220 personnes pourront b\u00e9n\u00e9ficier d\u2019un abri.<\/p>\n<p>Pour rappel, dans la nuit du Nouvel An, les temp\u00e9ratures vont descendre jusqu\u2019\u00e0 \u2013 5\u00b0C degr\u00e9s selon M\u00e9t\u00e9o France. L\u2019accueil de ces structures passe par un appel au 115, de 16 \u00e0 18 heures et permet \u00e9galement de prendre en charge les personnes du campement au jardin des Chartreux.<\/p>\n","protected":false},"excerpt":{"rendered":"La pr\u00e9fecture du Rh\u00f4ne d\u00e9clenchait le plan grand froid ce lundi 29\u00a0d\u00e9cembre \u00e0 minuit. D\u00e8s le lendemain, 110&hellip;\n","protected":false},"author":2,"featured_media":633001,"comment_status":"","ping_status":"","sticky":false,"template":"","format":"standard","meta":{"footnotes":""},"categories":[1889],"tags":[1111,11,2430,2757,436,1777,674,1011,27,1908,2428,2756,8423,12,25,2429,104,1631],"class_list":{"0":"post-633000","1":"post","2":"type-post","3":"status-publish","4":"format-standard","5":"has-post-thumbnail","7":"category-lyon","8":"tag-actu","9":"tag-actualites","10":"tag-auvergne-rhone-alpes","11":"tag-edition-lyon-villeurbanne","12":"tag-environnement","13":"tag-eu","14":"tag-europe","15":"tag-fr","16":"tag-france","17":"tag-logement","18":"tag-lyon","19":"tag-lyon-bassin","20":"tag-meteorologie-climat","21":"tag-news","22":"tag-republique-francaise","23":"tag-rhone","24":"tag-societe","25":"tag-vie-associative"},"share_on_mastodon":{"url":"https:\/\/pubeurope.com\/@fr\/115816441114897225","error":""},"_links":{"self":[{"href":"https:\/\/www.europesays.com\/fr\/wp-json\/wp\/v2\/posts\/633000","targetHints":{"allow":["GET"]}}],"collection":[{"href":"https:\/\/www.europesays.com\/fr\/wp-json\/wp\/v2\/posts"}],"about":[{"href":"https:\/\/www.europesays.com\/fr\/wp-json\/wp\/v2\/types\/post"}],"author":[{"embeddable":true,"href":"https:\/\/www.europesays.com\/fr\/wp-json\/wp\/v2\/users\/2"}],"replies":[{"embeddable":true,"href":"https:\/\/www.europesays.com\/fr\/wp-json\/wp\/v2\/comments?post=633000"}],"version-history":[{"count":0,"href":"https:\/\/www.europesays.com\/fr\/wp-json\/wp\/v2\/posts\/633000\/revisions"}],"wp:featuredmedia":[{"embeddable":true,"href":"https:\/\/www.europesays.com\/fr\/wp-json\/wp\/v2\/media\/633001"}],"wp:attachment":[{"href":"https:\/\/www.europesays.com\/fr\/wp-json\/wp\/v2\/media?parent=633000"}],"wp:term":[{"taxonomy":"category","embeddable":true,"href":"https:\/\/www.europesays.com\/fr\/wp-json\/wp\/v2\/categories?post=633000"},{"taxonomy":"post_tag","embeddable":true,"href":"https:\/\/www.europesays.com\/fr\/wp-json\/wp\/v2\/tags?post=633000"}],"curies":[{"name":"wp","href":"https:\/\/api.w.org\/{rel}","templated":true}]}}