{"id":633007,"date":"2025-12-31T22:07:13","date_gmt":"2025-12-31T22:07:13","guid":{"rendered":"https:\/\/www.europesays.com\/fr\/633007\/"},"modified":"2025-12-31T22:07:13","modified_gmt":"2025-12-31T22:07:13","slug":"les-bourses-de-londres-et-paris-terminent-lannee-2025-dans-le-rouge","status":"publish","type":"post","link":"https:\/\/www.europesays.com\/fr\/633007\/","title":{"rendered":"Les Bourses de Londres et Paris terminent l\u2019ann\u00e9e 2025 dans le rouge"},"content":{"rendered":"<p>\n    Sur l\u2019ensemble de l\u2019exercice, les actions europ\u00e9ennes ont connu une troisi\u00e8me ann\u00e9e cons\u00e9cutive de gains.<\/p>\n<p class=\"fig-paragraph\">La\u00a0<a href=\"http:\/\/www.lefigaro.fr\/economie\/italie-espagne-portugal-la-formidable-envolee-des-bourses-du-sud-de-l-europe-20251231\" data-fig-type=\"Article\" data-gtm-custom-categorie=\"navigation\" data-gtm-custom-action=\"crossclick\" data-gtm-custom-label=\"Contextuel\" data-gtm-event=\"customEventSPE\" data-fig-domain=\"LEFIGARO\" target=\"_blank\" rel=\"noopener\">Bourse de Londres<\/a>\u00a0a termin\u00e9 sa derni\u00e8re s\u00e9ance de l&rsquo;ann\u00e9e stable (-0,09%) et Paris en repli de 0,23% mercredi, \u00e0 l&rsquo;issue d&rsquo;une s\u00e9ance aux faibles volumes d&rsquo;\u00e9changes et \u00e9court\u00e9e pour le r\u00e9veillon du Nouvel An. Plusieurs places europ\u00e9ennes sont rest\u00e9es ferm\u00e9es pour les f\u00eates de fin d&rsquo;ann\u00e9e, notamment Francfort, Milan et Zurich.<\/p>\n<p class=\"fig-paragraph\">Sur l&rsquo;ensemble de l&rsquo;exercice 2025, les actions europ\u00e9ennes ont connu une troisi\u00e8me ann\u00e9e cons\u00e9cutive de gains, l&rsquo;indice paneurop\u00e9en Stoxx Europe 600, qui englobe les 600 plus grosses capitalisations boursi\u00e8res de la r\u00e9gion, ayant bondi de 16,67%.<\/p>\n","protected":false},"excerpt":{"rendered":"Sur l\u2019ensemble de l\u2019exercice, les actions europ\u00e9ennes ont connu une troisi\u00e8me ann\u00e9e cons\u00e9cutive de gains. La\u00a0Bourse de Londres\u00a0a&hellip;\n","protected":false},"author":2,"featured_media":633008,"comment_status":"","ping_status":"","sticky":false,"template":"","format":"standard","meta":{"footnotes":""},"categories":[1888],"tags":[1111,1928,11,1927,340,343,1777,674,1011,27,12,1926,626,1925,25],"class_list":{"0":"post-633007","1":"post","2":"type-post","3":"status-publish","4":"format-standard","5":"has-post-thumbnail","7":"category-paris","8":"tag-actu","9":"tag-actu-paris","10":"tag-actualites","11":"tag-actualites-paris","12":"tag-bourse","13":"tag-cac-40","14":"tag-eu","15":"tag-europe","16":"tag-fr","17":"tag-france","18":"tag-news","19":"tag-news-paris","20":"tag-paris","21":"tag-paris-news","22":"tag-republique-francaise"},"share_on_mastodon":{"url":"https:\/\/pubeurope.com\/@fr\/115816460809919385","error":""},"_links":{"self":[{"href":"https:\/\/www.europesays.com\/fr\/wp-json\/wp\/v2\/posts\/633007","targetHints":{"allow":["GET"]}}],"collection":[{"href":"https:\/\/www.europesays.com\/fr\/wp-json\/wp\/v2\/posts"}],"about":[{"href":"https:\/\/www.europesays.com\/fr\/wp-json\/wp\/v2\/types\/post"}],"author":[{"embeddable":true,"href":"https:\/\/www.europesays.com\/fr\/wp-json\/wp\/v2\/users\/2"}],"replies":[{"embeddable":true,"href":"https:\/\/www.europesays.com\/fr\/wp-json\/wp\/v2\/comments?post=633007"}],"version-history":[{"count":0,"href":"https:\/\/www.europesays.com\/fr\/wp-json\/wp\/v2\/posts\/633007\/revisions"}],"wp:featuredmedia":[{"embeddable":true,"href":"https:\/\/www.europesays.com\/fr\/wp-json\/wp\/v2\/media\/633008"}],"wp:attachment":[{"href":"https:\/\/www.europesays.com\/fr\/wp-json\/wp\/v2\/media?parent=633007"}],"wp:term":[{"taxonomy":"category","embeddable":true,"href":"https:\/\/www.europesays.com\/fr\/wp-json\/wp\/v2\/categories?post=633007"},{"taxonomy":"post_tag","embeddable":true,"href":"https:\/\/www.europesays.com\/fr\/wp-json\/wp\/v2\/tags?post=633007"}],"curies":[{"name":"wp","href":"https:\/\/api.w.org\/{rel}","templated":true}]}}