{"id":633011,"date":"2025-12-31T22:09:12","date_gmt":"2025-12-31T22:09:12","guid":{"rendered":"https:\/\/www.europesays.com\/fr\/633011\/"},"modified":"2025-12-31T22:09:12","modified_gmt":"2025-12-31T22:09:12","slug":"la-creatrice-de-mode-jacqueline-de-ribes-est-morte","status":"publish","type":"post","link":"https:\/\/www.europesays.com\/fr\/633011\/","title":{"rendered":"la cr\u00e9atrice de mode Jacqueline de Ribes est morte"},"content":{"rendered":"<p>\n    <strong>DISPARITION<\/strong> &#8211; Figure majeure de l\u2019\u00e9l\u00e9gance parisienne et ic\u00f4ne de la mode internationale, la comtesse Jacqueline de Ribes, muse des plus grands couturiers et incarnation d\u2019un art de vivre \u00e0 la fran\u00e7aise, s\u2019est \u00e9teinte mardi \u00e0 96 ans.<\/p>\n<p class=\"fig-paragraph\">Surnomm\u00e9e la \u00abderni\u00e8re reine de Paris\u00bb, la\u00a0<a href=\"https:\/\/www.lefigaro.fr\/culture\/encheres\/l-extraordinaire-collection-des-comtes-de-ribes-vendue-a-l-encan-22-8-millions-d-euros-20191213\" target=\"_blank\" data-fig-type=\"Article\" rel=\"noopener\" data-gtm-custom-categorie=\"navigation\" data-gtm-custom-action=\"crossclick\" data-gtm-custom-label=\"Contextuel\" data-gtm-event=\"customEventSPE\" data-fig-domain=\"LEFIGARO\">comtesse Jacqueline de Ribes<\/a>, styliste, femme d&rsquo;affaires, figure de la jet-set et symbole de l&rsquo;\u00e9l\u00e9gance parisienne, en particulier aux \u00c9tats-Unis, est d\u00e9c\u00e9d\u00e9e mardi \u00e0 l&rsquo;\u00e2ge de 96 ans, a d\u00e9clar\u00e9 mercredi son secr\u00e9tariat \u00e0 l&rsquo;AFP, s&rsquo;exprimant au nom de la famille. Jacqueline de Ribes est d\u00e9c\u00e9d\u00e9e en Suisse, a pr\u00e9cis\u00e9 \u00e0 l&rsquo;AFP St\u00e9phanie Mouly, son assistante.<\/p>\n<p class=\"fig-paragraph\">Amie d&rsquo;Yves Saint Laurent et de Valentino, m\u00e9c\u00e8ne et philanthrope, elle avait eu les honneurs du Metropolitan Museum de New York en 2015 pour une exposition pr\u00e9sentant une soixantaine d&rsquo;ensembles, haute couture ou pr\u00eat-\u00e0-porter &#8211; les plus anciens datant de 1962 -, conserv\u00e9s par \u00abla derni\u00e8re reine de Paris\u00bb. D\u00e8s 1956, Jacqueline de Ribes figura dans la liste des femmes les mieux habill\u00e9es au monde. En 1962, elle a \u00e9t\u00e9 \u00e9lue au \u00abHall of Fame\u00bb (panth\u00e9on) de la mode et c\u00e9l\u00e9br\u00e9e par les plus grands photographes de mode.<\/p>\n<p>                                            <a class=\"fig-a11y-skip\" href=\"#fig-a11y-skip-main-inarticle\" data-module=\"a11y-skip\" data-context=\"was @visible\"><br \/>\n    Passer la publicit\u00e9<br \/>\n<\/a>            <\/p>\n<p>                                            Multiples vies professionnelles<\/p>\n<p class=\"fig-paragraph\">N\u00e9e Jacqueline de La Bonnini\u00e8re de Beaumont le 14 juillet 1929, l&rsquo;aristocrate, \u00e9prise de libert\u00e9 et passionn\u00e9e de mode depuis l&rsquo;enfance, \u00e9pouse \u00e0 19 ans le vicomte puis comte Edouard de Ribes (1923-2013). En 1962, elle s&rsquo;essaie successivement au journalisme, au th\u00e9\u00e2tre, \u00e0 la t\u00e9l\u00e9vision ou au design d&rsquo;int\u00e9rieur, et annonce \u00e0 ses proches qu&rsquo;elle va cr\u00e9er sa propre maison de couture, port\u00e9e par les encouragements\u00a0<a href=\"http:\/\/www.lefigaro.fr\/culture\/encheres\/des-dessins-de-nus-signes-yves-saint-laurent-trouvent-preneurs-aux-encheres-20250204\" target=\"_blank\" data-fig-type=\"NewsFlash\" rel=\"noopener\" data-gtm-custom-categorie=\"navigation\" data-gtm-custom-action=\"crossclick\" data-gtm-custom-label=\"Contextuel\" data-gtm-event=\"customEventSPE\" data-fig-domain=\"LEFIGARO\">d&rsquo;Yves Saint Laurent<\/a>, dont elle est une cliente.<\/p>\n<p class=\"fig-paragraph\">Sa premi\u00e8re collection est ovationn\u00e9e par la presse internationale et les \u00c9tats-Unis deviennent rapidement son premier march\u00e9. Elle dirigera sa maison de couture jusqu&rsquo;en 1995, avant d&rsquo;arr\u00eater pour raisons de sant\u00e9. Fin 2019, la dispersion des \u0153uvres de la collection amass\u00e9e avec son \u00e9poux avait r\u00e9colt\u00e9 22,8 millions d&rsquo;euros chez Sotheby&rsquo;s France, avec notamment des pr\u00e9emptions venues du Louvre et du\u00a0<a href=\"http:\/\/www.lefigaro.fr\/culture\/patrimoine\/il-a-permis-de-restaurer-la-chapelle-royale-le-grand-trianon-mais-qui-est-le-mysterieux-mecene-du-chateau-de-versailles-20251213\" target=\"_blank\" data-fig-type=\"Article\" rel=\"noopener\" data-gtm-custom-categorie=\"navigation\" data-gtm-custom-action=\"crossclick\" data-gtm-custom-label=\"Contextuel\" data-gtm-event=\"customEventSPE\" data-fig-domain=\"LEFIGARO\">ch\u00e2teau de Versailles<\/a>.<\/p>\n","protected":false},"excerpt":{"rendered":"DISPARITION &#8211; Figure majeure de l\u2019\u00e9l\u00e9gance parisienne et ic\u00f4ne de la mode internationale, la comtesse Jacqueline de Ribes,&hellip;\n","protected":false},"author":2,"featured_media":633012,"comment_status":"","ping_status":"","sticky":false,"template":"","format":"standard","meta":{"footnotes":""},"categories":[1888],"tags":[11,1659,1777,674,1011,27,12,626,25,1969],"class_list":{"0":"post-633011","1":"post","2":"type-post","3":"status-publish","4":"format-standard","5":"has-post-thumbnail","7":"category-paris","8":"tag-actualites","9":"tag-art-de-vivre","10":"tag-eu","11":"tag-europe","12":"tag-fr","13":"tag-france","14":"tag-news","15":"tag-paris","16":"tag-republique-francaise","17":"tag-style"},"share_on_mastodon":{"url":"https:\/\/pubeurope.com\/@fr\/115816468548919666","error":""},"_links":{"self":[{"href":"https:\/\/www.europesays.com\/fr\/wp-json\/wp\/v2\/posts\/633011","targetHints":{"allow":["GET"]}}],"collection":[{"href":"https:\/\/www.europesays.com\/fr\/wp-json\/wp\/v2\/posts"}],"about":[{"href":"https:\/\/www.europesays.com\/fr\/wp-json\/wp\/v2\/types\/post"}],"author":[{"embeddable":true,"href":"https:\/\/www.europesays.com\/fr\/wp-json\/wp\/v2\/users\/2"}],"replies":[{"embeddable":true,"href":"https:\/\/www.europesays.com\/fr\/wp-json\/wp\/v2\/comments?post=633011"}],"version-history":[{"count":0,"href":"https:\/\/www.europesays.com\/fr\/wp-json\/wp\/v2\/posts\/633011\/revisions"}],"wp:featuredmedia":[{"embeddable":true,"href":"https:\/\/www.europesays.com\/fr\/wp-json\/wp\/v2\/media\/633012"}],"wp:attachment":[{"href":"https:\/\/www.europesays.com\/fr\/wp-json\/wp\/v2\/media?parent=633011"}],"wp:term":[{"taxonomy":"category","embeddable":true,"href":"https:\/\/www.europesays.com\/fr\/wp-json\/wp\/v2\/categories?post=633011"},{"taxonomy":"post_tag","embeddable":true,"href":"https:\/\/www.europesays.com\/fr\/wp-json\/wp\/v2\/tags?post=633011"}],"curies":[{"name":"wp","href":"https:\/\/api.w.org\/{rel}","templated":true}]}}