{"id":633013,"date":"2025-12-31T22:10:11","date_gmt":"2025-12-31T22:10:11","guid":{"rendered":"https:\/\/www.europesays.com\/fr\/633013\/"},"modified":"2025-12-31T22:10:11","modified_gmt":"2025-12-31T22:10:11","slug":"une-raffinerie-serbe-controlee-par-la-russie-obtient-une-licence-dexploitation-sous-condition-des-etats-unis","status":"publish","type":"post","link":"https:\/\/www.europesays.com\/fr\/633013\/","title":{"rendered":"Une raffinerie serbe, contr\u00f4l\u00e9e par la Russie, obtient une licence d&rsquo;exploitation sous condition des Etats-Unis"},"content":{"rendered":"<p>L&rsquo;Etat serbe a confirm\u00e9, ce mercredi, que Washington vient d&rsquo;accorder sous condition une licence temporaire \u00e0 la compagnie p\u00e9troli\u00e8re serbe NIS, contr\u00f4l\u00e9e par la Russie, afin d&rsquo;exploiter la raffinerie de Pancevo, pr\u00e8s de Belgrade. Cette derni\u00e8re alimente 80% du march\u00e9 serbe.<\/p>\n<p>Les Etats-Unis ont accord\u00e9 ce mercredi une <a href=\"https:\/\/www.bfmtv.com\/economie\/entreprises\/energie\/la-seule-raffinerie-de-serbie-risque-de-bientot-fermer-a-cause-des-sanctions-americaines-la-hongrie-vole-a-la-rescousse-de-son-voisin-et-va-lui-livrer-plus-de-petrole_AD-202511260784.html\" title=\"La seule raffinerie de Serbie risque de bient\u00f4t fermer \u00e0 cause des sanctions am\u00e9ricaines: la Hongrie vole \u00e0 la rescousse de son voisin et va lui livrer plus de p\u00e9trole\" class=\"internal_link\" target=\"_blank\" rel=\"noopener\">licence temporaire \u00e0 la compagnie p\u00e9troli\u00e8re serbe NIS<\/a>, contr\u00f4l\u00e9e par des compagnies russes et vis\u00e9e par des sanctions am\u00e9ricaines, a annonc\u00e9 ce mercredi soir la ministre serbe de l&rsquo;Energie, Dubravka Djedovic Handanovic.<\/p>\n<p>Cette soci\u00e9t\u00e9, contr\u00f4l\u00e9e \u00e0 56% par des soci\u00e9t\u00e9s russes &#8211; Gazprom Neft et Intelligence &#8211; pourra reprendre sa production en Serbie \u00e0 partir du 23 janvier, a ajout\u00e9 la ministre serbe.<\/p>\n<blockquote class=\"embed embed_quote\"><p>\u00ab\u00a0La soci\u00e9t\u00e9 NIS a obtenu une licence de l&rsquo;OFAC am\u00e9ricain (le Bureau de contr\u00f4le des avoirs \u00e9trangers du Tr\u00e9sor am\u00e9ricain, NDLR) lui permettant de poursuivre ses activit\u00e9s jusqu&rsquo;au 23 janvier. Cela signifie que la raffinerie de Pancevo pourra, apr\u00e8s 36 jours, recommencer \u00e0 fonctionner\u00a0\u00bb, a affirm\u00e9 la ministre serbe sur le r\u00e9seau social Instagram.<\/p><\/blockquote>\n<p>\u00ab\u00a0Nous avons r\u00e9ussi ce qui semblait presque impossible. Nous prot\u00e9gerons notre s\u00e9curit\u00e9 \u00e9nerg\u00e9tique, comme nous l&rsquo;avons fait jusqu&rsquo;\u00e0 pr\u00e9sent\u00a0\u00bb, a ajout\u00e9 la ministre.<\/p>\n<p>Washington exige une sortie totale des entreprises russes du capital<\/p>\n<p>Apr\u00e8s neuf mois de reports successifs, Washington avait impos\u00e9 le 9 octobre des sanctions \u00e0 NIS. <a href=\"https:\/\/www.bfmtv.com\/economie\/entreprises\/energie\/la-seule-raffinerie-de-serbie-risque-de-bientot-fermer-a-cause-des-sanctions-americaines-la-hongrie-vole-a-la-rescousse-de-son-voisin-et-va-lui-livrer-plus-de-petrole_AD-202511260784.html\" title=\"La seule raffinerie de Serbie risque de bient\u00f4t fermer \u00e0 cause des sanctions am\u00e9ricaines: la Hongrie vole \u00e0 la rescousse de son voisin et va lui livrer plus de p\u00e9trole\" class=\"internal_link\" target=\"_blank\" rel=\"noopener\">Sa raffinerie, \u00e0 Pancevo, pr\u00e8s de Belgrade<\/a>, qui approvisionne environ 80% du march\u00e9 serbe, a alors \u00e9t\u00e9 oblig\u00e9e d&rsquo;interrompre sa production d\u00e9but d\u00e9cembre.<\/p>\n<p>Peu avant l&rsquo;annonce faite par la ministre, le pr\u00e9sident serbe Aleksandar Vucic a annonc\u00e9 sur les r\u00e9seaux sociaux qu&rsquo;il serait en mesure d&rsquo;annoncer prochainement \u00ab\u00a0de nouvelles politiques extraordinaires\u00a0\u00bb.<\/p>\n<blockquote class=\"embed embed_quote\"><p>\u00ab\u00a0Nous avons travaill\u00e9 dur, nous l&rsquo;avons m\u00e9rit\u00e9\u00a0\u00bb, a poursuivi le chef de l&rsquo;Etat, sans davantage de d\u00e9tails.<\/p><\/blockquote>\n<p>Les \u00c9tats-Unis exigent que les entreprises russes sortent totalement du capital du NIS. En 2008, la Serbie avait vendu la majorit\u00e9 des parts de NIS \u00e0 Gazprom pour 400 millions d&rsquo;euros.<\/p>\n<p>Dialogue tripartite avec&#8230; La Hongrie<\/p>\n<p>Selon Belgrade, la Russie &#8211; un alli\u00e9 important de la Serbie et qui lui fournit aussi le gaz naturel &#8211; n\u00e9gocie la vente de ses parts, mais les autorit\u00e9s serbes lui ont donn\u00e9 jusqu&rsquo;au 15 janvier pour y parvenir.<\/p>\n<p>En cas d&rsquo;\u00e9chec, le pr\u00e9sident serbe avait \u00e9voqu\u00e9 la mise en place d&rsquo;une nouvelle direction pour la compagnie et une offre d&rsquo;achat qu&rsquo;il entend soumettre \u00e0 Moscou. Il a \u00e9cart\u00e9 une pure et simple nationalisation de la compagnie, propos\u00e9e par certains ministres.<\/p>\n<p>Selon la t\u00e9l\u00e9vision nationale serbe (RTS), cette d\u00e9cision de Washington intervient \u00e0 la suite des discussions men\u00e9es plus t\u00f4t dans la journ\u00e9e par le pr\u00e9sident serbe avec des repr\u00e9sentants de l&rsquo;OFAC, du D\u00e9partement d&rsquo;Etat am\u00e9ricain, ainsi qu&rsquo;avec le Premier ministre hongrois Viktor Orban.<\/p>\n<p>Toujours selon la RTS, des n\u00e9gociations seraient en cours avec la compagnie hongroise MOL, qui pourrait reprendre les parts russes dans la soci\u00e9t\u00e9 p\u00e9troli\u00e8re serbe.<\/p>\n","protected":false},"excerpt":{"rendered":"L&rsquo;Etat serbe a confirm\u00e9, ce mercredi, que Washington vient d&rsquo;accorder sous condition une licence temporaire \u00e0 la compagnie&hellip;\n","protected":false},"author":2,"featured_media":633014,"comment_status":"","ping_status":"","sticky":false,"template":"","format":"standard","meta":{"footnotes":""},"categories":[1591],"tags":[11,1887,12,1885,1886,132],"class_list":{"0":"post-633013","1":"post","2":"type-post","3":"status-publish","4":"format-standard","5":"has-post-thumbnail","7":"category-russie","8":"tag-actualites","9":"tag-federation-de-russie","10":"tag-news","11":"tag-russia","12":"tag-russian-federation","13":"tag-russie"},"share_on_mastodon":{"url":"https:\/\/pubeurope.com\/@fr\/115816472636360168","error":""},"_links":{"self":[{"href":"https:\/\/www.europesays.com\/fr\/wp-json\/wp\/v2\/posts\/633013","targetHints":{"allow":["GET"]}}],"collection":[{"href":"https:\/\/www.europesays.com\/fr\/wp-json\/wp\/v2\/posts"}],"about":[{"href":"https:\/\/www.europesays.com\/fr\/wp-json\/wp\/v2\/types\/post"}],"author":[{"embeddable":true,"href":"https:\/\/www.europesays.com\/fr\/wp-json\/wp\/v2\/users\/2"}],"replies":[{"embeddable":true,"href":"https:\/\/www.europesays.com\/fr\/wp-json\/wp\/v2\/comments?post=633013"}],"version-history":[{"count":0,"href":"https:\/\/www.europesays.com\/fr\/wp-json\/wp\/v2\/posts\/633013\/revisions"}],"wp:featuredmedia":[{"embeddable":true,"href":"https:\/\/www.europesays.com\/fr\/wp-json\/wp\/v2\/media\/633014"}],"wp:attachment":[{"href":"https:\/\/www.europesays.com\/fr\/wp-json\/wp\/v2\/media?parent=633013"}],"wp:term":[{"taxonomy":"category","embeddable":true,"href":"https:\/\/www.europesays.com\/fr\/wp-json\/wp\/v2\/categories?post=633013"},{"taxonomy":"post_tag","embeddable":true,"href":"https:\/\/www.europesays.com\/fr\/wp-json\/wp\/v2\/tags?post=633013"}],"curies":[{"name":"wp","href":"https:\/\/api.w.org\/{rel}","templated":true}]}}