{"id":633018,"date":"2025-12-31T22:13:21","date_gmt":"2025-12-31T22:13:21","guid":{"rendered":"https:\/\/www.europesays.com\/fr\/633018\/"},"modified":"2025-12-31T22:13:21","modified_gmt":"2025-12-31T22:13:21","slug":"nos-articles-coup-de-coeur-de-lannee-2025","status":"publish","type":"post","link":"https:\/\/www.europesays.com\/fr\/633018\/","title":{"rendered":"Nos articles coup de c\u0153ur de l\u2019ann\u00e9e 2025"},"content":{"rendered":"<p><strong>Le voyage onirique du Petit Prince fait \u00e9tape \u00e0 Londres !<\/strong><\/p>\n<p class=\"p-empty\">\u00a0<\/p>\n<p>Rappelez-vous, en tout d\u00e9but d\u2019ann\u00e9e, la distribution du Petit Prince faisait \u00e9tape \u00e0 Londres. Dans cet article, on d\u00e9couvrait l\u2019histoire de Dylan Barone, acteur principal du show mais aussi de toute la sc\u00e9nographie du spectacle. \u00c0 ce titre, certains lecteurs nous ont confi\u00e9 \u00eatre repartis avec les yeux embu\u00e9s\u2026 et l\u2019envie de relire Le Petit Prince.<\/p>\n<p class=\"p-empty\">\u00a0<\/p>\n<p><a href=\"https:\/\/lepetitjournal.com\/londres\/a-voir-a-faire\/voyage-onirique-petit-prince-fait-etape-londres-402062\" class=\"read-more\" target=\"_blank\" rel=\"noopener\">Le voyage onirique du Petit Prince fait \u00e9tape \u00e0 Londres !<\/a><\/p>\n<p class=\"p-empty\">\u00a0<\/p>\n<p><img alt=\"vins business france\" loading=\"lazy\" decoding=\"async\" data-nimg=\"fill\" class=\"drupal__img align-center\" style=\"position:absolute;height:100%;width:100%;left:0;top:0;right:0;bottom:0;object-fit:cover;color:transparent\"   src=\"https:\/\/www.europesays.com\/fr\/wp-content\/uploads\/2025\/12\/1767219196_353_image.jpeg\"\/><\/p>\n<p class=\"p-empty\">\u00a0<\/p>\n<p><strong>L\u2019excellence viticole fran\u00e7aise \u00e0 Londres<\/strong><\/p>\n<p class=\"p-empty\">\u00a0<\/p>\n<p>Ici, nous vous avons fait d\u00e9couvrir des vins fran\u00e7ais qui brillent dans les supermarch\u00e9s londoniens. Une d\u00e9gustation toujours s\u00e9rieuse, professionnelle et tr\u00e8s\u2026 conviviale !\u00a0<\/p>\n<p class=\"p-empty\">\u00a0<\/p>\n<p><a href=\"https:\/\/lepetitjournal.com\/londres\/lexcellence-viticole-francaise-mise-lhonneur-londres-402876\" class=\"read-more\" target=\"_blank\" rel=\"noopener\">L\u2019excellence viticole fran\u00e7aise mise \u00e0 l\u2019honneur \u00e0 Londres<\/a><\/p>\n<p class=\"p-empty\">\u00a0<\/p>\n<p><img alt=\"chinatown gates london \" loading=\"lazy\" decoding=\"async\" data-nimg=\"fill\" class=\"drupal__img align-center\" style=\"position:absolute;height:100%;width:100%;left:0;top:0;right:0;bottom:0;object-fit:cover;color:transparent\"   src=\"https:\/\/www.europesays.com\/fr\/wp-content\/uploads\/2025\/12\/1767219196_838_image.jpeg\"\/><\/p>\n<p class=\"p-empty\">\u00a0<\/p>\n<p><strong>Le Monde \u00e0 Londres : Chinatown sous toutes ses saveurs !<\/strong><\/p>\n<p class=\"p-empty\">\u00a0<\/p>\n<p>C\u2019\u00e9tait le premier d\u2019une longue s\u00e9rie : notre tout premier Le Monde \u00e0 Londres ! Une s\u00e9rie o\u00f9 nous allions explorer les quartiers de la ville, d\u00e9couvrir la richesse locale en parlant aux restaurateurs, coiffeurs et habitants du coin. Pour ce premier opus, nous sommes all\u00e9s au c\u0153ur de Chinatown, une sacr\u00e9e exp\u00e9rience\u2026<\/p>\n<p class=\"p-empty\">\u00a0<\/p>\n<p><a href=\"https:\/\/lepetitjournal.com\/londres\/monde-londres\" class=\"read-more\" target=\"_blank\" rel=\"noopener\">Le monde \u00e0 Londres : Chinatown sous toutes ses saveurs !<\/a><\/p>\n<p class=\"p-empty\">\u00a0<\/p>\n<p><img alt=\"Sarah de la garde\" loading=\"lazy\" decoding=\"async\" data-nimg=\"fill\" class=\"drupal__img align-center\" style=\"position:absolute;height:100%;width:100%;left:0;top:0;right:0;bottom:0;object-fit:cover;color:transparent\"   src=\"https:\/\/www.europesays.com\/fr\/wp-content\/uploads\/2025\/12\/1767219197_177_image.jpeg\"\/><\/p>\n<p class=\"p-empty\">\u00a0<\/p>\n<p><strong>Sarah de Lagarde, 80 % humaine, 20 % bionique, 100 % inspirante !<\/strong><\/p>\n<p class=\"p-empty\">\u00a0<\/p>\n<p>Un des portraits les plus marquants de 2025. Nous vous y pr\u00e9sentions le parcours hors norme de Sarah de Lagarde, qui, \u00e0 la suite d\u2019un terrible accident dans le m\u00e9tro londonien, a d\u00fb r\u00e9-apprendre \u00e0 vivre :\u00a0\u00a0<\/p>\n<p class=\"p-empty\">\u00a0<\/p>\n<p><a href=\"https:\/\/lepetitjournal.com\/londres\/communaute\/sarah-de-lagarde-humaine-bionique-inspirante-403208\" class=\"read-more\" target=\"_blank\" rel=\"noopener\">Sarah de Lagarde, 80% humaine, 20% bionique, 100% inspirante !<\/a><\/p>\n<p class=\"p-empty\">\u00a0<\/p>\n<p><strong>S\u2019aimer au-del\u00e0 des fronti\u00e8res, la Saint-Valentin des couples franco-britanniques<\/strong><\/p>\n<p class=\"p-empty\">\u00a0<\/p>\n<p>Viens la Saint-Valentin et la communication dans un couple binational\u2026 Alors, nous explorions la th\u00e9matique de l\u2019amour, du compromis et du bilinguisme, sur fond de petites anecdotes intimes : \u201cEn France, nous sommes plus disciplin\u00e9s et moins tendres. Ici, c\u2019est un peu les Bisounours\u201d, nous confiait Lila, maman fran\u00e7aise \u00e0 Londres.<\/p>\n<p class=\"p-empty\">\u00a0<\/p>\n<p><a href=\"https:\/\/lepetitjournal.com\/londres\/communaute\/aimer-au-dela-des-frontieres-saint-valentin-couples-franco-britanniques-405280\" class=\"read-more\" target=\"_blank\" rel=\"noopener\">S\u2019aimer au-del\u00e0 des fronti\u00e8res, la Saint-Valentin des couples franco-britanniques<\/a><\/p>\n<p class=\"p-empty\">\u00a0<\/p>\n<p><strong>Samer Melki : \u201cUn lien le plus fort possible avec la communaut\u00e9 fran\u00e7aise\u201d en 2025<\/strong><\/p>\n<p class=\"p-empty\">\u00a0<\/p>\n<p>Au printemps, nous avons pu \u00e9changer avec Samer Melki, ancien consul g\u00e9n\u00e9ral de France au Royaume-Uni, o\u00f9 nous revenions sur les priorit\u00e9s et les ambitions pour la communaut\u00e9 fran\u00e7aise au Royaume-Uni pour 2025.<\/p>\n<p class=\"p-empty\">\u00a0<\/p>\n<p><a href=\"https:\/\/lepetitjournal.com\/londres\/communaute\/samer-melki-lien-plus-fort-possible-communaute-francaise-2025-406473\" class=\"read-more\" target=\"_blank\" rel=\"noopener\">Samer Melki : \u201cUn lien le plus fort possible avec la communaut\u00e9 fran\u00e7aise\u201d en 2025<\/a><\/p>\n<p class=\"p-empty\">\u00a0<\/p>\n<p><strong>Laurent Saint-Martin : \u201cIl y a encore beaucoup d&rsquo;opportunit\u00e9s \u00e0 cr\u00e9er outre-Manche.\u201d<\/strong><\/p>\n<p class=\"p-empty\">\u00a0<\/p>\n<p>\u00c0 l\u2019occasion de son retour en terre britannique, Laurent Saint-Martin, alors ministre d\u00e9l\u00e9gu\u00e9 charg\u00e9 du Commerce ext\u00e9rieur et des Fran\u00e7ais de l\u2019\u00e9tranger, nous avait accord\u00e9 quelques mots. Il souhaitait une lecture plut\u00f4t optimiste des relations \u00e9conomiques franco-britanniques : \u201cJe dis aux entreprises fran\u00e7aises que le march\u00e9 britannique leur tend les bras et qu&rsquo;il y a encore beaucoup d&rsquo;opportunit\u00e9s \u00e0 cr\u00e9er ensemble.\u201d<\/p>\n<p class=\"p-empty\">\u00a0<\/p>\n<p><a href=\"https:\/\/lepetitjournal.com\/londres\/communaute\/laurent-saint-martin-encore-beaucoup-opportunites-creer-outre-manche-407226\" class=\"read-more\" target=\"_blank\" rel=\"noopener\">Laurent Saint-Martin : \u201cIl y a encore beaucoup d&rsquo;opportunit\u00e9s \u00e0 cr\u00e9er outre-Manche.\u201d<\/a><\/p>\n<p class=\"p-empty\">\u00a0<\/p>\n<p><img alt=\"gaston Savina \" loading=\"lazy\" decoding=\"async\" data-nimg=\"fill\" class=\"drupal__img align-center\" style=\"position:absolute;height:100%;width:100%;left:0;top:0;right:0;bottom:0;object-fit:cover;color:transparent\"   src=\"https:\/\/www.europesays.com\/fr\/wp-content\/uploads\/2025\/12\/1767219197_468_image.jpeg\"\/><\/p>\n<p class=\"p-empty\">\u00a0<\/p>\n<p><strong>Gaston Savina, finaliste fran\u00e7ais de MasterChef UK et chouchou des Britanniques !<\/strong><\/p>\n<p class=\"p-empty\">\u00a0<\/p>\n<p>Il a \u00e9t\u00e9 pr\u00e9sent de nombreuses fois, cette ann\u00e9e, aux c\u00f4t\u00e9s du site <a href=\"http:\/\/lepetitjournal.com\/\" target=\"_blank\" rel=\"noopener\">lepetitjournal.com<\/a> et notamment dans le Petit Guide, mais ce jeune chef fran\u00e7ais est devenu une v\u00e9ritable star outre-Manche : \u201cHumainement, je ne croyais pas du tout arriver jusqu&rsquo;\u00e0 la finale de MasterChef UK. Ce qui a fait ma force et que les Britanniques sont toujours pr\u00eats \u00e0 d\u00e9couvrir. J\u2019ai fait manger des escargots \u00e0 140 personnes en m\u00eame temps, c\u2019est du jamais vu.\u201d<\/p>\n<p class=\"p-empty\">\u00a0<\/p>\n<p><a href=\"https:\/\/lepetitjournal.com\/londres\/communaute\/gaston-savina-finaliste-francais-de-masterchef-uk-et-chouchou-des-britanniques-408767\" class=\"read-more\" target=\"_blank\" rel=\"noopener\">Gaston Savina, finaliste fran\u00e7ais de MasterChef UK et chouchou des Britanniques !<\/a><\/p>\n<p class=\"p-empty\">\u00a0<\/p>\n<p><strong>Sport dans la Ville : des terrains de foot \u00e0 la r\u00e9ussite sociale et professionnelle<\/strong><\/p>\n<p class=\"p-empty\">\u00a0<\/p>\n<p>Un article important qui faisait suite \u00e0 la d\u00e9couverte de Sport dans la Ville, \u00e0 l\u2019occasion de la promotion de son Young Talents Program. Nous revenions sur pr\u00e8s de 30 ans d\u2019engagement de l\u2019association, qui utilise le sport comme levier d\u2019insertion sociale, acad\u00e9mique et professionnelle pour les jeunes issus de quartiers d\u00e9favoris\u00e9s.\u00a0<\/p>\n<p class=\"p-empty\">\u00a0<\/p>\n<p><a href=\"https:\/\/lepetitjournal.com\/londres\/communaute\/sport-dans-la-ville-terrains-de-foot-reussite-sociale-professionnelle-409146\" class=\"read-more\" target=\"_blank\" rel=\"noopener\">Sport dans la Ville : des terrains de foot \u00e0 la r\u00e9ussite sociale et professionnelle<\/a><\/p>\n<p>\u00a0<\/p>\n<p><strong>Sous le ciel de Londres, un air d\u2019Italie<\/strong><\/p>\n<p class=\"p-empty\">\u00a0<\/p>\n<p>Dans ce deuxi\u00e8me \u00e9pisode du Monde \u00e0 Londres, nous vous emmenions sur les traces de la communaut\u00e9 italienne, dont l\u2019empreinte marque profond\u00e9ment la capitale britannique. De Clerkenwell, ancien \u201cLittle Italy\u201d, aux Italian Gardens de Hyde Park, en passant par les mus\u00e9es et l\u2019architecture londonienne, nous avons retrac\u00e9 plusieurs si\u00e8cles d\u2019Italie \u00e0 Londres.<\/p>\n<p class=\"p-empty\">\u00a0<\/p>\n<p><a href=\"https:\/\/lepetitjournal.com\/londres\/a-voir-a-faire\/sous-ciel-londres-air-italie-410036\" class=\"read-more\" target=\"_blank\" rel=\"noopener\">Sous le ciel de Londres, un air d\u2019Italie<\/a><\/p>\n<p>\u00a0<\/p>\n<p><img alt=\"paul mirabel london\" loading=\"lazy\" decoding=\"async\" data-nimg=\"fill\" class=\"drupal__img align-center\" style=\"position:absolute;height:100%;width:100%;left:0;top:0;right:0;bottom:0;object-fit:cover;color:transparent\"   src=\"https:\/\/www.europesays.com\/fr\/wp-content\/uploads\/2025\/12\/1767219198_965_image.jpeg\"\/><\/p>\n<p class=\"p-empty\">\u00a0<\/p>\n<p><strong>Paul Mirabel : une date \u00e0 Londres et une passion cach\u00e9e pour Hyde Park et Arsenal<\/strong><\/p>\n<p class=\"p-empty\">\u00a0<\/p>\n<p>\u00c0 l\u2019approche de sa seule date \u00e0 Londres, au Hackney Empire, nous avons discut\u00e9 avec Paul Mirabel afin d\u2019\u00e9voquer son spectacle Par Amour et son lien particulier avec la capitale britannique\u2026\u00a0<\/p>\n<p class=\"p-empty\">\u00a0<\/p>\n<p><a href=\"https:\/\/lepetitjournal.com\/londres\/a-voir-a-faire\/paul-mirabel-date-londres-passion-cachee-pour-hyde-park-arsenal-413309\" class=\"read-more\" target=\"_blank\" rel=\"noopener\">Paul Mirabel : une date \u00e0 Londres et une passion cach\u00e9e pour Hyde Park et Arsenal<\/a><\/p>\n<p>\u00a0<\/p>\n<p><strong>Le petit guide de Londres : le nouveau magazine des Francophones \u00e0 Londres<\/strong><\/p>\n<p class=\"p-empty\">\u00a0<\/p>\n<p>On ne le pr\u00e9sente plus. Le Petit Guide, incontournable magazine de poche pour les francophones \u00e0 Londres, apparaissait pour la premi\u00e8re fois \u00e0 Londres. Nous nous sommes d\u2019ailleurs fait un plaisir de venir \u00e0 votre rencontre pour vous le pr\u00e9senter !\u00a0\u00a0<\/p>\n<p class=\"p-empty\">\u00a0<\/p>\n<p><a href=\"https:\/\/lepetitjournal.com\/londres\/contact\/petit-guide-londres-nouveau-magazine-francophones-londres-412038\" class=\"read-more\" target=\"_blank\" rel=\"noopener\">Le petit guide de Londres : le nouveau magazine des Francophones \u00e0 Londres<\/a><\/p>\n<p>\u00a0<\/p>\n<p><strong>Vegetable Orchestra : quand la musique prend racine<\/strong><\/p>\n<p class=\"p-empty\">\u00a0<\/p>\n<p>\u00c0 la mi-saison, nous vous avons pr\u00e9sent\u00e9 le Vegetable Orchestra, collectif londonien qui transforme depuis quinze ans des l\u00e9gumes en\u2026 instruments de musique. Patrick, Simon et leurs complices interpr\u00e8tent du Mozart, des g\u00e9n\u00e9riques cultes et bien d\u2019autres et ont m\u00eame propos\u00e9 un show au roi Charles\u202fIII, \u00e0 Windsor.\u00a0<\/p>\n<p class=\"p-empty\">\u00a0<\/p>\n<p><a href=\"https:\/\/lepetitjournal.com\/londres\/a-voir-a-faire\/vegetable-orchestra-quand-la-musique-prend-racine-\" class=\"read-more\" target=\"_blank\" rel=\"noopener\">Vegetable Orchestra : quand la musique prend racine<\/a><\/p>\n<p>\u00a0<\/p>\n<p><img alt=\"french beauty experience \" loading=\"lazy\" decoding=\"async\" data-nimg=\"fill\" class=\"drupal__img align-center\" style=\"position:absolute;height:100%;width:100%;left:0;top:0;right:0;bottom:0;object-fit:cover;color:transparent\"   src=\"https:\/\/www.europesays.com\/fr\/wp-content\/uploads\/2025\/12\/1767219199_104_image.jpeg\"\/><\/p>\n<p class=\"p-empty\">\u00a0<\/p>\n<p><strong>French Beauty Experience 2025 : ces marques fran\u00e7aises bient\u00f4t partout au Royaume-Uni<\/strong><\/p>\n<p class=\"p-empty\">\u00a0<\/p>\n<p>En \u00e9t\u00e9, la French Beauty Experience a, pour la deuxi\u00e8me ann\u00e9e cons\u00e9cutive, mis \u00e0 l\u2019honneur l\u2019excellence fran\u00e7aise \u00e0 Londres, offrant aux marques cosm\u00e9tiques l\u2019occasion de rencontrer acheteurs, distributeurs et influenceurs britanniques.\u00a0<\/p>\n<p class=\"p-empty\">\u00a0<\/p>\n<p><a href=\"https:\/\/lepetitjournal.com\/londres\/a-voir-a-faire\/french-beauty-experience-2025-marques-francaises-bientot-partout-royaume-uni-415503\" class=\"read-more\" target=\"_blank\" rel=\"noopener\">French Beauty Experience 2025 : ces marques fran\u00e7aises bient\u00f4t partout au Royaume-Uni<\/a><\/p>\n<p>\u00a0<\/p>\n<p><strong>Royal Ascot 2025 : immersion dans le faste et l\u2019\u00e9l\u00e9gance d\u2019une tradition britannique<\/strong><\/p>\n<p class=\"p-empty\">\u00a0<\/p>\n<p>L\u2019\u00e9t\u00e9, c\u2019est aussi le Royal Ascot. Rappelez-vous : Ascot, o\u00f9 nous avons franchi un portail invisible vers une Angleterre de carte postale. Partout, des redingotes, des hauts-de-forme, des robes \u00e0 fleurs ou en satin color\u00e9, et des chapeaux&#8230; parfois plus hauts que larges, souvent plus fous que sobres.<\/p>\n<p class=\"p-empty\">\u00a0<\/p>\n<p><a href=\"https:\/\/lepetitjournal.com\/londres\/actualites\/royal-ascot-2025-immersion-dans-le-faste-et-lelegance-dune-tradition-britannique-416633\" class=\"read-more\" target=\"_blank\" rel=\"noopener\">Royal Ascot 2025 : immersion dans le faste et l\u2019\u00e9l\u00e9gance d\u2019une tradition britannique<\/a><\/p>\n<p>\u00a0<\/p>\n<p><strong>Cinq laur\u00e9ats inspirants pour les Troph\u00e9es des Fran\u00e7ais du Royaume-Uni 2025<\/strong><\/p>\n<p class=\"p-empty\">\u00a0<\/p>\n<p>Le voil\u00e0, un de nos moments pr\u00e9f\u00e9r\u00e9s de l\u2019ann\u00e9e : les troph\u00e9es des Fran\u00e7ais du Royaume-Uni. Cette troisi\u00e8me \u00e9dition \u00e9tait particuli\u00e8rement singuli\u00e8re avec de superbes laur\u00e9ats r\u00e9compens\u00e9s \u00e0 l\u2019Institut fran\u00e7ais du Royaume-Uni.\u00a0\u00a0<\/p>\n<p class=\"p-empty\">\u00a0<\/p>\n<p><a href=\"https:\/\/lepetitjournal.com\/trophees\/royaume-uni\/cinq-laureats-inspirants-trophees-francais-royaume-uni-2025-422678\" class=\"read-more\" target=\"_blank\" rel=\"noopener\">Cinq laur\u00e9ats inspirants pour les Troph\u00e9es des Fran\u00e7ais du Royaume-Uni 2025<\/a><\/p>\n<p>\u00a0<\/p>\n<p><strong>EM Normandie, focus sur un parcours de l\u2019excellence \u00e0 Oxford<\/strong><\/p>\n<p class=\"p-empty\">\u00a0<\/p>\n<p>Un d\u00e9placement unique \u00e0 Oxford, o\u00f9 nous avons d\u00e9couvert de jeunes Fran\u00e7ais ayant fait le choix d\u2019\u00e9tudier \u00e0 Oxford. On y traitait plusieurs sujets : EM Normandie, vie \u00e0 Oxford , programme acad\u00e9mique d\u2019exception\u2026<\/p>\n<p class=\"p-empty\">\u00a0<\/p>\n<p><a href=\"https:\/\/lepetitjournal.com\/londres\/education\/em-normandie-focus-sur-parcours-excellence-oxford-424513\" class=\"read-more\" target=\"_blank\" rel=\"noopener\">EM Normandie, focus sur un parcours de l\u2019excellence \u00e0 Oxford<\/a><\/p>\n<p>\u00a0<\/p>\n<p><img alt=\"V.I.E business France\" loading=\"lazy\" decoding=\"async\" data-nimg=\"fill\" class=\"drupal__img align-center\" style=\"position:absolute;height:100%;width:100%;left:0;top:0;right:0;bottom:0;object-fit:cover;color:transparent\"   src=\"https:\/\/www.europesays.com\/fr\/wp-content\/uploads\/2025\/12\/1767219200_30_image.jpeg\"\/><\/p>\n<p class=\"p-empty\">\u00a0<\/p>\n<p><strong>Avez-vous ce qu\u2019il faut pour \u00eatre V.I.E au Royaume-Uni ?<\/strong><\/p>\n<p class=\"p-empty\">\u00a0<\/p>\n<p>Les V.I.E sont aussi bien pr\u00e9sents \u00e0 Londres. Alors, nous avons dress\u00e9 le portrait d\u2019une nouvelle g\u00e9n\u00e9ration de V.I.E au Royaume-Uni, plus vari\u00e9e avec des parcours moins st\u00e9r\u00e9otyp\u00e9s qu\u2019auparavant. \u00c0 travers les t\u00e9moignages de jeunes en poste et de recruteurs, nous revenions sur les r\u00e9alit\u00e9s du V.I.E \u00e0 Londres : co\u00fbt de la vie, adaptation culturelle, int\u00e9gration professionnelle et pr\u00e9paration en amont. L\u2019occasion d\u2019annoncer que le statut des V.I.E \u00e9tait d\u00e9sormais \u00e9tendu \u00e0 deux ans.\u00a0<\/p>\n<p class=\"p-empty\">\u00a0<\/p>\n<p><a href=\"https:\/\/lepetitjournal.com\/londres\/education\/avez-vous-ce-quil-faut-pour-etre-vie-royaume-uni-425790\" class=\"read-more\" target=\"_blank\" rel=\"noopener\">Avez-vous ce qu\u2019il faut pour \u00eatre V.I.E au Royaume-Uni ?<\/a><\/p>\n<p>\u00a0<\/p>\n<p><strong>Les Petites \u00c9coles FLAM : la grande aventure du fran\u00e7ais en terre anglaise<\/strong><\/p>\n<p class=\"p-empty\">\u00a0<\/p>\n<p>Un reportage qui vous a beaucoup plu, o\u00f9 nous explorions le r\u00f4le des Petites \u00c9coles FLAM dans la transmission du fran\u00e7ais au Royaume-Uni. Port\u00e9es par des familles et des b\u00e9n\u00e9voles, ces structures associatives offrent aux enfants francophones un espace vivant pour lire, \u00e9crire et en fran\u00e7ais, en marge du syst\u00e8me scolaire britannique.\u00a0<\/p>\n<p class=\"p-empty\">\u00a0<\/p>\n<p><a href=\"https:\/\/lepetitjournal.com\/londres\/education\/petites-ecoles-flam-grande-aventure-francais-terre-anglaise-427162\" class=\"read-more\" target=\"_blank\" rel=\"noopener\">Les Petites \u00c9coles FLAM : la grande aventure du fran\u00e7ais en terre anglaise<\/a><\/p>\n<p>\u00a0<\/p>\n<p><strong>Le Lyc\u00e9e fran\u00e7ais Charles de Gaulle sacr\u00e9 meilleur grand lyc\u00e9e fran\u00e7ais au monde<\/strong><\/p>\n<p class=\"p-empty\">\u00a0<\/p>\n<p>Celui-l\u00e0 aussi, il a fait du bruit\u2026 Le palmar\u00e8s 2025 des lyc\u00e9es fran\u00e7ais \u00e0 l\u2019\u00e9tranger consacrait le Lyc\u00e9e fran\u00e7ais Charles de Gaulle de Londres comme r\u00e9f\u00e9rence mondiale.\u00a0<\/p>\n<p class=\"p-empty\">\u00a0<\/p>\n<p><a href=\"https:\/\/lepetitjournal.com\/londres\/education\/lycee-francais-charles-gaulle-meilleur-lycee-francais-monde-2025-429340\" class=\"read-more\" target=\"_blank\" rel=\"noopener\">Le Lyc\u00e9e Fran\u00e7ais Charles de Gaulle sacr\u00e9 meilleur grand lyc\u00e9e fran\u00e7ais au monde<\/a><\/p>\n<p>\u00a0<\/p>\n<p><img alt=\"Globemakers : Cdt photographer : Guido Bollino\" loading=\"lazy\" decoding=\"async\" data-nimg=\"fill\" class=\"drupal__img undefined\" style=\"position:absolute;height:100%;width:100%;left:0;top:0;right:0;bottom:0;object-fit:cover;color:transparent\"   src=\"https:\/\/www.europesays.com\/fr\/wp-content\/uploads\/2025\/12\/1767219201_111_image.jpeg\"\/>\u00a0Cr\u00e9dit photo : \u00a0Guido Bollino<\/p>\n<p class=\"p-empty\">\u00a0<\/p>\n<p><strong>Bellerby &amp; Co. Globemakers : \u00c0 la rencontre des cr\u00e9ateurs de globes \u00e0 Londres<\/strong><\/p>\n<p class=\"p-empty\">\u00a0<\/p>\n<p>Le reportage de fin d\u2019ann\u00e9e, o\u00f9 nous poussions les portes d\u2019un atelier hors du temps, o\u00f9 sont fabriqu\u00e9s \u00e0 la main les seuls globes terrestres artisanaux au monde. Fond\u00e9e par Peter Bellerby, la maison londonienne con\u00e7oit des pi\u00e8ces uniques, \u00e0 la crois\u00e9e de l\u2019art, de la g\u00e9ographie et de l\u2019histoire personnelle.<\/p>\n<p class=\"p-empty\">\u00a0<\/p>\n<p><a href=\"https:\/\/lepetitjournal.com\/londres\/a-voir-a-faire\/bellerby-co-globemakers-rencontre-des-createurs-globes-londres-429809\" class=\"read-more\" target=\"_blank\" rel=\"noopener\">Bellerby &amp; Co. Globemakers : \u00c0 la rencontre des cr\u00e9ateurs de globes \u00e0 Londres<\/a><\/p>\n<p>\u00a0<\/p>\n","protected":false},"excerpt":{"rendered":"Le voyage onirique du Petit Prince fait \u00e9tape \u00e0 Londres ! \u00a0 Rappelez-vous, en tout d\u00e9but d\u2019ann\u00e9e, la&hellip;\n","protected":false},"author":2,"featured_media":633019,"comment_status":"","ping_status":"","sticky":false,"template":"","format":"standard","meta":{"footnotes":""},"categories":[1588],"tags":[11,1777,674,12,473,1853,1851,1850,1852],"class_list":{"0":"post-633018","1":"post","2":"type-post","3":"status-publish","4":"format-standard","5":"has-post-thumbnail","7":"category-royaume-uni","8":"tag-actualites","9":"tag-eu","10":"tag-europe","11":"tag-news","12":"tag-royaume-uni","13":"tag-royaume-uni-de-grande-bretagne-et-dirlande-du-nord","14":"tag-uk","15":"tag-united-kingdom","16":"tag-united-kingdom-of-great-britain-and-northern-ireland"},"share_on_mastodon":{"url":"https:\/\/pubeurope.com\/@fr\/115816484746722592","error":""},"_links":{"self":[{"href":"https:\/\/www.europesays.com\/fr\/wp-json\/wp\/v2\/posts\/633018","targetHints":{"allow":["GET"]}}],"collection":[{"href":"https:\/\/www.europesays.com\/fr\/wp-json\/wp\/v2\/posts"}],"about":[{"href":"https:\/\/www.europesays.com\/fr\/wp-json\/wp\/v2\/types\/post"}],"author":[{"embeddable":true,"href":"https:\/\/www.europesays.com\/fr\/wp-json\/wp\/v2\/users\/2"}],"replies":[{"embeddable":true,"href":"https:\/\/www.europesays.com\/fr\/wp-json\/wp\/v2\/comments?post=633018"}],"version-history":[{"count":0,"href":"https:\/\/www.europesays.com\/fr\/wp-json\/wp\/v2\/posts\/633018\/revisions"}],"wp:featuredmedia":[{"embeddable":true,"href":"https:\/\/www.europesays.com\/fr\/wp-json\/wp\/v2\/media\/633019"}],"wp:attachment":[{"href":"https:\/\/www.europesays.com\/fr\/wp-json\/wp\/v2\/media?parent=633018"}],"wp:term":[{"taxonomy":"category","embeddable":true,"href":"https:\/\/www.europesays.com\/fr\/wp-json\/wp\/v2\/categories?post=633018"},{"taxonomy":"post_tag","embeddable":true,"href":"https:\/\/www.europesays.com\/fr\/wp-json\/wp\/v2\/tags?post=633018"}],"curies":[{"name":"wp","href":"https:\/\/api.w.org\/{rel}","templated":true}]}}