{"id":633020,"date":"2025-12-31T22:14:12","date_gmt":"2025-12-31T22:14:12","guid":{"rendered":"https:\/\/www.europesays.com\/fr\/633020\/"},"modified":"2025-12-31T22:14:12","modified_gmt":"2025-12-31T22:14:12","slug":"en-allemagne-un-nouveau-service-militaire-volontaire-pour-renforcer-larmee","status":"publish","type":"post","link":"https:\/\/www.europesays.com\/fr\/633020\/","title":{"rendered":"En Allemagne, un nouveau service militaire volontaire pour renforcer l&rsquo;arm\u00e9e"},"content":{"rendered":"<p>      lire plus tard<\/p>\n<p id=\"dialog__title\" class=\"dialog__title\">Pour sauvegarder cet article, connectez-vous ou cr\u00e9ez un compte franceinfo<\/p>\n<p class=\"dialog__description\">Sans paiement. Sans abonnement.<\/p>\n<p>        Fermer la fen\u00eatre d\u2019activation des notifications France Info<\/p>\n<p>      cr\u00e9er votre compte<\/p>\n<p>      se connecter<\/p>\n<p>      :<\/p>\n<p>        Fermer la fen\u00eatre de pr\u00e9sentation<\/p>\n<p>    Publi\u00e9 le 31\/12\/2025 21:03<\/p>\n<p>      Mis \u00e0 jour le 31\/12\/2025 21:23<\/p>\n<p>        Temps de lecture : 2min &#8211; vid\u00e9o : 2min<\/p>\n<p>    <img decoding=\"async\" class=\"francetv-player-wrapper__image\" alt=\"En Allemagne, un nouveau service miliaire volontaire pour renforcer l'arm\u00e9e\"  width=\"432\" height=\"243\" src=\"https:\/\/www.europesays.com\/fr\/wp-content\/uploads\/2025\/12\/allemagne-69558067dc942051803538.png\" fetchpriority=\"high\"\/><\/p>\n<p>              En Allemagne, un nouveau service miliaire volontaire pour renforcer l&rsquo;arm\u00e9e<br \/>\n                    (France 2)<\/p>\n<p>      2min<\/p>\n<p>\n  L\u2019Allemagne lancera jeudi 1er janvier son service militaire volontaire. Accessible \u00e0 partir de 18 ans, pour une dur\u00e9e de six mois minimum, il est r\u00e9mun\u00e9r\u00e9 environ 2 600 euros par mois. La r\u00e9forme divise toutefois la jeunesse.\n<\/p>\n<p><strong>Ce texte correspond \u00e0 une partie de la retranscription du reportage ci-dessus. Cliquez sur la vid\u00e9o pour la regarder en int\u00e9gralit\u00e9.<\/strong><\/p>\n<p>D\u00e9but d\u00e9cembre, dans plus de 90 villes allemandes, des milliers de jeunes sont dans les rues pour s&rsquo;opposer au <a href=\"https:\/\/www.franceinfo.fr\/monde\/europe\/allemagne\/l-allemagne-donne-le-feu-vert-au-retour-du-service-militaire-volontaire_7660123.html\" target=\"_blank\" rel=\"noopener\" data-tooltip-url=\"https:\/\/www.franceinfo.fr\/monde\/europe\/allemagne\/l-allemagne-donne-le-feu-vert-au-retour-du-service-militaire-volontaire_7660123.html\">nouveau service militaire<\/a>. \u00c0 partir de janvier 2026, tous les gar\u00e7ons de plus de 18 ans recevront un questionnaire de sant\u00e9 obligatoire et devront se rendre dans un centre de recrutement. \u00c0 l&rsquo;issue de ce processus, ceux qui sont int\u00e9ress\u00e9s pourront s&rsquo;engager. Une n\u00e9cessit\u00e9, estime le ministre de la D\u00e9fense qui s&rsquo;est adress\u00e9 \u00e0 eux : \u00ab\u00a0Si dans le futur, dans dix, 20 ou 30 ans, vous voulez continuer \u00e0 vivre comme vous le faites aujourd&rsquo;hui, alors vous devez vous engager.\u00a0\u00bb<\/p>\n<p>Mais pour des lyc\u00e9ens berlinois, pas question. Ils ne veulent pas prendre le risque d&rsquo;\u00eatre envoy\u00e9s au front. \u00ab\u00a0Moi, je ne veux pas mourir, j&rsquo;ai peur. Et apr\u00e8s, si nous devions aller \u00e0 la guerre, c&rsquo;est un truc que je ne crois pas que je veux faire\u00a0\u00bb, confie Tayo Schwartz.<\/p>\n<p>Pourtant, la Bundeswehr leur promet 2 600 euros brut par mois pour un engagement qui peut aller jusqu&rsquo;\u00e0 deux ans, mais aussi le financement du permis. &lsquo;Vous payez pr\u00e8s de 3 000 euros pour un permis de conduire \u00e0 Berlin. C&rsquo;est beaucoup, mais on ne va pas risquer sa vie pour \u00e7a\u00a0\u00bb, estime Janne Balzert. Le nouveau service, bas\u00e9 sur le volontariat, pourrait devenir obligatoire pour certains tir\u00e9s au sort, si l&rsquo;arm\u00e9e n&rsquo;a pas assez de recrues. \u00ab\u00a0Moi, je refuserais, j&rsquo;invoquerais mon droit fondamental, car il est dit dans la loi fondamentale que vous pouvez refuser d&rsquo;\u00eatre enr\u00f4l\u00e9. Je pense que je peux apporter autre chose \u00e0 la soci\u00e9t\u00e9. Je fais d\u00e9j\u00e0 partie de la Croix-Rouge\u00a0\u00bb, argue Max Lukas Mollenhauer.<\/p>\n<p>Pour d&rsquo;autres jeunes Allemands, c&rsquo;est le contraire. Eux se disent d\u00e9j\u00e0 tr\u00e8s int\u00e9ress\u00e9s. L&rsquo;arm\u00e9e leur a propos\u00e9 quatre jours de stage pour d\u00e9couvrir le m\u00e9tier de soldat. \u00ab\u00a0Mon grand-p\u00e8re \u00e9tait d\u00e9j\u00e0 dans l&rsquo;arm\u00e9e, mon p\u00e8re aussi. Alors je suis l\u00e0\u00a0\u00bb, confie un jeune homme. \u00ab\u00a0Je pense que c&rsquo;est ce que je recherche, de l&rsquo;action, parce qu&rsquo;il existe beaucoup d&rsquo;autres m\u00e9tiers ennuyeux\u00a0\u00bb, avance de son c\u00f4t\u00e9 une jeune fille.<\/p>\n<p>La Bundeswehr affirme avoir d\u00e9j\u00e0 recrut\u00e9 16% de soldats suppl\u00e9mentaires en 2024. Certains ont d\u00e9j\u00e0 \u00e9t\u00e9 d\u00e9ploy\u00e9s en Lituanie, o\u00f9 l&rsquo;arm\u00e9e continue de s&rsquo;entra\u00eener. \u00ab\u00a0Mais ces effectifs ne sont pas encore assez nombreux. Berlin souhaite toujours devenir dans les dix ans la premi\u00e8re force militaire d&rsquo;Europe, avec 460 000 soldats mobilisables\u00a0\u00bb, conclut Lionel Feuerstein, de France T\u00e9l\u00e9visions Berlin.<\/p>\n","protected":false},"excerpt":{"rendered":"lire plus tard Pour sauvegarder cet article, connectez-vous ou cr\u00e9ez un compte franceinfo Sans paiement. Sans abonnement. Fermer&hellip;\n","protected":false},"author":2,"featured_media":633021,"comment_status":"","ping_status":"","sticky":false,"template":"","format":"standard","meta":{"footnotes":""},"categories":[1587],"tags":[11,672,1804,1805,1803,1777,674,1801,12,1802],"class_list":{"0":"post-633020","1":"post","2":"type-post","3":"status-publish","4":"format-standard","5":"has-post-thumbnail","7":"category-allemagne","8":"tag-actualites","9":"tag-allemagne","10":"tag-bundesrepublik-deutschland","11":"tag-de","12":"tag-deutschland","13":"tag-eu","14":"tag-europe","15":"tag-germany","16":"tag-news","17":"tag-republique-federale-dallemagne"},"share_on_mastodon":{"url":"https:\/\/pubeurope.com\/@fr\/115816488277131894","error":""},"_links":{"self":[{"href":"https:\/\/www.europesays.com\/fr\/wp-json\/wp\/v2\/posts\/633020","targetHints":{"allow":["GET"]}}],"collection":[{"href":"https:\/\/www.europesays.com\/fr\/wp-json\/wp\/v2\/posts"}],"about":[{"href":"https:\/\/www.europesays.com\/fr\/wp-json\/wp\/v2\/types\/post"}],"author":[{"embeddable":true,"href":"https:\/\/www.europesays.com\/fr\/wp-json\/wp\/v2\/users\/2"}],"replies":[{"embeddable":true,"href":"https:\/\/www.europesays.com\/fr\/wp-json\/wp\/v2\/comments?post=633020"}],"version-history":[{"count":0,"href":"https:\/\/www.europesays.com\/fr\/wp-json\/wp\/v2\/posts\/633020\/revisions"}],"wp:featuredmedia":[{"embeddable":true,"href":"https:\/\/www.europesays.com\/fr\/wp-json\/wp\/v2\/media\/633021"}],"wp:attachment":[{"href":"https:\/\/www.europesays.com\/fr\/wp-json\/wp\/v2\/media?parent=633020"}],"wp:term":[{"taxonomy":"category","embeddable":true,"href":"https:\/\/www.europesays.com\/fr\/wp-json\/wp\/v2\/categories?post=633020"},{"taxonomy":"post_tag","embeddable":true,"href":"https:\/\/www.europesays.com\/fr\/wp-json\/wp\/v2\/tags?post=633020"}],"curies":[{"name":"wp","href":"https:\/\/api.w.org\/{rel}","templated":true}]}}