{"id":633023,"date":"2025-12-31T22:16:19","date_gmt":"2025-12-31T22:16:19","guid":{"rendered":"https:\/\/www.europesays.com\/fr\/633023\/"},"modified":"2025-12-31T22:16:19","modified_gmt":"2025-12-31T22:16:19","slug":"avec-la-presidence-chypriote-du-conseil-de-lunion-europeenne-de-leau-dans-le-gaz-atlantiste","status":"publish","type":"post","link":"https:\/\/www.europesays.com\/fr\/633023\/","title":{"rendered":"Avec la pr\u00e9sidence chypriote du Conseil de l\u2019Union europ\u00e9enne, de l\u2019eau dans le gaz atlantiste ?"},"content":{"rendered":"\n<p>L\u2019agenda europ\u00e9iste en potentiel conflit avec les int\u00e9r\u00eats de l\u2019OTAN&amp;nbsp? C\u2019est en tout cas une petite musique qui tra\u00eene dans les couloirs de Bruxelles, \u00e0 l\u2019aune de la pr\u00e9sidence chypriote du Conseil de l\u2019Union europ\u00e9enne (qui r\u00e9unit les Vingt-Sept), qui commencera en janvier pour les six prochains mois. En cause, le fait que Chypre soit le seul pays de l\u2019Union europ\u00e9enne \u00e0 n\u2019appartenir ni \u00e0 l\u2019OTAN, ni au Partenariat pour la Paix (PpP), la porte d\u2019entr\u00e9e vers l\u2019alliance atlantique qui permet l\u2019association bilat\u00e9rale d\u2019un \u00c9tat \u00e0 la coop\u00e9ration militaire de l\u2019OTAN sans pour autant y appartenir.<\/p>\n<p>Le cas de Chypre est aussi particulier que sensible&amp;nbsp: si l\u2019\u00eele est un \u00c9tat membre de l\u2019Union europ\u00e9enne depuis 2004, sa partie nord-est est occup\u00e9e par la Turquie depuis son offensive de 1974. Depuis lors, le pays est scind\u00e9 en deux&amp;nbsp: une partie ethniquement et linguistiquement grecque qui est reconnue internationalement (sauf par la Turquie), et une partie turcophone s\u00e9cessionniste (unilat\u00e9ralement proclam\u00e9e R\u00e9publique turque de Chypre du Nord, ou RTCN, depuis 1983) reconnue uniquement par Ankara. Le cas chypriote et sa paralysie dans un discret statu quo des d\u00e9cennies durant constituent un vieux dossier que l\u2019\u00e9largissement de l\u2019Union europ\u00e9enne n\u2019est jamais parvenu \u00e0 r\u00e9gler. Il faut dire que l\u2019atlantisme a ses raisons que l\u2019europ\u00e9isme ignore&amp;nbsp: la Gr\u00e8ce, principal soutien de Nicosie, et la Turquie qui occupe la RTCN, sont tous les deux membres de l\u2019OTAN, et disposent de capacit\u00e9s militaires importantes. Un \u00e9tat de fait qui, combin\u00e9 \u00e0 l\u2019absence de moyens militaires de l\u2019Union europ\u00e9enne, a condamn\u00e9 pendant 51 ans les Vingt-Sept \u00e0 une position d\u2019\u00e9quilibriste consistant \u00e0 condamner l\u2019occupation turque, mais sans suivre la parole de sanctions ou actions militaires. En clair, \u00e0 aboyer sans mordre. D\u2019autant que les condamnations de l\u2019Union europ\u00e9enne se heurtent rapidement aux consid\u00e9rations concr\u00e8tes qui font de la&#8230;<\/p>\n","protected":false},"excerpt":{"rendered":"L\u2019agenda europ\u00e9iste en potentiel conflit avec les int\u00e9r\u00eats de l\u2019OTAN&amp;nbsp? C\u2019est en tout cas une petite musique qui&hellip;\n","protected":false},"author":2,"featured_media":633024,"comment_status":"","ping_status":"","sticky":false,"template":"","format":"standard","meta":{"footnotes":""},"categories":[1586],"tags":[11,16996,1777,674,1779,1011,27,14,1252,12,136,25,3496,1778,364],"class_list":{"0":"post-633023","1":"post","2":"type-post","3":"status-publish","4":"format-standard","5":"has-post-thumbnail","7":"category-europe","8":"tag-actualites","9":"tag-chypre","10":"tag-eu","11":"tag-europe","12":"tag-european-union","13":"tag-fr","14":"tag-france","15":"tag-international","16":"tag-mediterranee","17":"tag-news","18":"tag-otan","19":"tag-republique-francaise","20":"tag-turquie","21":"tag-ue","22":"tag-union-europeenne"},"share_on_mastodon":{"url":"https:\/\/pubeurope.com\/@fr\/115816496079206479","error":""},"_links":{"self":[{"href":"https:\/\/www.europesays.com\/fr\/wp-json\/wp\/v2\/posts\/633023","targetHints":{"allow":["GET"]}}],"collection":[{"href":"https:\/\/www.europesays.com\/fr\/wp-json\/wp\/v2\/posts"}],"about":[{"href":"https:\/\/www.europesays.com\/fr\/wp-json\/wp\/v2\/types\/post"}],"author":[{"embeddable":true,"href":"https:\/\/www.europesays.com\/fr\/wp-json\/wp\/v2\/users\/2"}],"replies":[{"embeddable":true,"href":"https:\/\/www.europesays.com\/fr\/wp-json\/wp\/v2\/comments?post=633023"}],"version-history":[{"count":0,"href":"https:\/\/www.europesays.com\/fr\/wp-json\/wp\/v2\/posts\/633023\/revisions"}],"wp:featuredmedia":[{"embeddable":true,"href":"https:\/\/www.europesays.com\/fr\/wp-json\/wp\/v2\/media\/633024"}],"wp:attachment":[{"href":"https:\/\/www.europesays.com\/fr\/wp-json\/wp\/v2\/media?parent=633023"}],"wp:term":[{"taxonomy":"category","embeddable":true,"href":"https:\/\/www.europesays.com\/fr\/wp-json\/wp\/v2\/categories?post=633023"},{"taxonomy":"post_tag","embeddable":true,"href":"https:\/\/www.europesays.com\/fr\/wp-json\/wp\/v2\/tags?post=633023"}],"curies":[{"name":"wp","href":"https:\/\/api.w.org\/{rel}","templated":true}]}}