{"id":633042,"date":"2025-12-31T22:30:13","date_gmt":"2025-12-31T22:30:13","guid":{"rendered":"https:\/\/www.europesays.com\/fr\/633042\/"},"modified":"2025-12-31T22:30:13","modified_gmt":"2025-12-31T22:30:13","slug":"je-suis-tellement-bien-en-bretagne-de-liege-aux-monts-darree-marie-kristin-delmotte-a-fait-voyager-ses-toiles","status":"publish","type":"post","link":"https:\/\/www.europesays.com\/fr\/633042\/","title":{"rendered":"\u00ab\u00a0Je suis tellement bien en Bretagne\u00a0\u00bb\u00a0: de Li\u00e8ge aux monts d\u2019Arr\u00e9e, Marie-Kristin Delmotte a fait voyager ses toiles"},"content":{"rendered":"<p>\u00c0 l\u2019approche de No\u00ebl, la peintre a rang\u00e9 une partie de son mat\u00e9riel. Dans la pi\u00e8ce principale de sa petite maison du bourg de Scrignac (29), Marie-Kristin Delmotte a laiss\u00e9 une toile, une palette de couleurs, quelques pinceaux et tubes de peinture. Apr\u00e8s une vie \u00e0 faire \u00ab\u00a0un peu de tout et de rien\u00a0\u00bb, cette ancienne enseignante d\u2019art form\u00e9e \u00e0 l\u2019Institut royal du patrimoine artistique d\u00e9couvre le Finist\u00e8re au moment du Covid, en 2020.<\/p>\n<p><img decoding=\"async\" src=\"https:\/\/www.europesays.com\/fr\/wp-content\/uploads\/2025\/12\/695523a15f7cd58c6004f6b3.1.jpeg\" width=\"480\" height=\"300\" class=\"web_golden_m\" loading=\"lazy\" alt=\"L\u2019artiste belge n\u2019a laiss\u00e9 sortie que quelques toiles, \u00e9troitement surveill\u00e9es par Babeth, sa fid\u00e8le compagne \u00e0 quatre pattes.\"\/>L\u2019artiste belge n\u2019a laiss\u00e9 sortie que quelques toiles, \u00e9troitement surveill\u00e9es par Babeth, sa fid\u00e8le compagne \u00e0 quatre pattes. (Le T\u00e9l\u00e9gramme\/Baptiste Avril)<\/p>\n<p>Apr\u00e8s plusieurs s\u00e9jours dans des g\u00eetes du secteur deux fois par an, c\u2019est finalement dans <a href=\"https:\/\/www.letelegramme.fr\/finistere\/huelgoat-29690\/legere-hausse-demographique-sur-les-terres-de-monts-darree-communaute-6950140.php\" target=\"_blank\" rel=\"noopener\">la bourgade scrignacienne d\u2019un peu plus de 800 habitants qu\u2019elle pose ses bagages<\/a> en 2024\ufeff. Loin de l\u2019effervescence de Li\u00e8ge, sa cit\u00e9 natale, <a href=\"https:\/\/www.letelegramme.fr\/finistere\/scrignac-29640\/des-nus-feminins-sexposent-a-la-bibliotheque-de-scrignac-6743144.php\" target=\"_blank\" rel=\"noopener\">la retrait\u00e9e belge se pla\u00eet dans les monts d\u2019Arr\u00e9e<\/a>. Bien plus que dans son pays d\u2019origine. Avec son l\u00e9ger accent, elle d\u00e9coche\u00a0: \u00ab\u00a0Il y a un respect du patrimoine ici et un calme que je ne retrouve plus en Belgique. Je n\u2019y rentre m\u00eame plus, je suis tellement bien ici\u00a0\u00bb. Pour les f\u00eates, ce sont ses proches &#8211; sa s\u0153ur, sa fille et son compagnon\ufeff \ufeff- qui font le d\u00e9placement jusque dans les monts bretons. \ufeff<\/p>\n<p>Des habitudes pour s\u2019int\u00e9grer<\/p>\n<p>Un choix du centre ouest breton \u00e9vident pour Marie-Kristin Delmotte qui ne voulait pas s\u2019installer \u00ab\u00a0sur le front de mer, dans une ville fant\u00f4me en hiver et envahie de touristes en \u00e9t\u00e9\u00a0\u00bb. Un parti pris qu\u2019elle ne regrette pas au vu de la tranquillit\u00e9 de ses nouvelles terres \u00ab\u00a0J\u2019ai d\u00e9velopp\u00e9 mes petites habitudes pour mes courses, les expositions que je vais visiter. Le samedi, je me rends \u00e0 Guerlesquin ou je vais \u00e0 la mer \u00e0 Plestin-les-Gr\u00e8ves quand je suis avec des amies\u00a0\u00bb, raconte l\u2019artiste. Rep\u00e9rable facilement avec sa voiture jaune, la n\u00e9o-Bretonne parle avec tout le monde et aime le c\u00f4t\u00e9 humain du territoire. D\u00e9sirant s\u2019int\u00e9grer\ufeff, elle s\u2019est mise aux danses celtiques pour lesquelles elle a d\u00e9velopp\u00e9 un fort attrait. La peintre retrait\u00e9e a aussi tent\u00e9 sa chance avec la langue bretonne\u00a0: un apprentissage intensif qui s\u2019est r\u00e9v\u00e9l\u00e9 \u00ab\u00a0trop compliqu\u00e9\u00a0\u00bb, m\u00eame si elle a acquis quelques bases. Un nouveau quotidien dans lequel elle n\u2019a pas d\u00e9laiss\u00e9 la peinture.<\/p>\n<p><img decoding=\"async\" src=\"https:\/\/www.europesays.com\/fr\/wp-content\/uploads\/2025\/12\/695523a1bb8294917a0600de.1.jpeg\" width=\"480\" height=\"300\" class=\"web_golden_m\" loading=\"lazy\" alt=\"La peintre a d\u00e9j\u00e0 expos\u00e9 plusieurs \u0153uvres lors d\u2019expositions \u00e0 Scrignac et \u00e0 Berrien.\"\/>La peintre a d\u00e9j\u00e0 expos\u00e9 plusieurs \u0153uvres lors d\u2019expositions \u00e0 Scrignac et \u00e0 Berrien. (Le T\u00e9l\u00e9gramme\/Baptiste Avril)Les silhouettes des corps dans les montagnes<\/p>\n<p>Au contraire, Marie-Kristin Delmotte trouve l\u2019inspiration dans sa nouvelle contr\u00e9e. Peignant depuis toujours les corps f\u00e9minins, l\u2019artiste sonde leur morphologie avec son regard de femme. Un \u0153il \u00ab\u00a0diff\u00e9rent des hommes artistes qui fantasment les corps et partent dans le d\u00e9monstratif dans leurs \u0153uvres\u00a0\u00bb, selon elle. Des courbes f\u00e9minines que l\u2019ex- peintre li\u00e9geoise a inlassablement retrouv\u00e9es en tentant de peindre les monts d\u2019Arr\u00e9e. En plus de l\u2019acrylique, la peintre se mue aussi en sculptrice. Travaillant au laser, elle sculpte des corps f\u00e9minins avec \u00ab\u00a0des pi\u00e8ces de carrosserie que [s] on compagnon &#8211; qui travaille dans le milieu &#8211; met \u00e0 [s] a disposition\u00a0\u00bb. Des \u0153uvres en trois dimensions visibles dans son jardin et quand elle les montre au public.<\/p>\n<p>Apr\u00e8s avoir expos\u00e9 \u00e0 la biblioth\u00e8que de Scrignac et \u00e0 la libraire l\u2019Autre Rive de Berrien en 2025, Marie-Kristin Delmotte devrait poser ses toiles \u00e0 l\u2019atelier des cr\u00e9ateurs de Huelgoat en juillet 2026.<\/p>\n","protected":false},"excerpt":{"rendered":"\u00c0 l\u2019approche de No\u00ebl, la peintre a rang\u00e9 une partie de son mat\u00e9riel. Dans la pi\u00e8ce principale de&hellip;\n","protected":false},"author":2,"featured_media":633043,"comment_status":"","ping_status":"","sticky":false,"template":"","format":"standard","meta":{"footnotes":""},"categories":[1358],"tags":[1348,1384,1385,829,5934,6206,6969,1386,58,59,3321,1011,27,2131,9026,32944],"class_list":{"0":"post-633042","1":"post","2":"type-post","3":"status-publish","4":"format-standard","5":"has-post-thumbnail","7":"category-arts-et-design","8":"tag-arts","9":"tag-arts-and-design","10":"tag-arts-et-design","11":"tag-bretagne","12":"tag-carhaix-plouguer","13":"tag-chateaulin","14":"tag-demographie","15":"tag-design","16":"tag-divertissement","17":"tag-entertainment","18":"tag-finistere","19":"tag-fr","20":"tag-france","21":"tag-morlaix","22":"tag-portrait","23":"tag-scrignac"},"share_on_mastodon":{"url":"https:\/\/pubeurope.com\/@fr\/115816551156582540","error":""},"_links":{"self":[{"href":"https:\/\/www.europesays.com\/fr\/wp-json\/wp\/v2\/posts\/633042","targetHints":{"allow":["GET"]}}],"collection":[{"href":"https:\/\/www.europesays.com\/fr\/wp-json\/wp\/v2\/posts"}],"about":[{"href":"https:\/\/www.europesays.com\/fr\/wp-json\/wp\/v2\/types\/post"}],"author":[{"embeddable":true,"href":"https:\/\/www.europesays.com\/fr\/wp-json\/wp\/v2\/users\/2"}],"replies":[{"embeddable":true,"href":"https:\/\/www.europesays.com\/fr\/wp-json\/wp\/v2\/comments?post=633042"}],"version-history":[{"count":0,"href":"https:\/\/www.europesays.com\/fr\/wp-json\/wp\/v2\/posts\/633042\/revisions"}],"wp:featuredmedia":[{"embeddable":true,"href":"https:\/\/www.europesays.com\/fr\/wp-json\/wp\/v2\/media\/633043"}],"wp:attachment":[{"href":"https:\/\/www.europesays.com\/fr\/wp-json\/wp\/v2\/media?parent=633042"}],"wp:term":[{"taxonomy":"category","embeddable":true,"href":"https:\/\/www.europesays.com\/fr\/wp-json\/wp\/v2\/categories?post=633042"},{"taxonomy":"post_tag","embeddable":true,"href":"https:\/\/www.europesays.com\/fr\/wp-json\/wp\/v2\/tags?post=633042"}],"curies":[{"name":"wp","href":"https:\/\/api.w.org\/{rel}","templated":true}]}}