{"id":633057,"date":"2025-12-31T22:39:15","date_gmt":"2025-12-31T22:39:15","guid":{"rendered":"https:\/\/www.europesays.com\/fr\/633057\/"},"modified":"2025-12-31T22:39:15","modified_gmt":"2025-12-31T22:39:15","slug":"le-suedois-saab-se-dit-pret-a-nouer-une-collaboration-avec-airbus-pour-developper-un-nouvel-avion-de-combat-zone-militaire","status":"publish","type":"post","link":"https:\/\/www.europesays.com\/fr\/633057\/","title":{"rendered":"Le su\u00e9dois Saab se dit pr\u00eat \u00e0 nouer une collaboration avec Airbus pour d\u00e9velopper un nouvel avion de combat &#8211; Zone Militaire"},"content":{"rendered":"<ol>\n<li><a href=\"https:\/\/news.google.com\/rss\/articles\/CBMi2wFBVV95cUxPZC0wOTFGVFc1Tl93M255VzlNSjBmdTdwcnFoRGxheXUxQURYbVFLVHZYb1BIRGZzUWZqUHhiaWVvdmhlcHBlTDNqbk45cmFTNUtOQmN5TEZHSk1OdmlXZDdqZlN3bXNSWXMwWXozMTA3Vl8wWDJwTlJuQnJOTTNoRFVSaXNoMzA1VGpvbTQ5Uk1iUEtiU01wZ3oxWk52VXBHS2JNQTZGMm9mQzlTUTNsazJPRHZHZFNwbU16RHZpMGROZW1xTklwY3V2X0FIZXZYbDZRVXdoVm9TR3c?oc=5\" target=\"_blank\" rel=\"noopener\">Le su\u00e9dois Saab se dit pr\u00eat \u00e0 nouer une collaboration avec Airbus pour d\u00e9velopper un nouvel avion de combat<\/a>&nbsp;&nbsp;Zone Militaire<\/li>\n<li><a href=\"https:\/\/news.google.com\/rss\/articles\/CBMiiAJBVV95cUxPMU1Rcm5jR2Z2c0J1cWpMa2VwOEpsTGF0aWtjcnZWZnhmLUJ0c3pTc2hyUUwwVEVZT1dyY3VSbTk5WlB2dlIza1hxTldRWkk0a0VFMkZGNUlLdkk2VGxrUENNMmJaOHJUUUp6ZThRb0JlcXNOTjNBVXRuU3dFU1lobXowU1A0RlVNTGxsRENJOWNuajZ3cTZfRW15SW1DUWxNQTlfUVRDMDdRNDRTcmxmbHd0ZjRuTXJqU2doZHpWcVR2Zkl5a18tS3M5azJ5OVBBQ3cwOWpOZ0pmcXVJZkRrdVdZemkxal80cnVqT2h3MXYybWkxcU1BSDB2Q2RKT3lEWVVzM1dWRWE?oc=5\" target=\"_blank\" rel=\"noopener\">SCAF : pourquoi le projet d&rsquo;avion de combat du futur est devenu une ambition encombrante pour la France et l&rsquo;Allemagne<\/a>&nbsp;&nbsp;Les Echos<\/li>\n<li><a href=\"https:\/\/news.google.com\/rss\/articles\/CBMiiwJBVV95cUxNbFJWUTZ2SWxKazk5S01jRnlXMFNIY1hNamZFUDlvcTA0bFBaQ0lKZDJkQzRXQmJNQ0tPdnBJdGJ0NG5VTWRZMk9ESjQ2Q3J0RlFwenNCWHl2Y0ZtOXVnam1mejNHSERubmdQYUJaMDdaRUx4aHlZN3l5NDBzV1RlSjhXSUlxLU54enhVdlMzVkJjcVdBbDFHY0l1SzY0MTRKX1k4WW5QQllEWU5rakMzZmNISnFVN0ZTSGcxajY1RTcxakZlcmRoXzlKV3VidW5FOFQ1eEY0c3hrcFZJRG9HZnFuTXl4ckF0a0JxZXhGSzJDaWtYb0lDU1lKbzdRblNiRnA3OE13LVotQ0U?oc=5\" target=\"_blank\" rel=\"noopener\">Gouvernance industrielle europ\u00e9enne : pourquoi le mod\u00e8le Airbus fonctionne dans le civil mais atteint ses limites dans les syst\u00e8mes de combat et d\u2019innovation<\/a>&nbsp;&nbsp;AeroMorning.com<\/li>\n<li><a href=\"https:\/\/news.google.com\/rss\/articles\/CBMitAJBVV95cUxPUEhWaWlGUXpMMTlvdFotSGdpa1c2dWtuanJib0N4ank1OHFwZm1EN3VoYWVDbzZBSTN0RlVySHRub3dMYlNsaURKOVNtcWJuQ29wRWJ0MzJKcHlwOUxtandZX3hWRW9SdDdDVDktTmo0QTJiM0dzOGpjRDM0cWQ0ZGo1SEZIekJTMmpqb3d4eUgxV3liWEZ5WExHbllXbjlKaGhmY2ZrR25RZ0JwZklrXzZScUljeVY1TVhENW9EcEFvZmxuY0VaejV4U1VXQ2RlYkVGZjZFY3pMVm5kZmpIWjJOUkJsWEMwaUF5eElvQUpWa3hkYzdDTC1rWGo4SDBBOE1Pa3RuaVd6T3NfcE9BR0dKQ19PazB2UXJoMG5CZEd6YlVxRzZuSTlwYVozYl8tcmdqdg?oc=5\" target=\"_blank\" rel=\"noopener\">Le futur avion de combat europ\u00e9en patine: le gouvernement allemand annonce un nouveau report de la d\u00e9cision sur la poursuite du projet Scaf<\/a>&nbsp;&nbsp;BFM<\/li>\n<li><a href=\"https:\/\/news.google.com\/rss\/articles\/CBMinAFBVV95cUxQcVo0cjVkUVZmb25qVlVYYklfRzRlUkdQRl9KN3NWd2Y0a2VMM3ByeVZmMWN3WFM3OE15cjJuUzJzSmYzWDI4cXlfUWN6QjMwQWV1cmVvbzhDM3F2ck1WTHN5M1R6amlramZURnFzVVFFOHNHQzEyYk1uVGUxb3E1dzNNUmJ3czBZZ2huamdZX253TDMxYW1oQjVDaVA?oc=5\" target=\"_blank\" rel=\"noopener\">SCAF : la d\u00e9cision concernant le futur avion de combat report\u00e9e sine die<\/a>&nbsp;&nbsp;Euractiv FR<\/li>\n<\/ol>\n","protected":false},"excerpt":{"rendered":"Le su\u00e9dois Saab se dit pr\u00eat \u00e0 nouer une collaboration avec Airbus pour d\u00e9velopper un nouvel avion de&hellip;\n","protected":false},"author":2,"featured_media":633058,"comment_status":"","ping_status":"","sticky":false,"template":"","format":"standard","meta":{"footnotes":""},"categories":[6],"tags":[36,672,40663,35,20286,33,34,1011,27,48478,24703,29284,41062],"class_list":{"0":"post-633057","1":"post","2":"type-post","3":"status-publish","4":"format-standard","5":"has-post-thumbnail","7":"category-economie","8":"tag-airbus","9":"tag-allemagne","10":"tag-avion-de-combat","11":"tag-business","12":"tag-dassault-aviation","13":"tag-economie","14":"tag-economy","15":"tag-fr","16":"tag-france","17":"tag-ngf","18":"tag-saab","19":"tag-scaf","20":"tag-systeme-de-combat-aerien-du-futur"},"share_on_mastodon":{"url":"https:\/\/pubeurope.com\/@fr\/115816586496795013","error":""},"_links":{"self":[{"href":"https:\/\/www.europesays.com\/fr\/wp-json\/wp\/v2\/posts\/633057","targetHints":{"allow":["GET"]}}],"collection":[{"href":"https:\/\/www.europesays.com\/fr\/wp-json\/wp\/v2\/posts"}],"about":[{"href":"https:\/\/www.europesays.com\/fr\/wp-json\/wp\/v2\/types\/post"}],"author":[{"embeddable":true,"href":"https:\/\/www.europesays.com\/fr\/wp-json\/wp\/v2\/users\/2"}],"replies":[{"embeddable":true,"href":"https:\/\/www.europesays.com\/fr\/wp-json\/wp\/v2\/comments?post=633057"}],"version-history":[{"count":0,"href":"https:\/\/www.europesays.com\/fr\/wp-json\/wp\/v2\/posts\/633057\/revisions"}],"wp:featuredmedia":[{"embeddable":true,"href":"https:\/\/www.europesays.com\/fr\/wp-json\/wp\/v2\/media\/633058"}],"wp:attachment":[{"href":"https:\/\/www.europesays.com\/fr\/wp-json\/wp\/v2\/media?parent=633057"}],"wp:term":[{"taxonomy":"category","embeddable":true,"href":"https:\/\/www.europesays.com\/fr\/wp-json\/wp\/v2\/categories?post=633057"},{"taxonomy":"post_tag","embeddable":true,"href":"https:\/\/www.europesays.com\/fr\/wp-json\/wp\/v2\/tags?post=633057"}],"curies":[{"name":"wp","href":"https:\/\/api.w.org\/{rel}","templated":true}]}}