{"id":633062,"date":"2025-12-31T22:42:15","date_gmt":"2025-12-31T22:42:15","guid":{"rendered":"https:\/\/www.europesays.com\/fr\/633062\/"},"modified":"2025-12-31T22:42:15","modified_gmt":"2025-12-31T22:42:15","slug":"tous-les-transferts-officialises-en-ligue-1-a-la-veille-de-louverture-du-mercato","status":"publish","type":"post","link":"https:\/\/www.europesays.com\/fr\/633062\/","title":{"rendered":"Tous les transferts officialis\u00e9s en Ligue 1 \u00e0 la veille de l&rsquo;ouverture du mercato"},"content":{"rendered":"<p><img fetchpriority=\"high\" decoding=\"async\" width=\"620\" height=\"413\" src=\"https:\/\/www.europesays.com\/fr\/wp-content\/uploads\/2025\/07\/Ligue-1-illustration-620x413.jpg\" alt=\"Tous les transferts officialis\u00e9s en Ligue 1 \u00e0 la veille de l'ouverture du mercato\" class=\"wp-image-335876\"  \/>Le mercato de la Ligue 1 d\u00e9bute ce jeudi 1er janvier.<\/p>\n<p>Nouvelle ann\u00e9e, nouvel effectif. En janvier, c\u2019est la possibilit\u00e9 offerte aux clubs du football professionnel fran\u00e7ais. Pendant tout un mois et parfois un peu plus, ils ont la possibilit\u00e9 de changer tout ou partie de leur collectif pour couvrir la deuxi\u00e8me moiti\u00e9 de la saison. En 2026, le mercato de l\u2019hiver ouvre ce jeudi 1er janvier et s\u2019ach\u00e8ve le lundi 2 f\u00e9vrier.<\/p>\n<p>Le FC Nantes et l\u2019OGC Nice en principaux animateurs ?<\/p>\n<p>Mais d\u00e9j\u00e0, avant m\u00eame que le coup d\u2019envoi ne soit officiellement donn\u00e9, de premi\u00e8res tractations se sont nou\u00e9es. Et beaucoup suivront rapidement, notamment du c\u00f4t\u00e9 des clubs tenus \u00e0 se r\u00e9former pour redresser les performances sportives. On pense au <a href=\"https:\/\/sportune.20minutes.fr\/fc-nantes\" target=\"_blank\" rel=\"noopener\">FC Nantes<\/a> en particulier, cit\u00e9 sur de nombreuses piste, ou \u00e0 l\u2019<a href=\"https:\/\/sportune.20minutes.fr\/ogc-nice-ogcn\" target=\"_blank\" rel=\"noopener\">OGC Nice<\/a>. Ces deux clubs ont chang\u00e9 derni\u00e8rement d\u2019entra\u00eeneurs, le premier a d\u00e9j\u00e0 officialis\u00e9 d\u00e9but du mois l\u2019arriv\u00e9e de Machado depuis le <a href=\"https:\/\/sportune.20minutes.fr\/rc-lens\" target=\"_blank\" rel=\"noopener\">RC Lens<\/a>, l\u2019autre serait sur le point de boucler le pr\u00eat de Wahi pour six mois.<\/p>\n<p>Endrick, la belle prise de l\u2019OL<\/p>\n<p>Du c\u00f4t\u00e9 des autres recrues d\u00e9j\u00e0 act\u00e9es, la principale est Br\u00e9silienne et porte le nom d\u2019Endrick. C\u2019est la belle pioche de l\u2019<a href=\"https:\/\/sportune.20minutes.fr\/olympique-lyonnais-ol\" target=\"_blank\" rel=\"noopener\">Olympique Lyonnais<\/a>, qui a flair\u00e9 la bonne affaire en enr\u00f4lant pour six mois, en pr\u00eat et sans option d\u2019achat, le talent madril\u00e8ne sur lequel Xabi Alonso, le coach du <a href=\"https:\/\/sportune.20minutes.fr\/real-madrid\" target=\"_blank\" rel=\"noopener\">Real<\/a>, ne s\u2019appuie pas, ou peu. <\/p>\n<p>Le <a href=\"https:\/\/sportune.20minutes.fr\/rc-lens\" target=\"_blank\" rel=\"noopener\">RC Lens<\/a> profite aussi des \u00e9tats d\u2019\u00e2mes de joueurs tenus \u00e0 l\u2019\u00e9cart, le club nordiste a officialis\u00e9 l\u2019arriv\u00e9e d\u2019Amadou Haidara depuis le <a href=\"https:\/\/sportune.20minutes.fr\/rb-leipzig\" target=\"_blank\" rel=\"noopener\">RB Leipzig<\/a>, avec de la part du joueur, des efforts financiers pour r\u00e9duire son salaire \u00e0 la hauteur des moyens de son nouvel employeur.<\/p>\n<p>Tous les transferts officialis\u00e9s en Ligue 1 \u00e0 la veille de l\u2019ouverture du mercato<\/p>\n<p><strong>Les d\u00e9parts :<\/strong><br \/>Sa\u00ebl Kumbedi, de Lyon \u00e0 Wolfsbourg = 6 M\u20ac<br \/>Deiver Machado, de Lens \u00e0 Nantes = 0,5 M\u20ac<\/p>\n<p><strong>Les arriv\u00e9es :<\/strong><br \/>Endrick, du Real Madrid \u00e0 Lyon = 1 M\u20ac (pr\u00eat payant)<br \/>Amadou Haidara, de Leipzig \u00e0 Lens = 1 M\u20ac<br \/>Deiver Machado, de Lens \u00e0 Nantes = 0,5 M\u20ac (d\u00e9but d\u00e9cembre)<\/p>\n","protected":false},"excerpt":{"rendered":"Le mercato de la Ligue 1 d\u00e9bute ce jeudi 1er janvier. Nouvelle ann\u00e9e, nouvel effectif. En janvier, c\u2019est&hellip;\n","protected":false},"author":2,"featured_media":256736,"comment_status":"","ping_status":"","sticky":false,"template":"","format":"standard","meta":{"footnotes":""},"categories":[2],"tags":[11,2266,462,1011,27,66,2267,12,2268,241,149,93,2264,969],"class_list":{"0":"post-633062","1":"post","2":"type-post","3":"status-publish","4":"format-standard","5":"has-post-thumbnail","7":"category-actualites","8":"tag-actualites","9":"tag-as-monaco","10":"tag-fc-nantes","11":"tag-fr","12":"tag-france","13":"tag-ligue-1","14":"tag-losc","15":"tag-news","16":"tag-ogc-nice","17":"tag-ol","18":"tag-om","19":"tag-psg","20":"tag-rc-lens","21":"tag-transfert"},"share_on_mastodon":{"url":"https:\/\/pubeurope.com\/@fr\/115816598506755825","error":""},"_links":{"self":[{"href":"https:\/\/www.europesays.com\/fr\/wp-json\/wp\/v2\/posts\/633062","targetHints":{"allow":["GET"]}}],"collection":[{"href":"https:\/\/www.europesays.com\/fr\/wp-json\/wp\/v2\/posts"}],"about":[{"href":"https:\/\/www.europesays.com\/fr\/wp-json\/wp\/v2\/types\/post"}],"author":[{"embeddable":true,"href":"https:\/\/www.europesays.com\/fr\/wp-json\/wp\/v2\/users\/2"}],"replies":[{"embeddable":true,"href":"https:\/\/www.europesays.com\/fr\/wp-json\/wp\/v2\/comments?post=633062"}],"version-history":[{"count":0,"href":"https:\/\/www.europesays.com\/fr\/wp-json\/wp\/v2\/posts\/633062\/revisions"}],"wp:featuredmedia":[{"embeddable":true,"href":"https:\/\/www.europesays.com\/fr\/wp-json\/wp\/v2\/media\/256736"}],"wp:attachment":[{"href":"https:\/\/www.europesays.com\/fr\/wp-json\/wp\/v2\/media?parent=633062"}],"wp:term":[{"taxonomy":"category","embeddable":true,"href":"https:\/\/www.europesays.com\/fr\/wp-json\/wp\/v2\/categories?post=633062"},{"taxonomy":"post_tag","embeddable":true,"href":"https:\/\/www.europesays.com\/fr\/wp-json\/wp\/v2\/tags?post=633062"}],"curies":[{"name":"wp","href":"https:\/\/api.w.org\/{rel}","templated":true}]}}