{"id":633075,"date":"2025-12-31T22:58:03","date_gmt":"2025-12-31T22:58:03","guid":{"rendered":"https:\/\/www.europesays.com\/fr\/633075\/"},"modified":"2025-12-31T22:58:03","modified_gmt":"2025-12-31T22:58:03","slug":"top-14-passe-par-le-fcg-atu-manu-signe-a-castres-en-tant-que-joker-medical","status":"publish","type":"post","link":"https:\/\/www.europesays.com\/fr\/633075\/","title":{"rendered":"Top 14. Pass\u00e9 par le FCG, Atu Manu\u00a0signe \u00e0 Castres en tant que joker m\u00e9dical"},"content":{"rendered":"<p>Le Castres Olympique, 8e de Top 14, a annonc\u00e9 ce lundi l&rsquo;arriv\u00e9e de l&rsquo;ancien centre tongien du FCG Atu Manu <a href=\"https:\/\/castres-olympique.com\/arrivee-datu-manu-en-joker-medical\/\" target=\"_blank\" rel=\"noopener\">en tant que joker m\u00e9dical<\/a>. Il pallie num\u00e9riquement la longue absence d&rsquo;Adrea Cocagi victime d&rsquo;une fracture de l&rsquo;avant-bras \u00e0 Montpellier le 20 d\u00e9cembre dernier et qui sera\u00a0indisponible trois mois.<\/p>\n<p><strong>&gt;&gt;\u00a0<\/strong><a href=\"https:\/\/www.ledauphine.com\/sport\/calendrier-resultats\/rugby\/national-top-14\" target=\"_blank\" rel=\"noopener\"><strong>Les r\u00e9sultats, le classement et le calendrier de Top 14<\/strong><\/a><\/p>\n<p>Form\u00e9 au Stade Fran\u00e7ais, le Tongien, pass\u00e9 par Massy (2018-2019), Carcassonne (2019-2020), <a href=\"https:\/\/www.ledauphine.com\/sport\/2021\/11\/22\/un-joueur-supplementaire-au-fc-grenoble-en-provenance-du-stade-francais\" target=\"_blank\" rel=\"noopener\">Grenoble<\/a> (2021-2024), <a href=\"https:\/\/www.ledauphine.com\/sport\/2024\/03\/01\/trois-piliers-un-talonneur-un-3e-ligne-un-centre-le-fcg-a-quasiment-boucle-son-recrutement\" target=\"_blank\" rel=\"noopener\">\u00e9voluait depuis \u00e0 Nevers<\/a>, en Pro D2. Il a jou\u00e9 six matches avec l&rsquo;USON cette saison, dont trois comme titulaire.<\/p>\n<p>\u00a0<\/p>\n","protected":false},"excerpt":{"rendered":"Le Castres Olympique, 8e de Top 14, a annonc\u00e9 ce lundi l&rsquo;arriv\u00e9e de l&rsquo;ancien centre tongien du FCG&hellip;\n","protected":false},"author":2,"featured_media":633076,"comment_status":"","ping_status":"","sticky":false,"template":"","format":"standard","meta":{"footnotes":""},"categories":[9566],"tags":[1111,11,2430,112,113,114,1777,674,2727,1701,1011,27,2731,2732,108,12,2308,25,479,517,478],"class_list":{"0":"post-633075","1":"post","2":"type-post","3":"status-publish","4":"format-standard","5":"has-post-thumbnail","7":"category-grenoble","8":"tag-actu","9":"tag-actualites","10":"tag-auvergne-rhone-alpes","11":"tag-edition-grenoble-agglomeration","12":"tag-edition-gresivaudan-oisans","13":"tag-edition-voiron-saint-marcellin","14":"tag-eu","15":"tag-europe","16":"tag-fcg-fc-grenoble-rugby","17":"tag-fil-info-sport","18":"tag-fr","19":"tag-france","20":"tag-grenoble","21":"tag-grenoble-bassin","22":"tag-isere","23":"tag-news","24":"tag-pro-d2","25":"tag-republique-francaise","26":"tag-rugby","27":"tag-sport","28":"tag-top-14"},"share_on_mastodon":{"url":"https:\/\/pubeurope.com\/@fr\/115816661160826821","error":""},"_links":{"self":[{"href":"https:\/\/www.europesays.com\/fr\/wp-json\/wp\/v2\/posts\/633075","targetHints":{"allow":["GET"]}}],"collection":[{"href":"https:\/\/www.europesays.com\/fr\/wp-json\/wp\/v2\/posts"}],"about":[{"href":"https:\/\/www.europesays.com\/fr\/wp-json\/wp\/v2\/types\/post"}],"author":[{"embeddable":true,"href":"https:\/\/www.europesays.com\/fr\/wp-json\/wp\/v2\/users\/2"}],"replies":[{"embeddable":true,"href":"https:\/\/www.europesays.com\/fr\/wp-json\/wp\/v2\/comments?post=633075"}],"version-history":[{"count":0,"href":"https:\/\/www.europesays.com\/fr\/wp-json\/wp\/v2\/posts\/633075\/revisions"}],"wp:featuredmedia":[{"embeddable":true,"href":"https:\/\/www.europesays.com\/fr\/wp-json\/wp\/v2\/media\/633076"}],"wp:attachment":[{"href":"https:\/\/www.europesays.com\/fr\/wp-json\/wp\/v2\/media?parent=633075"}],"wp:term":[{"taxonomy":"category","embeddable":true,"href":"https:\/\/www.europesays.com\/fr\/wp-json\/wp\/v2\/categories?post=633075"},{"taxonomy":"post_tag","embeddable":true,"href":"https:\/\/www.europesays.com\/fr\/wp-json\/wp\/v2\/tags?post=633075"}],"curies":[{"name":"wp","href":"https:\/\/api.w.org\/{rel}","templated":true}]}}