{"id":633081,"date":"2025-12-31T23:03:15","date_gmt":"2025-12-31T23:03:15","guid":{"rendered":"https:\/\/www.europesays.com\/fr\/633081\/"},"modified":"2025-12-31T23:03:15","modified_gmt":"2025-12-31T23:03:15","slug":"la-justice-annule-le-soutien-de-strasbourg-a-la-jeune-garde-et-urgence-palestine","status":"publish","type":"post","link":"https:\/\/www.europesays.com\/fr\/633081\/","title":{"rendered":"La justice annule le soutien de Strasbourg \u00e0 la Jeune Garde et Urgence Palestine"},"content":{"rendered":"<p class=\"wp-block-post-excerpt__excerpt\">\u00c0 la demande de la pr\u00e9fecture du Bas-Rhin, le tribunal administratif a annul\u00e9 une d\u00e9lib\u00e9ration du conseil municipal de Strasbourg qui soutenait deux collectifs vis\u00e9s par une proc\u00e9dure de dissolution, la Jeune Garde et Urgence Palestine. <\/p>\n<p class=\"font-sans\">\n\t\t\tCet article est en acc\u00e8s libre. Pour soutenir Rue89 Strasbourg,<br \/>\n\t\t\t<a class=\"underline\" href=\"https:\/\/www.rue89strasbourg.com\/abonnement\" target=\"_blank\" rel=\"noopener\">abonnez-vous<\/a>.\n\t\t<\/p>\n<p>Guillaume Krempp<\/p>\n<p>Publi\u00e9 le 31 d\u00e9cembre 2025\u00a0\u00a0\u00b7\u00a0\u00a0<\/p>\n<p>Imprim\u00e9 le 1er janvier 2026 \u00e0 00h03\u00a0\u00a0\u00b7\u00a0\u00a0<\/p>\n<p>Modifi\u00e9 le 31 d\u00e9cembre 2025\u00a0\u00a0\u00b7\u00a0\u00a0<\/p>\n<p>\t\t\t\t\t3\u00a0minutes\n<\/p>\n<p>Les deux derniers pr\u00e9fets du Bas-Rhin ont chacun eu leur petit cadeau d\u2019adieu pour la municipalit\u00e9 \u00e9cologiste strasbourgeoise. Josiane Chevalier avait attaqu\u00e9 et obtenu <a href=\"https:\/\/www.rue89strasbourg.com\/conges-menstruel-agentes-ville-interdit-tribunal-348133\" target=\"_blank\" rel=\"noreferrer noopener\">l\u2019annulation du cong\u00e9 de sant\u00e9 gyn\u00e9cologique<\/a>. Jacques Witkowski, d\u00e9sormais pr\u00e9fet des Bouches-du-Rh\u00f4ne, aura emp\u00each\u00e9 le soutien de la Ville \u00e0 deux collectifs. <\/p>\n<p>Lundi 23 juin 2025, le conseil municipal de Strasbourg avait adopt\u00e9 une d\u00e9lib\u00e9ration \u00ab\u00a0pour la d\u00e9fense de la libert\u00e9 d\u2019association, d\u2019expression et du droit \u00e0 la solidarit\u00e9 internationale\u00a0: contre les dissolutions d\u2019Urgence Palestine et de la Jeune Garde\u00a0\u00bb. Elle visait \u00e0 protester contre <a href=\"https:\/\/www.strasbourg.eu\/-\/defense-liberte-association-expression-droit-solidarite\" target=\"_blank\" rel=\"noreferrer noopener\">la dissolution programm\u00e9e par l\u2019\u00c9tat d\u2019Urgence Palestine et de la Jeune Garde<\/a> antifasciste. La pr\u00e9fecture a donc logiquement saisi la tribunal administratif, qui lui a donn\u00e9 raison mercredi 31 d\u00e9cembre en pronon\u00e7ant l\u2019annulation de la d\u00e9lib\u00e9ration de la Ville de Strasbourg.<\/p>\n<blockquote class=\"wp-block-pullquote\" id=\"quote-196244\">\n<p>\u00ab\u00a0Il n\u2019est pas \u00e9tabli que la situation \u00e0 Gaza (\u2026) pr\u00e9sentait un int\u00e9r\u00eat local \u00e0 Strasbourg.\u00a0\u00bb <\/p>\n<p>Tribunal administratif de Strasbourg<\/p><\/blockquote>\n<p>Dans sa d\u00e9cision, le tribunal administratif commence par rappeler le droit des conseils municipaux \u00e0 \u00ab\u00a0formuler des prises de position ou des d\u00e9clarations d\u2019intention, y compris de nature politique\u00a0\u00bb. Mais cette libert\u00e9 doit \u00eatre, selon la formation des juges administratifs, circonscrite aux \u00ab\u00a0sujets pr\u00e9sentant un int\u00e9r\u00eat public local\u00a0\u00bb. C\u2019est sur ce crit\u00e8re que le juge administratif a fond\u00e9 son annulation concernant le soutien au collectif Urgence Palestine\u00a0: \u00ab\u00a0Il n\u2019est pas \u00e9tabli que la situation \u00e0 Gaza, qui rel\u00e8ve de la politique \u00e9trang\u00e8re de la France, pr\u00e9sentait un int\u00e9r\u00eat local \u00e0 Strasbourg.\u00a0\u00bb <\/p>\n<p>L\u2019argumentaire diff\u00e8re concernant le soutien \u00e0 la Jeune Garde. Sur cet autre collectif vis\u00e9 par une proc\u00e9dure de dissolution, le tribunal administratif reprend les arguments du minist\u00e8re de l\u2019Int\u00e9rieur. Il estime que le \u00ab\u00a0groupement (\u2026) s\u2019est livr\u00e9 \u00e0 des actions violentes et des agressions, contraires au respect des valeurs d\u00e9mocratiques et \u00e0 la pluralit\u00e9 d\u2019opinions par ailleurs d\u00e9fendues par la motion municipale.\u00a0\u00bb <\/p>\n<p>\u00c0 l\u2019appui de ses propos, le juge administratif \u00e9voque \u00ab\u00a0l\u2019agression par trois membres (de la Jeune Garde, NDLR) d\u2019un individu soup\u00e7onn\u00e9 d\u2019appartenir \u00e0 la mouvance d\u2019ultra-droite\u00a0\u00bb le 4 novembre 2023 \u00e0 Strasbourg. La d\u00e9cision administrative d\u00e9crit aussi \u00ab\u00a0l\u2019attaque le 11 septembre 2024 de trois \u00e9tudiants sortant d\u2019une conf\u00e9rence de l\u2019Action fran\u00e7aise, qui ont \u00e9t\u00e9 asperg\u00e9s de gaz lacrymog\u00e8ne et frapp\u00e9s par une demi-douzaine de membres de \u00ab\u00a0La Jeune Garde\u00a0\u00bb.\u00a0\u00bb<\/p>\n<p><a href=\"https:\/\/www.rue89strasbourg.com\/user\/offrez-rue89-strasbourg\" target=\"_blank\" rel=\" noreferrer noopener\"><img loading=\"lazy\" decoding=\"async\" width=\"1940\" height=\"500\" src=\"https:\/\/www.europesays.com\/fr\/wp-content\/uploads\/2025\/11\/banner-970x250px-promo-v2-.png\" alt=\"\" class=\"wp-image-367072\" style=\"object-fit:cover;width:970px;height:250px\"  \/><\/a><\/p>\n<p>D\u00e9fense des libert\u00e9s fondamentales<\/p>\n<p>Port\u00e9e par la conseill\u00e8re municipale Soraya Ouldji, ancienne membre de la majorit\u00e9, la d\u00e9lib\u00e9ration avait \u00e9t\u00e9 approuv\u00e9e gr\u00e2ce aux votes des \u00e9lus \u00e9cologistes et communistes. Les conseillers municipaux d\u2019opposition Rebecca Breitman (Modem), Pierre Jakubowicz (Horizons), Jean-Philippe Maurer (Les R\u00e9publicains), Anne-Pernelle Richardot (Parti Socialiste) et Jean-Philippe Vetter (Les R\u00e9publicains) avaient vot\u00e9 contre. <\/p>\n<p>La d\u00e9lib\u00e9ration annul\u00e9e d\u00e9non\u00e7ait les proc\u00e9dures de dissolution comme une atteinte aux libert\u00e9s d\u2019expression et d\u2019association ainsi qu\u2019au \u00ab\u00a0droit fondamental \u00e0 la solidarit\u00e9 internationale\u00a0\u00bb. Le journal ind\u00e9pendant <a href=\"https:\/\/www.politis.fr\/articles\/2025\/11\/dissolution-durgence-palestine-face-aux-rapporteurs-speciaux-de-lonu-la-france-botte-en-touche\/\" target=\"_blank\" rel=\"noreferrer noopener\">Politis<\/a> a r\u00e9v\u00e9l\u00e9 en septembre 2025 que quatre rapporteurs sp\u00e9ciaux de l\u2019Organisation des Nations unis (ONU) et un expert ind\u00e9pendant ont interpell\u00e9 le gouvernement fran\u00e7ais concernant le projet de dissolution d\u2019Urgence Palestine. Ce dernier n\u2019a pas \u00e9t\u00e9 formalis\u00e9 par un d\u00e9cret de dissolution adopt\u00e9 en conseil des ministres. Du c\u00f4t\u00e9 de la Jeune Garde, l\u2019organisation a d\u00e9pos\u00e9 un recours contre sa dissolution devant le conseil d\u2019\u00c9tat. Selon France\u00a03 Grand Est, une audience doit avoir lieu au d\u00e9but de l\u2019ann\u00e9e 2026.<\/p>\n<p>Aller <strong>plus loin<\/strong><\/p>\n<p>La d\u00e9cision du 31 d\u00e9cembre 2025 du tribunal administratif.<\/p>\n","protected":false},"excerpt":{"rendered":"\u00c0 la demande de la pr\u00e9fecture du Bas-Rhin, le tribunal administratif a annul\u00e9 une d\u00e9lib\u00e9ration du conseil municipal&hellip;\n","protected":false},"author":2,"featured_media":633082,"comment_status":"","ping_status":"","sticky":false,"template":"","format":"standard","meta":{"footnotes":""},"categories":[2820],"tags":[1111,11,1984,1777,674,1011,27,775,12,6338,25,640,15051],"class_list":{"0":"post-633081","1":"post","2":"type-post","3":"status-publish","4":"format-standard","5":"has-post-thumbnail","7":"category-strasbourg","8":"tag-actu","9":"tag-actualites","10":"tag-conseil-municipal","11":"tag-eu","12":"tag-europe","13":"tag-fr","14":"tag-france","15":"tag-grand-est","16":"tag-news","17":"tag-prefecture-du-bas-rhin","18":"tag-republique-francaise","19":"tag-strasbourg","20":"tag-tribunal-administratif"},"share_on_mastodon":{"url":"https:\/\/pubeurope.com\/@fr\/115816680857635020","error":""},"_links":{"self":[{"href":"https:\/\/www.europesays.com\/fr\/wp-json\/wp\/v2\/posts\/633081","targetHints":{"allow":["GET"]}}],"collection":[{"href":"https:\/\/www.europesays.com\/fr\/wp-json\/wp\/v2\/posts"}],"about":[{"href":"https:\/\/www.europesays.com\/fr\/wp-json\/wp\/v2\/types\/post"}],"author":[{"embeddable":true,"href":"https:\/\/www.europesays.com\/fr\/wp-json\/wp\/v2\/users\/2"}],"replies":[{"embeddable":true,"href":"https:\/\/www.europesays.com\/fr\/wp-json\/wp\/v2\/comments?post=633081"}],"version-history":[{"count":0,"href":"https:\/\/www.europesays.com\/fr\/wp-json\/wp\/v2\/posts\/633081\/revisions"}],"wp:featuredmedia":[{"embeddable":true,"href":"https:\/\/www.europesays.com\/fr\/wp-json\/wp\/v2\/media\/633082"}],"wp:attachment":[{"href":"https:\/\/www.europesays.com\/fr\/wp-json\/wp\/v2\/media?parent=633081"}],"wp:term":[{"taxonomy":"category","embeddable":true,"href":"https:\/\/www.europesays.com\/fr\/wp-json\/wp\/v2\/categories?post=633081"},{"taxonomy":"post_tag","embeddable":true,"href":"https:\/\/www.europesays.com\/fr\/wp-json\/wp\/v2\/tags?post=633081"}],"curies":[{"name":"wp","href":"https:\/\/api.w.org\/{rel}","templated":true}]}}