{"id":633088,"date":"2025-12-31T23:10:18","date_gmt":"2025-12-31T23:10:18","guid":{"rendered":"https:\/\/www.europesays.com\/fr\/633088\/"},"modified":"2025-12-31T23:10:18","modified_gmt":"2025-12-31T23:10:18","slug":"transports-toute-la-nuit-securite-renforcee-le-dispositif-de-la-nuit-de-la-saint-sylvestre-a-bordeaux","status":"publish","type":"post","link":"https:\/\/www.europesays.com\/fr\/633088\/","title":{"rendered":"Transports toute la nuit, s\u00e9curit\u00e9 renforc\u00e9e\u00a0: le dispositif de la nuit de la Saint-Sylvestre \u00e0 Bordeaux"},"content":{"rendered":"<p>L&rsquo;\u00e9clairage public sera allum\u00e9 toute la nuit, la s\u00e9curit\u00e9 va \u00eatre renforc\u00e9e dans le centre-ville et certains tramway circuleront sans interruption dans la nuit du 31 d\u00e9cembre au 1er janvier dans la m\u00e9tropole bordelaise.  <\/p>\n<p>La ville de Bordeaux met en place un dispositif sp\u00e9cial pour la nuit de la Saint-Sylvestre. D&rsquo;abord, pour la \u00ab\u00a0tranquillit\u00e9\u00a0\u00bb, <strong>l&rsquo;\u00e9clairage public restera allum\u00e9<\/strong> toute la nuit. D&rsquo;autre part, des actions de sensibilisation et de pr\u00e9vention sur, par exemple, la consommation excessive d&rsquo;alcool seront aussi mises en place aupr\u00e8s des plus jeunes. La s\u00e9curit\u00e9 sera aussi renforc\u00e9e dans l&rsquo;hypercentre\u00a0: <strong>cinq \u00e9quipes<\/strong> sillonneront toute la nuit le c\u0153ur de Bordeaux avec des op\u00e9rateurs qui surveilleront de pr\u00e8s les images de vid\u00e9osurveillance. Les transports en commun seront aussi \u00e9tendus dans la ville et tous les parkings relais sont gratuits.<\/p>\n<p>Le d\u00e9tail de la circulation des tramways et des bus<\/p>\n<p>Les transports de Bordeaux m\u00e9tropole\u00a0<a target=\"_blank\" rel=\"nofollow noopener noreferrer\" class=\"IciLink ici-link IciArticleLink g-ici-body-regular-1 underline brand svelte-1chfe2s\" href=\"https:\/\/www.infotbm.com\/fr\/actualites\/nouvel-an-avec-tbm.html\">\u00e9tendent les horaires des transports en commun<\/a><strong>, les tramways circuleront toute la nuit.<\/strong><\/p>\n<p><strong>&#8211;\u00a0 Tram A<\/strong>\u00a0&#8211; Circule toute la nuit entre les stations \u00ab\u00a0Le Haillan Rostand\u00a0\u00bb et \u00ab\u00a0Buttini\u00e8re\u00a0\u00bb.<br \/>\ud83d\uded1 De 23h \u00e0 2h30 : interruption entre les stations \u00ab\u00a0Buttini\u00e8re\u00a0\u00bb et \u00ab\u00a0La Gardette &#8211; Bassens &#8211; Carbon-Blanc\u00a0\u00bb.<br \/>Pas de bus de substitution.<br \/><strong>&#8211; Tram B<\/strong> &#8211; Circule\u00a0toute la nuit\u00a0entre les stations \u00ab\u00a0La Cit\u00e9 du Vin\u00a0\u00bb et \u00ab\u00a0Pessac Centre \/ France Alouette\u00a0\u00bb.<br \/><strong>\ud83d\uded1<\/strong> De 23h \u00e0 2h30 : interruption\u00a0entre les stations \u00ab\u00a0La Cit\u00e9 du Vin\u00a0\u00bb et \u00ab\u00a0Berges de la Garonne\u00a0\u00bb.<br \/>Pas de bus de substitution.<br \/><strong>&#8211; Tram C<\/strong> &#8211; Circule\u00a0toute la nuit\u00a0entre les stations \u00ab\u00a0Quinconces Fleuve\u00a0\u00bb et \u00ab\u00a0Gare Saint-Jean\u00a0\u00bb.<br \/><strong>\u26a0\ufe0f<\/strong>\u00a0De 18h \u00e0 6h\u00a0: interruption\u00a0entre les stations \u00ab\u00a0Parc des expositions &#8211; Stade Atlantique\u00a0\u00bb et \u00ab\u00a0Quinconces Fleuve\u00a0\u00bb.<br \/>Bus de substitution en relais du tramway jusqu&rsquo;\u00e0 6h.<br \/><strong>\ud83d\uded1<\/strong> De 23h \u00e0 2h30 : interruption\u00a0entre les station \u00ab\u00a0Gare Saint-Jean\u00a0\u00bb et Villenave Pyr\u00e9n\u00e9es\u00a0\u00bb.<br \/>Pas de bus de substitution. Report sur les Lianes 5, 15 et 35 qui circulent jusqu&rsquo;\u00e0 2h.\u00a0<br \/>&#8211; <strong>Tram D<\/strong> &#8211;\u00a0Circule\u00a0toute la nuit\u00a0entre les stations \u00ab\u00a0Mairie du Bouscat\u00a0\u00bb et \u00ab\u00a0Gare Saint-Jean\u00a0\u00bb.<br \/><strong>\ud83d\uded1<\/strong> De 23h \u00e0 2h30 : interruption\u00a0entre les stations \u00ab\u00a0Gare Saint-Jean\u00a0\u00bb et \u00ab\u00a0Carle Vernet\u00a0\u00bb et \u00ab\u00a0Cantinolle\u00a0\u00bb et \u00ab\u00a0Mairie du Bouscat\u00a0\u00bb.<br \/>Pas de bus de substitution.<br \/><strong>&#8211; Tram E &#8211;<\/strong>\u00a0Circule\u00a0toute la nuit\u00a0entre les stations \u00ab\u00a0Quinconces\u00a0\u00bb et \u00ab\u00a0Cenon Gare\u00a0\u00bb.<br \/><strong>\u26a0\ufe0f<\/strong> De 18h \u00e0 6h\u00a0: interruption\u00a0entre les stations \u00ab\u00a0Gare de Blanquefort\u00a0\u00bb et \u00ab\u00a0Quinconces\u00a0\u00bb.<br \/>Bus de substitution en relais du tramway jusqu&rsquo;\u00e0 6h.<br \/><strong>\u26a0\ufe0f<\/strong> De 18h \u00e0 6h\u00a0: interruption\u00a0entre les stations \u00ab\u00a0La Morlette\u00a0\u00bb et \u00ab\u00a0Floirac Dravemont\u00a0\u00bb.\u00a0<br \/><strong>\ud83d\uded1<\/strong> Attention, interruption prolong\u00e9e de 23h \u00e0 2h30 jusqu&rsquo;\u00e0 la station \u00ab\u00a0Cenon Gare\u00a0\u00bb.<br \/>Pas de bus de substitution.<br \/>\u00a0&#8211; <strong>Tram F &#8211;<\/strong>\u00a0Circule\u00a0toute la nuit\u00a0entre les stations \u00ab\u00a0A\u00e9roport\u00a0\u00bb et \u00ab\u00a0Gare Saint-Jean\u00a0\u00bb.<br \/>\ud83d\uded1 De 23h \u00e0 2h30 : interruption\u00a0entre les stations \u00ab\u00a0Gare Saint-Jean\u00a0\u00bb et \u00ab\u00a0Gare de B\u00e8gles\u00a0\u00bb.<br \/>Pas de bus de substitution. Report sur les Lianes 5, 15 et 35 qui circulent jusqu&rsquo;\u00e0 2h.<\/p>\n<p>Certaines <strong>lignes de bus<\/strong> ont aussi des horaires \u00e9tendues.<\/p>\n<ul>\n<li>Les\u00a0Lianes <strong>5, 15<\/strong> et <strong>35<\/strong>\u00a0circuleront jusqu&rsquo;\u00e0\u00a02h du matin.<\/li>\n<li>Les\u00a0bus express <strong>G<\/strong> et <strong>H<\/strong>, les autres\u00a0Lianes et la ligne 26\u00a0circuleront jusqu&rsquo;\u00e0\u00a01h du matin.<\/li>\n<li>Le service\u00a0<strong>flex&rsquo;NIGHT<\/strong>\u00a0circulera avec des\u00a0d\u00e9parts \u00e0 2h et 4h du matin.\u00a0<a target=\"_blank\" rel=\"nofollow noopener noreferrer\" class=\"IciLink ici-link IciArticleLink g-ici-body-regular-1 underline brand svelte-1chfe2s\" href=\"https:\/\/www.infotbm.com\/fr\/reseau-de-nuit.html#flex&#039;NIGHT\">Plus d&rsquo;infos sur flex&rsquo;NIGHT<\/a><\/li>\n<li>La ligne\u00a0<strong>TBNight<\/strong>\u00a0circulera\u00a0de 1h30 \u00e0 5h30.\u00a0<a target=\"_blank\" rel=\"nofollow noopener noreferrer\" class=\"IciLink ici-link IciArticleLink g-ici-body-regular-1 underline brand svelte-1chfe2s\" href=\"https:\/\/www.infotbm.com\/fr\/reseau-de-nuit.html#TBNight\">Plus d&rsquo;infos sur TBNight<\/a><\/li>\n<\/ul>\n<p>Un couvre-feu dans la ville de Lormont<\/p>\n<p>La ville de Lormont met en place, cette ann\u00e9e encore, un couvre-feu. Entre <strong>20h et 7h du matin,<\/strong> les mineurs non accompagn\u00e9s n&rsquo;ont pas le droit d&rsquo;aller dans les quartier Alpilles, G\u00e9nicart, Bois fleuri, Ramade, haut et bas Carriet, Grand Tressan. En cas de non-respect de la mesure, ils risquent d&rsquo;\u00eatre <strong>arr\u00eat\u00e9s<\/strong> et conduits vers le commissariat.<\/p>\n<p>La ville, a \u00e9galement d\u00e9cid\u00e9 d&rsquo;interdire\u00a0tous les rassemblements sur la voie publique,\u00a0la circulation et le stationnement dans certaines rues et\u00a0l&rsquo;utilisation et la d\u00e9tention de cartouches de protoxyde d&rsquo;azote gaz hilarant, le tout pour \u00ab\u00a0\u00e9viter les d\u00e9rapages malheureux\u00a0\u00bb, selon un communiqu\u00e9 publi\u00e9 sur ses r\u00e9seaux sociaux.\u00a0Pour la troisi\u00e8me ann\u00e9e cons\u00e9cutive, la municipalit\u00e9 propose aussi un acc\u00e8s gratuit au parking-relais de la Buttini\u00e8re, un dispositif propos\u00e9 \u00e0 partir de 16h le 31 d\u00e9cembre jusqu&rsquo;au 1\u1d49\u02b3 janvier, sans limite d&rsquo;heure.<\/p>\n<p>\u00c0 lire aussi   <img decoding=\"async\" src=\"https:\/\/www.europesays.com\/fr\/wp-content\/uploads\/2025\/12\/1767222618_28_400x400.jpeg\" alt=\"\" style=\"--_image-preview:url('data:image\/jpeg;base64,\/9j\/2wBDACgcHiMeGSgjISMtKygwPGRBPDc3PHtYXUlkkYCZlo+AjIqgtObDoKrarYqMyP\/L2u71\/\/\/\/m8H\/\/\/\/6\/+b9\/\/j\/2wBDASstLTw1PHZBQXb4pYyl+Pj4+Pj4+Pj4+Pj4+Pj4+Pj4+Pj4+Pj4+Pj4+Pj4+Pj4+Pj4+Pj4+Pj4+Pj4+Pj4+Pj\/wAARCAAXACoDASIAAhEBAxEB\/8QAFwABAQEBAAAAAAAAAAAAAAAAAAECBP\/EABYQAQEBAAAAAAAAAAAAAAAAAAABEf\/EABUBAQEAAAAAAAAAAAAAAAAAAAAB\/8QAFBEBAAAAAAAAAAAAAAAAAAAAAP\/aAAwDAQACEQMRAD8A541GY1EFSiUGbU0qA2aAq6lAGayAP\/\/Z');\" loading=\"lazy\" fetchpriority=\"low\" aria-hidden=\"true\" class=\"svelte-1cksh76 rounded\" onload=\"this.__e=event\" onerror=\"this.__e=event\"\/><\/p>\n","protected":false},"excerpt":{"rendered":"L&rsquo;\u00e9clairage public sera allum\u00e9 toute la nuit, la s\u00e9curit\u00e9 va \u00eatre renforc\u00e9e dans le centre-ville et certains tramway&hellip;\n","protected":false},"author":2,"featured_media":633089,"comment_status":"","ping_status":"","sticky":false,"template":"","format":"standard","meta":{"footnotes":""},"categories":[2817],"tags":[1111,11,1997,1777,674,1011,27,12,2219,25],"class_list":{"0":"post-633088","1":"post","2":"type-post","3":"status-publish","4":"format-standard","5":"has-post-thumbnail","7":"category-bordeaux","8":"tag-actu","9":"tag-actualites","10":"tag-bordeaux","11":"tag-eu","12":"tag-europe","13":"tag-fr","14":"tag-france","15":"tag-news","16":"tag-nouvelle-aquitaine","17":"tag-republique-francaise"},"share_on_mastodon":{"url":"https:\/\/pubeurope.com\/@fr\/115816708631104244","error":""},"_links":{"self":[{"href":"https:\/\/www.europesays.com\/fr\/wp-json\/wp\/v2\/posts\/633088","targetHints":{"allow":["GET"]}}],"collection":[{"href":"https:\/\/www.europesays.com\/fr\/wp-json\/wp\/v2\/posts"}],"about":[{"href":"https:\/\/www.europesays.com\/fr\/wp-json\/wp\/v2\/types\/post"}],"author":[{"embeddable":true,"href":"https:\/\/www.europesays.com\/fr\/wp-json\/wp\/v2\/users\/2"}],"replies":[{"embeddable":true,"href":"https:\/\/www.europesays.com\/fr\/wp-json\/wp\/v2\/comments?post=633088"}],"version-history":[{"count":0,"href":"https:\/\/www.europesays.com\/fr\/wp-json\/wp\/v2\/posts\/633088\/revisions"}],"wp:featuredmedia":[{"embeddable":true,"href":"https:\/\/www.europesays.com\/fr\/wp-json\/wp\/v2\/media\/633089"}],"wp:attachment":[{"href":"https:\/\/www.europesays.com\/fr\/wp-json\/wp\/v2\/media?parent=633088"}],"wp:term":[{"taxonomy":"category","embeddable":true,"href":"https:\/\/www.europesays.com\/fr\/wp-json\/wp\/v2\/categories?post=633088"},{"taxonomy":"post_tag","embeddable":true,"href":"https:\/\/www.europesays.com\/fr\/wp-json\/wp\/v2\/tags?post=633088"}],"curies":[{"name":"wp","href":"https:\/\/api.w.org\/{rel}","templated":true}]}}