{"id":633094,"date":"2025-12-31T23:14:19","date_gmt":"2025-12-31T23:14:19","guid":{"rendered":"https:\/\/www.europesays.com\/fr\/633094\/"},"modified":"2025-12-31T23:14:19","modified_gmt":"2025-12-31T23:14:19","slug":"bonne-annee-2026-a-lille-actualites","status":"publish","type":"post","link":"https:\/\/www.europesays.com\/fr\/633094\/","title":{"rendered":"Bonne ann\u00e9e 2026 \u00e0 Lille \/ Actualit\u00e9s"},"content":{"rendered":"<p><strong>Ce qui vous attend en 2026<\/strong><\/p>\n<p><strong>&gt; <a href=\"https:\/\/www.lille.fr\/Actualites\/Les-grands-rendez-vous-2026-a-Lille\" target=\"_self\" class=\"lien_interne\" rel=\"noopener\">Lire notre article sur les grands \u00e9v\u00e9nements \u00e0 Lille en 2026<\/a><\/strong><\/p>\n<p><strong>&gt; <a href=\"https:\/\/www.lille.fr\/Actualites\/Les-grands-travaux-a-Lille-en-2026\" target=\"_self\" class=\"lien_interne\" rel=\"noopener\">Les grands travaux en 2026 \u00e0 Lille<\/a><\/strong><\/p>\n<p>V\u0153ux du maire de Lille<\/p>\n<p><strong>&gt; <a href=\"https:\/\/youtube.com\/shorts\/WZnYGP2fpsQ?feature=share\" target=\"_self\" class=\"lien_interne\" rel=\"noopener\">Vid\u00e9o des v\u0153ux 2026 aux Lillois par Arnaud Deslandes, maire de Lille<\/a><\/strong><\/p>\n<p><strong>Les v\u0153ux 2026 dans vos quartiers<\/strong><\/p>\n<p>Liste propos\u00e9e par ordre chronologique.<\/p>\n<p><a href=\"https:\/\/www.lille.fr\/Faubourg-de-Bethune\" target=\"_self\" class=\"lien_interne\" rel=\"noopener\">Faubourg de B\u00e9thune<\/a>\u00a0<\/p>\n<ul class=\"listPuce\">\n<li><strong>Lundi 12 janvier<\/strong>\u00a0\u00e0 18h30 \u00e0 la salle Concorde<\/li>\n<\/ul>\n<p><a href=\"https:\/\/www.lille.fr\/Lille-Centre\" target=\"_self\" class=\"lien_interne\" rel=\"noopener\">Lille-Centre<\/a><\/p>\n<ul class=\"listPuce\">\n<li><strong>Mercredi 14 janvier<\/strong>\u00a0\u00e0 18h30 au Palais des Sports Saint Sauveur<\/li>\n<\/ul>\n<p><a href=\"https:\/\/www.lille.fr\/Saint-Maurice-Pellevoisin\" target=\"_self\" class=\"lien_interne\" rel=\"noopener\">Saint-Maurice\u00a0Pellevoisin<\/a>\u00a0<\/p>\n<ul class=\"listPuce\">\n<li><strong>Vendredi 16 janvier<\/strong>\u00a0\u00e0 18h30 \u00e0 la salle Raymond Herbaux<\/li>\n<\/ul>\n<p><a href=\"https:\/\/www.lille.fr\/Bois-Blancs\" target=\"_self\" class=\"lien_interne\" rel=\"noopener\">Bois-Blancs<\/a>\u00a0<\/p>\n<ul class=\"listPuce\">\n<li><strong>Samedi 17 janvier\u00a0<\/strong>\u00e0 10h30 \u00e0 l&rsquo;\u00e9cole Desbordes Valmore<\/li>\n<\/ul>\n<p><a href=\"https:\/\/www.lille.fr\/Lille-Moulins\" target=\"_self\" class=\"lien_interne\" rel=\"noopener\">Lille-Moulins<\/a>\u00a0<\/p>\n<ul class=\"listPuce\">\n<li><strong>Mardi 20 janvier<\/strong>\u00a0\u00e0 18h30 \u00e0 la salle Courmont<\/li>\n<\/ul>\n<p><a href=\"https:\/\/www.lille.fr\/Fives\" target=\"_self\" class=\"lien_interne\" rel=\"noopener\">Fives<\/a><\/p>\n<ul class=\"listPuce\">\n<li><strong>Jeudi 22 janvier<\/strong>\u00a0\u00e0 18h30 \u00e0 la salle des f\u00eates de Fives<\/li>\n<\/ul>\n<p><a href=\"https:\/\/www.lille.fr\/Wazemmes\" target=\"_self\" class=\"lien_interne\" rel=\"noopener\">Wazemmes<\/a>\u00a0<\/p>\n<ul class=\"listPuce\">\n<li><strong>Vendredi 23 janvier<\/strong>\u00a0\u00e0 18h30 \u00e0 la maison Folie<\/li>\n<\/ul>\n<p><a href=\"https:\/\/www.lille.fr\/Lille-Sud\" target=\"_self\" class=\"lien_interne\" rel=\"noopener\">Lille-Sud<\/a>\u00a0<\/p>\n<ul class=\"listPuce\">\n<li><strong>Lundi 26 janvier\u00a0<\/strong>\u00e0 18h30 au Grand Sud<\/li>\n<\/ul>\n<p><a href=\"https:\/\/www.lille.fr\/Vieux-Lille\" target=\"_self\" class=\"lien_interne\" rel=\"noopener\">Vieux-Lille<\/a>\u00a0<\/p>\n<ul class=\"listPuce\">\n<li><strong>Jeudi 29 janvier\u00a0<\/strong>\u00e0 18h30 \u00e0 la Halle aux sucres (salle polyvalente)<\/li>\n<\/ul>\n<p><a href=\"https:\/\/www.lille.fr\/Vauban-Esquermes\" target=\"_self\" class=\"lien_interne\" rel=\"noopener\">Vauban Esquermes<\/a>\u00a0<\/p>\n<ul class=\"listPuce\">\n<li><strong>Vendredi 30 janvier<\/strong>\u00a0\u00e0 18h30 \u00e0 la salle Florence Arthaud.<\/li>\n<\/ul>\n<p>2025 \u00e0 Lille : notre best-of !<\/p>\n<p><strong>&gt; <a href=\"https:\/\/www.lille.fr\/Actualites\/2025-a-Lille-en-25-photos\" target=\"_self\" class=\"lien_interne\" rel=\"noopener\">Lire notre article<\/a><\/strong><\/p>\n","protected":false},"excerpt":{"rendered":"Ce qui vous attend en 2026 &gt; Lire notre article sur les grands \u00e9v\u00e9nements \u00e0 Lille en 2026&hellip;\n","protected":false},"author":2,"featured_media":633095,"comment_status":"","ping_status":"","sticky":false,"template":"","format":"standard","meta":{"footnotes":""},"categories":[2815],"tags":[1111,11,4763,1777,674,1011,27,811,1307,5415,12,25],"class_list":{"0":"post-633094","1":"post","2":"type-post","3":"status-publish","4":"format-standard","5":"has-post-thumbnail","7":"category-lille","8":"tag-actu","9":"tag-actualites","10":"tag-agenda","11":"tag-eu","12":"tag-europe","13":"tag-fr","14":"tag-france","15":"tag-hauts-de-france","16":"tag-lille","17":"tag-mairie","18":"tag-news","19":"tag-republique-francaise"},"share_on_mastodon":{"url":"https:\/\/pubeurope.com\/@fr\/115816724234219550","error":""},"_links":{"self":[{"href":"https:\/\/www.europesays.com\/fr\/wp-json\/wp\/v2\/posts\/633094","targetHints":{"allow":["GET"]}}],"collection":[{"href":"https:\/\/www.europesays.com\/fr\/wp-json\/wp\/v2\/posts"}],"about":[{"href":"https:\/\/www.europesays.com\/fr\/wp-json\/wp\/v2\/types\/post"}],"author":[{"embeddable":true,"href":"https:\/\/www.europesays.com\/fr\/wp-json\/wp\/v2\/users\/2"}],"replies":[{"embeddable":true,"href":"https:\/\/www.europesays.com\/fr\/wp-json\/wp\/v2\/comments?post=633094"}],"version-history":[{"count":0,"href":"https:\/\/www.europesays.com\/fr\/wp-json\/wp\/v2\/posts\/633094\/revisions"}],"wp:featuredmedia":[{"embeddable":true,"href":"https:\/\/www.europesays.com\/fr\/wp-json\/wp\/v2\/media\/633095"}],"wp:attachment":[{"href":"https:\/\/www.europesays.com\/fr\/wp-json\/wp\/v2\/media?parent=633094"}],"wp:term":[{"taxonomy":"category","embeddable":true,"href":"https:\/\/www.europesays.com\/fr\/wp-json\/wp\/v2\/categories?post=633094"},{"taxonomy":"post_tag","embeddable":true,"href":"https:\/\/www.europesays.com\/fr\/wp-json\/wp\/v2\/tags?post=633094"}],"curies":[{"name":"wp","href":"https:\/\/api.w.org\/{rel}","templated":true}]}}