{"id":63310,"date":"2025-04-30T02:48:09","date_gmt":"2025-04-30T02:48:09","guid":{"rendered":"https:\/\/www.europesays.com\/fr\/63310\/"},"modified":"2025-04-30T02:48:09","modified_gmt":"2025-04-30T02:48:09","slug":"cet-ete-il-sera-possible-de-jouer-sur-les-courts-du-tournoi-parisien","status":"publish","type":"post","link":"https:\/\/www.europesays.com\/fr\/63310\/","title":{"rendered":"cet \u00e9t\u00e9, il sera possible de jouer sur les courts du tournoi parisien"},"content":{"rendered":"<p>        <img decoding=\"async\" loading=\"lazy\" src=\"https:\/\/www.europesays.com\/fr\/wp-content\/uploads\/2025\/04\/568f708_sirius-fs-upload-1-lvbxuzctkebb-1745955810906-000-33ha674.jpg\"  width=\"728\" height=\"409\" alt=\"Des courts annexes de Roland-Garros, \u00e0 Paris, ici photographi\u00e9s en 2023.\"\/>  <\/p>\n<p>THOMAS SAMSON \/ AFP<\/p>\n<p>Des courts annexes de Roland-Garros, \u00e0 Paris, ici photographi\u00e9s en 2023.<\/p>\n<p class=\"asset asset-text\">TENNIS &#8211; Pour les joueurs de tennis amateurs, c\u2019est sans aucun doute un r\u00eave qui va se r\u00e9aliser. Cet \u00e9t\u00e9, il sera en effet possible de r\u00e9server son court \u00e0 <a href=\"https:\/\/www.huffingtonpost.fr\/sport\/article\/roland-garros-2025-tirage-au-sort-reservation-comment-fonctionne-la-nouvelle-billetterie_245305.html\" rel=\"nofollow noopener\" target=\"_blank\">Roland-Garros<\/a> et cerise sur le g\u00e2teau, d\u2019y jouer gratuitement. Certes pas le Philippe Chatrier et ses 15\u00a0000\u00a0places, mais l\u2019un des nombreux courts annexes.<\/p>\n<p class=\"asset asset-text\">Cette initiative in\u00e9dite de la F\u00e9d\u00e9ration fran\u00e7aise de <a href=\"https:\/\/www.huffingtonpost.fr\/sport\/article\/alexander-zverev-a-degaine-son-smartphone-en-plein-match-denoncant-une-mauvaise-decision-arbitrale_249322.html\" target=\"_blank\" rel=\"noopener nofollow\" title=\"Nouvelle fen\u00eatre\">tennis<\/a> (FFT) se d\u00e9roulera lors de deux sessions, du 14\u00a0juin au 2\u00a0juillet et du 18 au 29\u00a0ao\u00fbt, en marge des championnats de France individuels jeunes, seniors, seniors plus et tennis-fauteuil, <a href=\"https:\/\/www.lequipe.fr\/Tennis\/Actualites\/Les-courts-annexes-de-roland-garros-ouverts-a-la-reservation-durant-l-ete\/1557913\" target=\"_blank\" rel=\"noopener nofollow\" title=\"Nouvelle fen\u00eatre\">comme le rapporte L\u2019\u00c9quipe<\/a>.<\/p>\n<p class=\"asset asset-text\">Des cr\u00e9neaux de jeu pourront \u00eatre r\u00e9serv\u00e9s via l\u2019application Ten\u2019Up, offrant la possibilit\u00e9 d\u2019\u00e9changer des balles \u00ab\u00a0avec vos amis sur les annexes du stade, pour une exp\u00e9rience inoubliable garantie\u00a0\u00bb, promet la FFT dans un communiqu\u00e9 publi\u00e9 le 28\u00a0avril.<\/p>\n<p>    Des balles sur le Suzanne-Lenglen    <\/p>\n<p class=\"asset asset-text\">Durant les week-ends (sauf celui du 29\u00a0juin), il existera aussi la possibilit\u00e9 \u00ab\u00a0d\u2019\u00e9changer des balles avec des joueuses et des joueurs professionnels sur le court Suzanne-Lenglen\u00a0\u00bb, annonce la F\u00e9d\u00e9ration. Ou encore de prendre un cours avec un professeur de tennis sur ce m\u00eame court en semaine entre 18 et 20h, ainsi que le week-end sur quelques cr\u00e9neaux. Pour s\u2019inscrire, l\u00e0 aussi gratuitement, il faudra le faire sur place le jour m\u00eame.<\/p>\n<p class=\"asset asset-text\">Des animations seront par ailleurs propos\u00e9es\u00a0sur le parvis du court Suzanne-Lenglen avec de l\u2019urban tennis, de la p\u00e9tanque ou du molki. Durant ces journ\u00e9es estivales d\u2019ouverture, l\u2019entr\u00e9e sera gratuite pour tout le monde.<\/p>\n<p class=\"asset asset-text\"><strong>\u00c0 voir \u00e9galement sur Le HuffPost\u00a0:<\/strong><\/p>\n<p> La lecture de ce contenu est susceptible d\u2019entra\u00eener un d\u00e9p\u00f4t de cookies de la part de l\u2019op\u00e9rateur tiers qui l\u2019h\u00e9berge. Compte-tenu des choix que vous avez exprim\u00e9s en mati\u00e8re de d\u00e9p\u00f4t de cookies, nous avons bloqu\u00e9 l\u2019affichage de ce contenu. Si vous souhaitez y acc\u00e9der, vous devez accepter la cat\u00e9gorie de cookies \u201cContenus tiers\u201d en cliquant sur le bouton ci-dessous. <\/p>\n<p> Lire la Vid\u00e9o                <\/p>\n","protected":false},"excerpt":{"rendered":"THOMAS SAMSON \/ AFP Des courts annexes de Roland-Garros, \u00e0 Paris, ici photographi\u00e9s en 2023. TENNIS &#8211; Pour&hellip;\n","protected":false},"author":2,"featured_media":63311,"comment_status":"","ping_status":"","sticky":false,"template":"","format":"standard","meta":{"footnotes":""},"categories":[1415],"tags":[1011,27,4171,517,60,1467],"class_list":{"0":"post-63310","1":"post","2":"type-post","3":"status-publish","4":"format-standard","5":"has-post-thumbnail","7":"category-tennis","8":"tag-fr","9":"tag-france","10":"tag-roland-garros","11":"tag-sport","12":"tag-sports","13":"tag-tennis"},"share_on_mastodon":{"url":"https:\/\/pubeurope.com\/@fr\/114424637245497585","error":""},"_links":{"self":[{"href":"https:\/\/www.europesays.com\/fr\/wp-json\/wp\/v2\/posts\/63310","targetHints":{"allow":["GET"]}}],"collection":[{"href":"https:\/\/www.europesays.com\/fr\/wp-json\/wp\/v2\/posts"}],"about":[{"href":"https:\/\/www.europesays.com\/fr\/wp-json\/wp\/v2\/types\/post"}],"author":[{"embeddable":true,"href":"https:\/\/www.europesays.com\/fr\/wp-json\/wp\/v2\/users\/2"}],"replies":[{"embeddable":true,"href":"https:\/\/www.europesays.com\/fr\/wp-json\/wp\/v2\/comments?post=63310"}],"version-history":[{"count":0,"href":"https:\/\/www.europesays.com\/fr\/wp-json\/wp\/v2\/posts\/63310\/revisions"}],"wp:featuredmedia":[{"embeddable":true,"href":"https:\/\/www.europesays.com\/fr\/wp-json\/wp\/v2\/media\/63311"}],"wp:attachment":[{"href":"https:\/\/www.europesays.com\/fr\/wp-json\/wp\/v2\/media?parent=63310"}],"wp:term":[{"taxonomy":"category","embeddable":true,"href":"https:\/\/www.europesays.com\/fr\/wp-json\/wp\/v2\/categories?post=63310"},{"taxonomy":"post_tag","embeddable":true,"href":"https:\/\/www.europesays.com\/fr\/wp-json\/wp\/v2\/tags?post=63310"}],"curies":[{"name":"wp","href":"https:\/\/api.w.org\/{rel}","templated":true}]}}