{"id":633104,"date":"2025-12-31T23:21:12","date_gmt":"2025-12-31T23:21:12","guid":{"rendered":"https:\/\/www.europesays.com\/fr\/633104\/"},"modified":"2025-12-31T23:21:12","modified_gmt":"2025-12-31T23:21:12","slug":"le-reveillon-ensemble-sur-lci-vivez-le-passage-a-la-nouvelle-annee-en-direct-sur-le-canal-15","status":"publish","type":"post","link":"https:\/\/www.europesays.com\/fr\/633104\/","title":{"rendered":"Le r\u00e9veillon ensemble sur LCI : vivez le passage \u00e0 la nouvelle ann\u00e9e en direct sur le canal 15"},"content":{"rendered":"<ul class=\"jsx-862013697 ArticleChapo__List\">\n<li class=\"jsx-862013697 ArticleChapo__List_Item flex\">Ce mercredi 31 d\u00e9cembre, la page 2025 se tourne, place \u00e0 2026.<\/li>\n<li class=\"jsx-862013697 ArticleChapo__List_Item flex\">Sur LCI \u00e0 23h45, nous vous proposons de vivre ce moment en notre compagnie.<\/li>\n<\/ul>\n<p data-module=\"article-paragraph\" class=\"jsx-157965717 Paragraph\">Apr\u00e8s que <a href=\"https:\/\/www.tf1info.fr\/international\/reveillon-nouvel-an-quel-est-ce-micro-etat-du-pacifique-qui-a-bascule-en-premier-en-2026-2415885.html\" target=\"_blank\" rel=\"noopener\">les Kiribati dans l&rsquo;oc\u00e9an Pacifique<\/a> ont ouvert le bal, la France bascule en 2026. \u00c0 Paris, s&rsquo;il n&rsquo;y a<a href=\"https:\/\/www.tf1info.fr\/justice-faits-divers\/fete-de-fin-d-annee-concert-annule-sur-les-champs-elysees-et-mesures-de-securite-renforcees-sur-les-marches-de-noel-2410609.html\" target=\"_blank\" rel=\"noopener\"> pas de grand concert<\/a>, pour des raisons de s\u00e9curit\u00e9, des festivit\u00e9s majestueuses sont attendues sur les Champs-\u00c9lys\u00e9es. L&rsquo;Arc de Triomphe se transformera en \u00e9cran g\u00e9ant pour un mapping monumental, avant le traditionnel feu d\u2019artifice.<\/p>\n<p data-module=\"article-paragraph\" class=\"jsx-157965717 Paragraph Paragraph__End\">Le public a pu se rassembler sur la plus belle avenue du monde depuis 19h. \u00c0 Paris et en petite couronne, ce sont quelque 10.000 forces de s\u00e9curit\u00e9 int\u00e9rieure qui sont mobilis\u00e9es \u00e0 l&rsquo;occasion de la Saint-Sylvestre. Durant cette nuit du 31 d\u00e9cembre, 90.000 membres des forces de l&rsquo;ordre sont \u00e0 pied d&rsquo;\u0153uvre sur l&rsquo;ensemble du territoire fran\u00e7ais.\u00a0<\/p>\n<p>La r\u00e9daction de TF1info<\/p>\n","protected":false},"excerpt":{"rendered":"Ce mercredi 31 d\u00e9cembre, la page 2025 se tourne, place \u00e0 2026. Sur LCI \u00e0 23h45, nous vous&hellip;\n","protected":false},"author":2,"featured_media":633105,"comment_status":"","ping_status":"","sticky":false,"template":"","format":"standard","meta":{"footnotes":""},"categories":[1888],"tags":[1111,1928,11,1927,1921,1777,674,1011,27,1922,12,1926,39117,626,1925,25,133,5010],"class_list":{"0":"post-633104","1":"post","2":"type-post","3":"status-publish","4":"format-standard","5":"has-post-thumbnail","7":"category-paris","8":"tag-actu","9":"tag-actu-paris","10":"tag-actualites","11":"tag-actualites-paris","12":"tag-article-video","13":"tag-eu","14":"tag-europe","15":"tag-fr","16":"tag-france","17":"tag-info","18":"tag-news","19":"tag-news-paris","20":"tag-nouvel-an","21":"tag-paris","22":"tag-paris-news","23":"tag-republique-francaise","24":"tag-video","25":"tag-video-sujets-de-societe"},"share_on_mastodon":{"url":"https:\/\/pubeurope.com\/@fr\/115816751803423774","error":""},"_links":{"self":[{"href":"https:\/\/www.europesays.com\/fr\/wp-json\/wp\/v2\/posts\/633104","targetHints":{"allow":["GET"]}}],"collection":[{"href":"https:\/\/www.europesays.com\/fr\/wp-json\/wp\/v2\/posts"}],"about":[{"href":"https:\/\/www.europesays.com\/fr\/wp-json\/wp\/v2\/types\/post"}],"author":[{"embeddable":true,"href":"https:\/\/www.europesays.com\/fr\/wp-json\/wp\/v2\/users\/2"}],"replies":[{"embeddable":true,"href":"https:\/\/www.europesays.com\/fr\/wp-json\/wp\/v2\/comments?post=633104"}],"version-history":[{"count":0,"href":"https:\/\/www.europesays.com\/fr\/wp-json\/wp\/v2\/posts\/633104\/revisions"}],"wp:featuredmedia":[{"embeddable":true,"href":"https:\/\/www.europesays.com\/fr\/wp-json\/wp\/v2\/media\/633105"}],"wp:attachment":[{"href":"https:\/\/www.europesays.com\/fr\/wp-json\/wp\/v2\/media?parent=633104"}],"wp:term":[{"taxonomy":"category","embeddable":true,"href":"https:\/\/www.europesays.com\/fr\/wp-json\/wp\/v2\/categories?post=633104"},{"taxonomy":"post_tag","embeddable":true,"href":"https:\/\/www.europesays.com\/fr\/wp-json\/wp\/v2\/tags?post=633104"}],"curies":[{"name":"wp","href":"https:\/\/api.w.org\/{rel}","templated":true}]}}