{"id":633110,"date":"2025-12-31T23:24:11","date_gmt":"2025-12-31T23:24:11","guid":{"rendered":"https:\/\/www.europesays.com\/fr\/633110\/"},"modified":"2025-12-31T23:24:11","modified_gmt":"2025-12-31T23:24:11","slug":"jacqueline-de-ribes-la-derniere-reine-de-paris-est-morte-a-96-ans-2","status":"publish","type":"post","link":"https:\/\/www.europesays.com\/fr\/633110\/","title":{"rendered":"Jacqueline de Ribes, la \u00ab\u00a0derni\u00e8re reine de Paris\u00a0\u00bb, est morte \u00e0 96\u00a0ans"},"content":{"rendered":"<p>        <img decoding=\"async\" loading=\"lazy\" src=\"https:\/\/www.europesays.com\/fr\/wp-content\/uploads\/2025\/12\/b4d9fa6_upload-1-adtvpj9mamjk-afp-20161008-farang2772917491g-v1-highres-farang2772917491g.jpg\"  width=\"728\" height=\"409\" alt=\"Jacqueline de Ribes, ici photographi\u00e9e \u00e0 Milan, en Italie, en mars 1961.\"\/>  <\/p>\n<p>Bridgeman Images via AFP<\/p>\n<p>Jacqueline de Ribes, ici photographi\u00e9e \u00e0 Milan, en Italie, en mars 1961.<\/p>\n<p class=\"asset asset-text\">Surnomm\u00e9e la \u00ab\u00a0derni\u00e8re reine de Paris\u00a0\u00bb, la comtesse Jacqueline de Ribes, styliste, femme d\u2019affaires, figure de la jet-set et symbole de l\u2019\u00e9l\u00e9gance parisienne, en particulier aux \u00c9tats-Unis, est d\u00e9c\u00e9d\u00e9e en Suisse mardi 30\u00a0d\u00e9cembre \u00e0 l\u2019\u00e2ge de 96\u00a0ans.<\/p>\n<p class=\"asset asset-text\">Amie d\u2019Yves Saint Laurent et de Valentino, m\u00e9c\u00e8ne et philanthrope, elle avait eu les honneurs du Metropolitan Museum de New York en 2015 pour une exposition pr\u00e9sentant une soixantaine d\u2019ensembles, haute couture ou pr\u00eat-\u00e0-porter &#8211; les plus anciens datant de 1962 -, conserv\u00e9s par \u00ab\u00a0la derni\u00e8re reine de Paris\u00a0\u00bb.<\/p>\n<p> La lecture de ce contenu est susceptible d\u2019entra\u00eener un d\u00e9p\u00f4t de cookies de la part de l\u2019op\u00e9rateur tiers qui l\u2019h\u00e9berge. Compte-tenu des choix que vous avez exprim\u00e9s en mati\u00e8re de d\u00e9p\u00f4t de cookies, nous avons bloqu\u00e9 l\u2019affichage de ce contenu. Si vous souhaitez y acc\u00e9der, vous devez accepter la cat\u00e9gorie de cookies \u201cContenus tiers\u201d en cliquant sur le bouton ci-dessous. <\/p>\n<p> Lire la Vid\u00e9o        <\/p>\n<p class=\"asset asset-text\">D\u00e8s 1956, Jacqueline de Ribes figura dans la liste des femmes les mieux habill\u00e9es au monde. En 1962, elle a \u00e9t\u00e9 \u00e9lue au \u00ab\u00a0Hall of Fame\u00a0\u00bb (panth\u00e9on) de la mode et c\u00e9l\u00e9br\u00e9e par les plus grands photographes de mode.<\/p>\n<p>    Les encouragements d\u2019Yves Saint Laurent    <\/p>\n<p class=\"asset asset-text\">N\u00e9e Jacqueline de La Bonnini\u00e8re de Beaumont le 14\u00a0juillet\u00a01929, l\u2019aristocrate, \u00e9prise de libert\u00e9 et passionn\u00e9e de mode depuis l\u2019enfance, \u00e9pouse \u00e0 19\u00a0ans le vicomte puis comte \u00c9douard de Ribes (1923-2013).<\/p>\n<p class=\"asset asset-text\">En 1962, elle s\u2019essaie successivement au journalisme, au th\u00e9\u00e2tre, \u00e0 la t\u00e9l\u00e9vision ou au design d\u2019int\u00e9rieur, et annonce \u00e0 ses proches qu\u2019elle va cr\u00e9er sa propre maison de couture, port\u00e9e par les encouragements d\u2019Yves Saint Laurent, dont elle est une cliente.<\/p>\n<p class=\"asset asset-text\">Sa premi\u00e8re collection est ovationn\u00e9e par la presse internationale et les \u00c9tats-Unis deviennent rapidement son premier march\u00e9. Elle dirigera sa maison de couture jusqu\u2019en 1995, avant d\u2019arr\u00eater pour raisons de sant\u00e9.<\/p>\n<p class=\"asset asset-text\">Fin 2019, la dispersion des \u0153uvres de la collection amass\u00e9e avec son \u00e9poux avait r\u00e9colt\u00e9 22,8\u00a0millions d\u2019euros chez Sotheby\u2019s France, avec notamment des pr\u00e9emptions venues du Louvre et du ch\u00e2teau de Versailles.<\/p>\n","protected":false},"excerpt":{"rendered":"Bridgeman Images via AFP Jacqueline de Ribes, ici photographi\u00e9e \u00e0 Milan, en Italie, en mars 1961. Surnomm\u00e9e la&hellip;\n","protected":false},"author":2,"featured_media":633111,"comment_status":"","ping_status":"","sticky":false,"template":"","format":"standard","meta":{"footnotes":""},"categories":[1888],"tags":[11,251,1777,674,1011,27,985,4849,12,626,973,25],"class_list":{"0":"post-633110","1":"post","2":"type-post","3":"status-publish","4":"format-standard","5":"has-post-thumbnail","7":"category-paris","8":"tag-actualites","9":"tag-culture","10":"tag-eu","11":"tag-europe","12":"tag-fr","13":"tag-france","14":"tag-mode","15":"tag-morts-en-2025","16":"tag-news","17":"tag-paris","18":"tag-people","19":"tag-republique-francaise"},"share_on_mastodon":{"url":"https:\/\/pubeurope.com\/@fr\/115816763484373974","error":""},"_links":{"self":[{"href":"https:\/\/www.europesays.com\/fr\/wp-json\/wp\/v2\/posts\/633110","targetHints":{"allow":["GET"]}}],"collection":[{"href":"https:\/\/www.europesays.com\/fr\/wp-json\/wp\/v2\/posts"}],"about":[{"href":"https:\/\/www.europesays.com\/fr\/wp-json\/wp\/v2\/types\/post"}],"author":[{"embeddable":true,"href":"https:\/\/www.europesays.com\/fr\/wp-json\/wp\/v2\/users\/2"}],"replies":[{"embeddable":true,"href":"https:\/\/www.europesays.com\/fr\/wp-json\/wp\/v2\/comments?post=633110"}],"version-history":[{"count":0,"href":"https:\/\/www.europesays.com\/fr\/wp-json\/wp\/v2\/posts\/633110\/revisions"}],"wp:featuredmedia":[{"embeddable":true,"href":"https:\/\/www.europesays.com\/fr\/wp-json\/wp\/v2\/media\/633111"}],"wp:attachment":[{"href":"https:\/\/www.europesays.com\/fr\/wp-json\/wp\/v2\/media?parent=633110"}],"wp:term":[{"taxonomy":"category","embeddable":true,"href":"https:\/\/www.europesays.com\/fr\/wp-json\/wp\/v2\/categories?post=633110"},{"taxonomy":"post_tag","embeddable":true,"href":"https:\/\/www.europesays.com\/fr\/wp-json\/wp\/v2\/tags?post=633110"}],"curies":[{"name":"wp","href":"https:\/\/api.w.org\/{rel}","templated":true}]}}