{"id":633112,"date":"2025-12-31T23:25:16","date_gmt":"2025-12-31T23:25:16","guid":{"rendered":"https:\/\/www.europesays.com\/fr\/633112\/"},"modified":"2025-12-31T23:25:16","modified_gmt":"2025-12-31T23:25:16","slug":"dans-ses-voeux-pour-2026-poutine-exhorte-les-russes-a-croire-en-une-victoire-russe-en-ukraine-31-12-2025-a-2209","status":"publish","type":"post","link":"https:\/\/www.europesays.com\/fr\/633112\/","title":{"rendered":"Dans ses v\u0153ux pour 2026, Poutine exhorte les Russes \u00e0 croire en une \u00ab\u00a0victoire\u00a0\u00bb russe en Ukraine &#8211; 31\/12\/2025 \u00e0 22:09"},"content":{"rendered":"<p>\n Le pr\u00e9sident Vladimir Poutine a exhort\u00e9 les Russes \u00e0 croire en la victoire en Ukraine mercredi lors de son discours annuel du nouvel an, apr\u00e8s presque quatre ans de conflit.\n<\/p>\n<p>\n L&rsquo;ann\u00e9e 2026 va d\u00e9buter alors qu&rsquo;une issue diplomatique au conflit en Ukraine, le plus meurtrier en Europe depuis le Deuxi\u00e8me Guerre mondiale, semble toujours tr\u00e8s incertaine, du moins \u00e0 court terme, malgr\u00e9 les pressions am\u00e9ricaines.\n<\/p>\n<p>\n Sur le front, les troupes du Kremlin, plus nombreuses, continuent d&rsquo;attaquer et de grignoter du terrain, et Moscou accuse Kiev d&rsquo;avoir men\u00e9 une attaque de drones contre une r\u00e9sidence du pr\u00e9sident russe, faisant craindre un blocage des pourparlers.\n<\/p>\n<p>\n L&rsquo;envoy\u00e9 sp\u00e9cial am\u00e9ricain Steve Witkoff a annonc\u00e9 mercredi avoir discut\u00e9 avec de hauts responsables ukrainiens, dont le n\u00e9gociateur en chef de Kiev, Roustem Oumerov, et des conseillers europ\u00e9ens en mati\u00e8re de s\u00e9curit\u00e9 de la fa\u00e7on de relancer les efforts de paix pendant la nouvelle ann\u00e9e, affirmant qu&rsquo;un \u00ab\u00a0travail important\u00a0\u00bb restait \u00e0 accomplir.\n<\/p>\n<p>\n Dans son allocution t\u00e9l\u00e9vis\u00e9e, qui a dur\u00e9 un peu plus de trois minutes, M. Poutine s&rsquo;est adress\u00e9 aux soldats russes participant \u00e0 \u00ab\u00a0l&rsquo;op\u00e9ration militaire sp\u00e9ciale\u00a0\u00bb en Ukraine lanc\u00e9e en f\u00e9vrier 2022.\n<\/p>\n<p>\n \u00ab\u00a0Nous croyons en vous et en notre victoire!\u00a0\u00bb, a-t-il lanc\u00e9, assurant que ses troupes combattaient \u00ab\u00a0pour leur terre natale, la v\u00e9rit\u00e9 et la justice\u00a0\u00bb.\n<\/p>\n<p>\n Cette allocution marquait symboliquement les 26 ans de son arriv\u00e9e au pouvoir : le 31 d\u00e9cembre 1999, son pr\u00e9d\u00e9cesseur, Boris Eltsine, avait annonc\u00e9 sa d\u00e9mission et la nomination de Vladimir Poutine comme pr\u00e9sident par int\u00e9rim.\n<\/p>\n<p> &#8211; \u00ab\u00a0D\u00e9railler\u00a0\u00bb &#8211;<\/p>\n<p>\n Mercredi, l&rsquo;arm\u00e9e russe a r\u00e9it\u00e9r\u00e9 ses accusations affirmant que l&rsquo;Ukraine avait attaqu\u00e9 avec des drones une r\u00e9sidence de Vladimir Poutine, publiant une vid\u00e9o montrant un appareil qui aurait \u00e9t\u00e9 abattu lors de cette attaque &#8211; vid\u00e9o que Kiev d\u00e9nonce comme mensong\u00e8re.\n<\/p>\n<p>\n Moscou accuse Kiev d&rsquo;avoir vis\u00e9 avec 91 drones, dans la nuit de dimanche \u00e0 lundi, une r\u00e9sidence hautement s\u00e9curis\u00e9e de Vladimir Poutine situ\u00e9e \u00e0 Valda\u00ef, entre Moscou et Saint-P\u00e9tersbourg.\n<\/p>\n<p>\n L&rsquo;Ukraine a d\u00e9menti, point\u00e9 une absence de preuve et soutenu que Moscou cherchait par ce biais \u00e0 justifier un blocage des n\u00e9gociations visant \u00e0 mettre fin au conflit.\n<\/p>\n<p>\n La cheffe de la diplomatie europ\u00e9enne, Kaja Kallas, a accus\u00e9 mercredi la Russie de chercher \u00e0 faire \u00ab\u00a0d\u00e9railler\u00a0\u00bb les efforts de paix en avan\u00e7ant des accusations \u00ab\u00a0infond\u00e9es\u00a0\u00bb.\n<\/p>\n<p>\n Ces accusations jettent en effet le doute sur la poursuite des tractations diplomatiques engag\u00e9es depuis novembre.\n<\/p>\n<p>\n Le porte-parole du Kremlin, Dmitri Peskov, a pr\u00e9venu mardi que \u00ab\u00a0les cons\u00e9quences (de cette attaque) se traduir(aie)nt par un durcissement de la position de n\u00e9gociation de la F\u00e9d\u00e9ration de Russie\u00a0\u00bb.\n<\/p>\n<p>\n L&rsquo;arm\u00e9e russe a publi\u00e9 mercredi une carte montrant la trajectoire des engins lanc\u00e9s lors de cette attaque pr\u00e9sum\u00e9e, ainsi que le t\u00e9moignage d&rsquo;un homme pr\u00e9sent\u00e9 comme un habitant d&rsquo;un village situ\u00e9 pr\u00e8s de cette r\u00e9sidence du pr\u00e9sident russe.\n<\/p>\n<p>\n Pour sa part, l&rsquo;Institut am\u00e9ricain pour l&rsquo;\u00e9tude de la guerre (ISW), qui documente les combats entre la Russie et l&rsquo;Ukraine, a \u00e9galement mis en doute la v\u00e9racit\u00e9 de cette attaque.\n<\/p>\n<p>\n Il a indiqu\u00e9 mardi n&rsquo;avoir pas vu d&rsquo;images amateurs ou de m\u00e9dias russes qui sont \u00ab\u00a0d&rsquo;habitude\u00a0\u00bb publi\u00e9es apr\u00e8s \u00ab\u00a0des frappes ukrainiennes en profondeur\u00a0\u00bb en Russie, comme celle qui aurait vis\u00e9 l&rsquo;une des r\u00e9sidences de Vladimir Poutine.\n<\/p>\n<p>\n En riposte aux bombardements russes, Kiev m\u00e8ne r\u00e9guli\u00e8rement des attaques de drones en Russie, parfois tr\u00e8s loin de ses fronti\u00e8res. Ces attaques sont habituellement corrobor\u00e9es sur place par des m\u00e9dias locaux ou des cha\u00eenes Telegram.\n<\/p>\n<p> &#8211; \u00ab\u00a0Qu&rsquo;il y ait de la lumi\u00e8re\u00a0\u00bb &#8211;<\/p>\n<p>\n Cet automne, les frappes russes ont \u00e0 nouveau d\u00e9vast\u00e9 le r\u00e9seau \u00e9nerg\u00e9tique ukrainien, d\u00e9j\u00e0 endommag\u00e9 lors de pr\u00e9c\u00e9dentes vagues de bombardements depuis 2022.\n<\/p>\n<p>\n Des centaines de milliers de personnes subissent r\u00e9guli\u00e8rement des coupures de courant et de chauffage, parfois sur de longues p\u00e9riodes.\n<\/p>\n<p>\n A Vychgorod, pr\u00e8s de Kiev, Daria Louchtchyk, a racont\u00e9 mercredi \u00e0 l&rsquo;AFP avoir \u00e9t\u00e9 priv\u00e9e d&rsquo;\u00e9lectricit\u00e9, d&rsquo;eau et de chauffage pendant cinq jours, par des temp\u00e9ratures allant jusqu&rsquo;\u00e0 -13\u00b0C.\n<\/p>\n<p>\n Elle tient un salon de beaut\u00e9 o\u00f9 elle a continu\u00e9 \u00e0 accueillir des femmes souhaitant se faire belles pour le r\u00e9veillon, utilisant le mode \u00ab\u00a0torche\u00a0\u00bb de t\u00e9l\u00e9phone et des bougies comme source d&rsquo;\u00e9clairage.\n<\/p>\n<p>\n \u00ab\u00a0Tout le monde s&rsquo;est adapt\u00e9 et comprend que s&rsquo;arr\u00eater n&rsquo;est pas une option\u00a0\u00bb, dit-elle. R\u00e9cemment, un drone russe a survol\u00e9 son commerce, suscitant une br\u00e8ve \u00ab\u00a0crise de panique\u00a0\u00bb parmi ses clientes.\n<\/p>\n<p>\n Neolina, une retrait\u00e9e ukrainienne vivant \u00e0 Vychgorod, confie n&rsquo;avoir qu&rsquo;un seul souhait pour 2026: \u00ab\u00a0Qu&rsquo;il y ait de la lumi\u00e8re. Puis tout le reste suivra\u00a0\u00bb.<\/p>\n","protected":false},"excerpt":{"rendered":"Le pr\u00e9sident Vladimir Poutine a exhort\u00e9 les Russes \u00e0 croire en la victoire en Ukraine mercredi lors de&hellip;\n","protected":false},"author":2,"featured_media":2486,"comment_status":"","ping_status":"","sticky":false,"template":"","format":"standard","meta":{"footnotes":""},"categories":[1591],"tags":[400,11,398,408,405,1887,403,402,399,404,12,1885,1886,132,401,406,407],"class_list":{"0":"post-633112","1":"post","2":"type-post","3":"status-publish","4":"format-standard","5":"has-post-thumbnail","7":"category-russie","8":"tag-action-cac-40","9":"tag-actualites","10":"tag-bourse-de-paris","11":"tag-boursorama","12":"tag-cotations","13":"tag-federation-de-russie","14":"tag-indices-devises","15":"tag-investir","16":"tag-investissement","17":"tag-marche-boursier","18":"tag-news","19":"tag-russia","20":"tag-russian-federation","21":"tag-russie","22":"tag-sicav","23":"tag-trackers","24":"tag-warrants"},"share_on_mastodon":{"url":"https:\/\/pubeurope.com\/@fr\/115816767411022900","error":""},"_links":{"self":[{"href":"https:\/\/www.europesays.com\/fr\/wp-json\/wp\/v2\/posts\/633112","targetHints":{"allow":["GET"]}}],"collection":[{"href":"https:\/\/www.europesays.com\/fr\/wp-json\/wp\/v2\/posts"}],"about":[{"href":"https:\/\/www.europesays.com\/fr\/wp-json\/wp\/v2\/types\/post"}],"author":[{"embeddable":true,"href":"https:\/\/www.europesays.com\/fr\/wp-json\/wp\/v2\/users\/2"}],"replies":[{"embeddable":true,"href":"https:\/\/www.europesays.com\/fr\/wp-json\/wp\/v2\/comments?post=633112"}],"version-history":[{"count":0,"href":"https:\/\/www.europesays.com\/fr\/wp-json\/wp\/v2\/posts\/633112\/revisions"}],"wp:featuredmedia":[{"embeddable":true,"href":"https:\/\/www.europesays.com\/fr\/wp-json\/wp\/v2\/media\/2486"}],"wp:attachment":[{"href":"https:\/\/www.europesays.com\/fr\/wp-json\/wp\/v2\/media?parent=633112"}],"wp:term":[{"taxonomy":"category","embeddable":true,"href":"https:\/\/www.europesays.com\/fr\/wp-json\/wp\/v2\/categories?post=633112"},{"taxonomy":"post_tag","embeddable":true,"href":"https:\/\/www.europesays.com\/fr\/wp-json\/wp\/v2\/tags?post=633112"}],"curies":[{"name":"wp","href":"https:\/\/api.w.org\/{rel}","templated":true}]}}