{"id":633134,"date":"2025-12-31T23:42:10","date_gmt":"2025-12-31T23:42:10","guid":{"rendered":"https:\/\/www.europesays.com\/fr\/633134\/"},"modified":"2025-12-31T23:42:10","modified_gmt":"2025-12-31T23:42:10","slug":"challenge-dv-la-consecration-pour-louis-hardouin-actualite","status":"publish","type":"post","link":"https:\/\/www.europesays.com\/fr\/633134\/","title":{"rendered":"Challenge DV : La cons\u00e9cration pour Louis Hardouin &#8211; Actualit\u00e9"},"content":{"rendered":"<p>Le bulletin de notes de <strong><a href=\"https:\/\/www.directvelo.com\/coureur\/33707\/louis-hardouin\" target=\"_blank\" rel=\"noopener\">Louis Hardouin<\/a><\/strong> peut afficher un 10\/10 \u00e0 la fin de la saison. Dix victoires, des Boucles Gu\u00e9gonnaises \u00e0 Paris-Bourges, la premi\u00e8re place finale du Challenge DV Amateur et un contrat chez les pros, chez Van Rysel Roubaix pour le soci\u00e9taire du Guidon Chalettois. Mais la premi\u00e8re place a \u00e9t\u00e9 disput\u00e9e avec Matthew Fox.<\/p>\n<p>L&rsquo;Australien du VC Rouen 76 avait pris quelques longueurs d&rsquo;avance en d\u00e9but de saison avec sa victoire aux Plages vend\u00e9ennes, \u00e0 la Barre-de-Monts. Symboliquement, le futur n\u00e9o-pro de Lotto-Intermarch\u00e9 s&rsquo;impose au Grand Prix d&rsquo;ouverture de Saint-Hilaire-du-Harcou\u00ebt devant Louis Hardouin. Ce jour-l\u00e0, Simon Millon termine 4e. Le co\u00e9quipier de Louis Hardouin va mourir brutalement apr\u00e8s les Boucles Gu\u00e9gonnaises, <strong><a href=\"https:\/\/www.directvelo.com\/actualite\/119730\/louis-hardouin-je-donnerais-volontiers-la-victoire-pour-le-ramener\" target=\"_blank\" rel=\"noopener\">laissant ses camarades d\u00e9sempar\u00e9s<\/a><\/strong>. Le coureur du VC Rouen 76 va encha\u00eener les victoires au mois de mars, avec le Souvenir Louison-Bobet et le Bousquet. Il prend la t\u00eate du Challenge DirectVelo \u00e0 Tom Mainguenaud.<\/p>\n<p>Matthew Fox va rester en t\u00eate jusqu&rsquo;au mois de juillet. Malgr\u00e9 deux victoires en juillet, au Tour du Pays Roannais et au Tour des Deux-S\u00e8vres, l&rsquo;Australien ne relance pas assez la machine. Louis Hardouin, vainqueur du Grand Prix de Cours-la-Ville en Coupe de France grignote son retard. Il bascule en t\u00eate apr\u00e8s sa victoire \u00e0 Monts\u00fbrs dans le Challenge Mayennais. Le coureur du <strong><a href=\"https:\/\/www.directvelo.com\/equipe\/40\/guidon-chalettois\" target=\"_blank\" rel=\"noopener\">Guidon Chalettois<\/a><\/strong> ne l\u00e2chera plus jamais le manche.<\/p>\n<p>Suivez le classement du Challenge DV Amateur <a href=\"https:\/\/www.directvelo.com\/challenge\/coureur\/2025\/10#challenge\" target=\"_blank\" rel=\"noopener\"><strong>en cliquant ici<\/strong><\/a>.<\/p>\n<p><strong>Classement individuel du Challenge DV Amateur<\/strong> :<\/p>\n<p><strong>Palmar\u00e8s du Challenge DV Amateur<\/strong> :<\/p>\n<p>2011 : Arnaud D\u00e9mare (CC Nogent-sur-Oise) 1894 pts<br \/>2012 : Warren Barguil (CC Etupes) 2042 pts<br \/>2013 : Beno\u00eet Sinner (Arm\u00e9e de Terre) 1620 pts<br \/>2014 : Yann Guyot (Arm\u00e9e de Terre) 1855 pts<br \/>2015 : Romain Cardis (Vend\u00e9e U) 1579 pts<br \/>2016 : David Gaudu (C\u00f4tes d&rsquo;Armor-Marie Morin) 1493 pts<br \/>2017 : Fabien Schmidt (C\u00f4tes d&rsquo;Armor-Marie Morin) 1741 pts<br \/>2018 : Geoffrey Bouchard (CR4C Roanne) 1686 pts<br \/>2019 : J\u00e9r\u00e9my Cabot (SCO Dijon-Team Mat\u00e9riel-velo.com) 2123 pts<br \/>2020 : Cl\u00e9ment Carisey (Team Pro Immo Nicolas Roux) 899 pts<br \/>2021 : Karl Patrick Lauk (Team Pro Immo Nicolas Roux) 1471 pts<br \/>2022 : Emilien Jeanni\u00e8re (Vend\u00e9e U) 1752 pts<br \/>2023 : Florian Dauphin (Cr\u00e9&rsquo;Actuel-Marie Morin-U 22) 1885 pts<br \/>2024 : Jonas Geens (Morbihan-Adrias-Gwendal Oliveux) 1323 pts<br \/>2025 : Louis Hardouin (Guidon Chalettois) 1448 pts<\/p>\n<p>Le coureur le plus prolifique de cette ann\u00e9e est K\u00e9vin Le Cunff. Sous le maillot du Team Madras Capesterre Belle-Eau, le Champion de Guadeloupe s&rsquo;est impos\u00e9 20 fois en 2025.<\/p>\n","protected":false},"excerpt":{"rendered":"Le bulletin de notes de Louis Hardouin peut afficher un 10\/10 \u00e0 la fin de la saison. Dix&hellip;\n","protected":false},"author":2,"featured_media":633135,"comment_status":"","ping_status":"","sticky":false,"template":"","format":"standard","meta":{"footnotes":""},"categories":[1411],"tags":[834,828,836,829,837,827,83,826,824,823,1154,207,814,817,815,816,822,821,832,211,839,1011,27,820,818,819,835,831,830,833,838,60,212,208,825],"class_list":{"0":"post-633134","1":"post","2":"type-post","3":"status-publish","4":"format-standard","5":"has-post-thumbnail","7":"category-cyclisme","8":"tag-attaque","9":"tag-belgique","10":"tag-braquet","11":"tag-bretagne","12":"tag-chute","13":"tag-competition","14":"tag-coupe-de-france","15":"tag-coureur","16":"tag-course-cyclisme","17":"tag-course-cycliste","18":"tag-cycling","19":"tag-cyclisme","20":"tag-direct","21":"tag-direct-velo","22":"tag-directvelo","23":"tag-directvelo-com","24":"tag-epreuve","25":"tag-epreuve-cycliste","26":"tag-federation-francaise-de-cyclisme","27":"tag-ffc","28":"tag-flandres","29":"tag-fr","30":"tag-france","31":"tag-live","32":"tag-live-course","33":"tag-live-epreuve","34":"tag-peloton","35":"tag-radio-peloton","36":"tag-radio-tour","37":"tag-ravitaillement","38":"tag-relance","39":"tag-sports","40":"tag-uci","41":"tag-velo","42":"tag-velos"},"share_on_mastodon":{"url":"https:\/\/pubeurope.com\/@fr\/115816834414618050","error":""},"_links":{"self":[{"href":"https:\/\/www.europesays.com\/fr\/wp-json\/wp\/v2\/posts\/633134","targetHints":{"allow":["GET"]}}],"collection":[{"href":"https:\/\/www.europesays.com\/fr\/wp-json\/wp\/v2\/posts"}],"about":[{"href":"https:\/\/www.europesays.com\/fr\/wp-json\/wp\/v2\/types\/post"}],"author":[{"embeddable":true,"href":"https:\/\/www.europesays.com\/fr\/wp-json\/wp\/v2\/users\/2"}],"replies":[{"embeddable":true,"href":"https:\/\/www.europesays.com\/fr\/wp-json\/wp\/v2\/comments?post=633134"}],"version-history":[{"count":0,"href":"https:\/\/www.europesays.com\/fr\/wp-json\/wp\/v2\/posts\/633134\/revisions"}],"wp:featuredmedia":[{"embeddable":true,"href":"https:\/\/www.europesays.com\/fr\/wp-json\/wp\/v2\/media\/633135"}],"wp:attachment":[{"href":"https:\/\/www.europesays.com\/fr\/wp-json\/wp\/v2\/media?parent=633134"}],"wp:term":[{"taxonomy":"category","embeddable":true,"href":"https:\/\/www.europesays.com\/fr\/wp-json\/wp\/v2\/categories?post=633134"},{"taxonomy":"post_tag","embeddable":true,"href":"https:\/\/www.europesays.com\/fr\/wp-json\/wp\/v2\/tags?post=633134"}],"curies":[{"name":"wp","href":"https:\/\/api.w.org\/{rel}","templated":true}]}}