{"id":63314,"date":"2025-04-30T02:51:11","date_gmt":"2025-04-30T02:51:11","guid":{"rendered":"https:\/\/www.europesays.com\/fr\/63314\/"},"modified":"2025-04-30T02:51:11","modified_gmt":"2025-04-30T02:51:11","slug":"arsenal-psg-en-video-le-but-somptueux-de-dembele-qui-a-eteint-lemirates-stadium-le-figaro","status":"publish","type":"post","link":"https:\/\/www.europesays.com\/fr\/63314\/","title":{"rendered":"Arsenal-PSG: en vid\u00e9o, le but somptueux de Demb\u00e9l\u00e9 qui a \u00e9teint l&#039;Emirates Stadium &#8211; Le Figaro"},"content":{"rendered":"<ol>\n<li><a href=\"https:\/\/news.google.com\/rss\/articles\/CBMi4AFBVV95cUxQNThWazUtQXVwdVpqRVBQQXlIRWhSOVNib1NLN3hnZnI3Zm9vQVg5cU9UdG44S3QtYWhhbkxVZDBkMWhyMzF0SDIxXzZ5X1psX3VyWjRnNkRXV3JBZm9pMjYtZGE0N2V5Ui1aNm1CQ1c1ZGhvNFR2VEZVcnBCNU5zQU1kSWJLRFNtM2tfMnpjUVVjUURuMEJUdW5PeThWYkZTYkEzWjFOb1JzQU11cU9NbEtaVmFWSlB6clN6LS1jQkhWUkVvVmtncWZDVmlSZUZFRkRnMUFfMFJSMkNMeGZtLQ?oc=5\" target=\"_blank\" rel=\"noopener\">Arsenal-PSG: en vid\u00e9o, le but somptueux de Demb\u00e9l\u00e9 qui a \u00e9teint l&rsquo;Emirates Stadium<\/a>&nbsp;&nbsp;Le Figaro<\/li>\n<li><a href=\"https:\/\/news.google.com\/rss\/articles\/CBMieEFVX3lxTE83dUNWVl9fOTkwbnFNRzMxaEMwenJXXy1sVmVWTjNCUmFTX2M2VE1GWTlyS05SbUJlM0hqR1c4dXU0dVRNZWlFZHpWZ180MUNIaWNyRVBmU0d5d0pwZ19yZHM4M1FvNUhDNzBDRG81SWptZFZRZ1V3Tw?oc=5\" target=\"_blank\" rel=\"noopener\">DIRECT. Arsenal-PSG : Vivez l&rsquo;apr\u00e8s-match<\/a>&nbsp;&nbsp;L&rsquo;\u00c9quipe<\/li>\n<li><a href=\"https:\/\/news.google.com\/rss\/articles\/CBMigwJBVV95cUxPUTFnZnVFb2JJNng3ZV9KMl9sRE8wZVBNTlpHUXJwSE9rTGxmSTI0MlhLajU2b0hwalBoZU11RGNUZFF2RnJiTGhOWTR4dmJVRkpORmszS244ZzdudE1qckJMWnFGV0hMX2hMeEM0SUJyZkpROGhLRWxWZW9hd24zaXZuUDV4VXBwM2pTRmxQQXhoSGdrNG5wOEt1eVhESDJKQUlnc01SYXRkU1hFeFI0TWlDd1lxUDE1MUpIZ21QeTVCdTRHaHdiamtwbm9GUW1XcVFVeUFWb1I4NkFhMW9kcUNyc1dqVTNZWllvWlpPUFcxZHJiVU9Tbk9TQWtpRVkzQ3Bj?oc=5\" target=\"_blank\" rel=\"noopener\">Arsenal-PSG : Paris prend l\u2019avantage en demi-finale de la Ligue des champions, avec des joueurs-cl\u00e9s retrouv\u00e9s<\/a>&nbsp;&nbsp;Le Monde.fr<\/li>\n<li><a href=\"https:\/\/news.google.com\/rss\/articles\/CBMinAFBVV95cUxQQVNrbE9ERTJJUFRzVjZ2U3JmQmlMZ1BuenBiZWlhYlRGVmJrWUE4a3RSSGtrQWdmNjlxdnRGMzA5d1E1TWtWZ1FaTXo2bmFiN1JEeTZ1aGpVeUtBSEtQaHlmdF9zU0VPOXdJVmpHbkFST2FfVHBpZ2FnTi10VE91aV9zWjBQTFF0TWdteWoySU5sbHI2b0hIMlZCOTk?oc=5\" target=\"_blank\" rel=\"noopener\">Arsenal : la surprenante r\u00e9action de Mikel Arteta<\/a>&nbsp;&nbsp;Foot Mercato<\/li>\n<li><a href=\"https:\/\/news.google.com\/rss\/articles\/CBMijwJBVV95cUxNWTRiRnhoUldmY3JZamlKS3RmMk80NHNicjFXX1JLVG5OS1d5LXlLNURWZjhnbmtHQW1SNEFaVmNlVzNtUHpITFM2T2ZmOGNSSjlKREhMWFJhQmJ0Y293RVQtVlQtS0pwb3BEMkVUdTZWaFByM1FQbjVHZzZmdG9CdnF4Vkp3U2pFVm9hTXhzYWJlWl9uM1Q5MUJDNzhnazQxd29sRU1MYUZtVjRITFlfakxocTJZa2Z3TzVNNGl4T29PSjVYRzE4aXpCc09pU1pNcms0N3QtSUFMNGRuZWhqV0g1OXZtSWg3NUhXSDd0OE1lbFJuRmFDcWRqYXc2OUFldmxKV2hGX1RyT3lVZjdJ?oc=5\" target=\"_blank\" rel=\"noopener\">Luis Enrique : \u00ab On doit profiter du soutien de nos supporters \u00bb<\/a>&nbsp;&nbsp;PSG.FR<\/li>\n<\/ol>\n","protected":false},"excerpt":{"rendered":"Arsenal-PSG: en vid\u00e9o, le but somptueux de Demb\u00e9l\u00e9 qui a \u00e9teint l&rsquo;Emirates Stadium&nbsp;&nbsp;Le Figaro DIRECT. Arsenal-PSG : Vivez&hellip;\n","protected":false},"author":2,"featured_media":63315,"comment_status":"","ping_status":"","sticky":false,"template":"","format":"standard","meta":{"footnotes":""},"categories":[1412],"tags":[4791,786,525,448,1981,1089,814,1451,2257,63,1452,1453,1454,1455,1011,27,2705,447,1307,3490,955,2782,4589,4789,93,4790,1980,60,455],"class_list":{"0":"post-63314","1":"post","2":"type-post","3":"status-publish","4":"format-standard","5":"has-post-thumbnail","7":"category-f1","8":"tag-barcelone","9":"tag-c1","10":"tag-calendrier","11":"tag-champions-league","12":"tag-classement","13":"tag-coupe-deurope","14":"tag-direct","15":"tag-f1","16":"tag-foot","17":"tag-football","18":"tag-formula-1","19":"tag-formula1","20":"tag-formule-1","21":"tag-formule1","22":"tag-fr","23":"tag-france","24":"tag-groupe","25":"tag-ligue-des-champions","26":"tag-lille","27":"tag-liverpool","28":"tag-match","29":"tag-ousmane-dembele","30":"tag-phase-finale","31":"tag-poule","32":"tag-psg","33":"tag-real-madrid","34":"tag-resultats","35":"tag-sports","36":"tag-uefa"},"share_on_mastodon":{"url":"https:\/\/pubeurope.com\/@fr\/114424649513772523","error":""},"_links":{"self":[{"href":"https:\/\/www.europesays.com\/fr\/wp-json\/wp\/v2\/posts\/63314","targetHints":{"allow":["GET"]}}],"collection":[{"href":"https:\/\/www.europesays.com\/fr\/wp-json\/wp\/v2\/posts"}],"about":[{"href":"https:\/\/www.europesays.com\/fr\/wp-json\/wp\/v2\/types\/post"}],"author":[{"embeddable":true,"href":"https:\/\/www.europesays.com\/fr\/wp-json\/wp\/v2\/users\/2"}],"replies":[{"embeddable":true,"href":"https:\/\/www.europesays.com\/fr\/wp-json\/wp\/v2\/comments?post=63314"}],"version-history":[{"count":0,"href":"https:\/\/www.europesays.com\/fr\/wp-json\/wp\/v2\/posts\/63314\/revisions"}],"wp:featuredmedia":[{"embeddable":true,"href":"https:\/\/www.europesays.com\/fr\/wp-json\/wp\/v2\/media\/63315"}],"wp:attachment":[{"href":"https:\/\/www.europesays.com\/fr\/wp-json\/wp\/v2\/media?parent=63314"}],"wp:term":[{"taxonomy":"category","embeddable":true,"href":"https:\/\/www.europesays.com\/fr\/wp-json\/wp\/v2\/categories?post=63314"},{"taxonomy":"post_tag","embeddable":true,"href":"https:\/\/www.europesays.com\/fr\/wp-json\/wp\/v2\/tags?post=63314"}],"curies":[{"name":"wp","href":"https:\/\/api.w.org\/{rel}","templated":true}]}}